{"id":3936,"date":"2026-09-01T09:48:40","date_gmt":"2026-09-01T12:48:40","guid":{"rendered":"https:\/\/www.camarasmunicipal.com.br\/agenda\/prefeitura-abre-concurso-para-professores-com-100-vagas-e-salarios-de-ate-r-4-46861-veja-detalhes\/"},"modified":"2026-09-01T09:48:40","modified_gmt":"2026-09-01T12:48:40","slug":"prefeitura-abre-concurso-para-professores-com-100-vagas-e-salarios-de-ate-r-4-46861-veja-detalhes","status":"publish","type":"post","link":"https:\/\/www.camarasmunicipal.com.br\/agenda\/prefeitura-abre-concurso-para-professores-com-100-vagas-e-salarios-de-ate-r-4-46861-veja-detalhes\/","title":{"rendered":"Prefeitura abre concurso para professores com 100 vagas e sal\u00e1rios de at\u00e9 R$ 4.468,61; veja detalhes"},"content":{"rendered":"<h2>Vagas dispon\u00edveis e sal\u00e1rios oferecidos<\/h2>\n<p>A Prefeitura de Valen\u00e7a, localizada no estado do Rio de Janeiro, anunciou a abertura de um concurso p\u00fablico com o objetivo de contratar professores para a Rede Municipal de Ensino. Este certame disponibiliza um total de 100 vagas, com sal\u00e1rios variados, alcan\u00e7ando at\u00e9 R$ 4.468,62.<\/p>\n<h2>Cargos e Remunera\u00e7\u00f5es<\/h2>\n<p>As oportunidades est\u00e3o distribuidas entre os cargos de Professor III e Professor IV, abrangendo diversas disciplinas. Os candidatos selecionados atuar\u00e3o em uma carga de 30 horas semanais, estruturadas em 20 horas de reg\u00eancia e 10 horas dedicadas a atividades complementares.<\/p>\n<ul>\n<li><strong>Professor III:<\/strong> sal\u00e1rio de R$ 3.650,83, com 70 vagas dispon\u00edveis.<\/li>\n<li><strong>Professor IV:<\/strong> sal\u00e1rio de R$ 4.468,62, com 30 vagas distribu\u00eddas entre as seguintes \u00e1reas:<\/li>\n<\/ul>\n<table>\n<thead>\n<tr>\n<th>\u00c1rea de Atua\u00e7\u00e3o<\/th>\n<th>N\u00famero de Vagas<\/th>\n<\/tr>\n<\/thead>\n<tbody>\n<tr>\n<td>Arte<\/td>\n<td>1<\/td>\n<\/tr>\n<tr>\n<td>Ci\u00eancias da Natureza<\/td>\n<td>5<\/td>\n<\/tr>\n<tr>\n<td>Educa\u00e7\u00e3o F\u00edsica<\/td>\n<td>2<\/td>\n<\/tr>\n<tr>\n<td>Ensino Religioso<\/td>\n<td>1<\/td>\n<\/tr>\n<tr>\n<td>Geografia<\/td>\n<td>4<\/td>\n<\/tr>\n<tr>\n<td>Hist\u00f3ria<\/td>\n<td>4<\/td>\n<\/tr>\n<tr>\n<td>L\u00edngua Inglesa<\/td>\n<td>1<\/td>\n<\/tr>\n<tr>\n<td>L\u00edngua Portuguesa<\/td>\n<td>6<\/td>\n<\/tr>\n<tr>\n<td>Matem\u00e1tica<\/td>\n<td>6<\/td>\n<\/tr>\n<\/tbody>\n<\/table>\n<h2>Crit\u00e9rios para participa\u00e7\u00e3o no concurso<\/h2>\n<p>Os interessados em participar do concurso devem atender a alguns crit\u00e9rios espec\u00edficos, que s\u00e3o comuns em certames p\u00fablicos. \u00c9 necess\u00e1rio que os candidatos possuam a forma\u00e7\u00e3o educacional correspondente ao cargo pretendido, al\u00e9m de demais requisitos estabelecidos no edital.<\/p>\n<p><img decoding=\"async\" src=\"https:\/\/www.camarasmunicipal.com.br\/agenda\/content-wp\/uploads\/2026\/09\/prefeitura-abre-concurso-para-professores-com-100-vagas-e-salarios-de-ate-r-4-468-61-veja-detalhes.webp\" alt=\"concurso para professores\" loading=\"lazy\" \/><\/p>\n<h2>Detalhes sobre o processo de sele\u00e7\u00e3o<\/h2>\n<p>O concurso consistir\u00e1 em uma prova objetiva, que ser\u00e1 de car\u00e1ter eliminat\u00f3rio e classificat\u00f3rio. Al\u00e9m disso, haver\u00e1 uma etapa adicional de avalia\u00e7\u00e3o de t\u00edtulos, que ser\u00e1 utilizada para classificar aqueles que obtiverem desempenho satisfat\u00f3rio na prova.<\/p>\n<h2>Datas importantes para candidatos<\/h2>\n<p>As inscri\u00e7\u00f5es para o concurso ter\u00e3o in\u00edcio no dia 1\u00ba de setembro de 2026, a partir das 10h, e se estender\u00e3o at\u00e9 as 23h do dia 5 de outubro de 2026. Os candidatos selecionados nas provas realizar\u00e3o suas avalia\u00e7\u00f5es objetivas no dia 22 de novembro de 2026.<\/p>\n<h2>Como se inscrever no concurso<\/h2>\n<p>Os interessados devem realizar a inscri\u00e7\u00e3o atrav\u00e9s do site do Instituto Quadrix, que \u00e9 o respons\u00e1vel pela organiza\u00e7\u00e3o do concurso. A taxa de inscri\u00e7\u00e3o \u00e9 de R$ 66 para os cargos de n\u00edvel m\u00e9dio e R$ 68 para os cargos de n\u00edvel superior. Al\u00e9m disso, o edital prev\u00ea a possibilidade de isen\u00e7\u00e3o da taxa para candidatos que atendam aos crit\u00e9rios especificados.<\/p>\n<h2>Informa\u00e7\u00f5es sobre as provas<\/h2>\n<p>As provas objetivas s\u00e3o uma ferramenta essencial para a sele\u00e7\u00e3o dos candidatos, sendo projetadas para avaliar os conhecimentos necess\u00e1rios para a atua\u00e7\u00e3o docente. As avalia\u00e7\u00f5es abordar\u00e3o conte\u00fados relevantes, sendo um reflexo direto das compet\u00eancias exigidas para cada cargo.<\/p>\n<h2>Avalia\u00e7\u00e3o de t\u00edtulos e sua import\u00e2ncia<\/h2>\n<p>A etapa de avalia\u00e7\u00e3o de t\u00edtulos \u00e9 uma oportunidade para os candidatos que possuem forma\u00e7\u00e3o acad\u00eamica e experi\u00eancias adicionais. Este crit\u00e9rio \u00e9 fundamental para a classifica\u00e7\u00e3o final, pois permite que candidatos com conhecimento e habilidades diferenciadas se destaquem no processo seletivo.<\/p>\n<h2>Possibilidade de prorroga\u00e7\u00e3o do concurso<\/h2>\n<p>O concurso ter\u00e1 uma validade de dois anos ap\u00f3s a homologa\u00e7\u00e3o do resultado final, com a possibilidade de ser prorrogado por mais um per\u00edodo id\u00eantico, caso haja necessidade de mais contrata\u00e7\u00f5es na \u00e1rea educacional da cidade.<\/p>\n<h2>O papel da educa\u00e7\u00e3o na cidade<\/h2>\n<p>A educa\u00e7\u00e3o desempenha um papel vital no desenvolvimento de qualquer comunidade. Em Valen\u00e7a, a contrata\u00e7\u00e3o de novos professores visa melhorar a qualidade do ensino, oferecendo experi\u00eancias de aprendizado enriquecedoras para os alunos, o que, por sua vez, pode impactar positivamente a sociedade local.<\/p>\n<h2>Expectativas para os candidatos<\/h2>\n<p>Os candidatos que optarem por participar deste concurso p\u00fablico devem estar preparados para uma concorr\u00eancia acirrada, dado o n\u00famero de vagas dispon\u00edveis e a relev\u00e2ncia da posi\u00e7\u00e3o. Aqueles que se prepararem adequadamente e demonstrarem suas compet\u00eancias na prova ter\u00e3o uma chance maior de sucesso na carreira p\u00fablica.<\/p>\n","protected":false},"excerpt":{"rendered":"<p>Concurso para professores com at\u00e9 R$ 4.468,61 em sal\u00e1rios e 100 vagas dispon\u00edveis.<\/p>\n","protected":false},"author":1,"featured_media":3935,"comment_status":"closed","ping_status":"","sticky":false,"template":"","format":"standard","meta":{"footnotes":""},"categories":[11],"tags":[],"class_list":["post-3936","post","type-post","status-publish","format-standard","has-post-thumbnail","hentry","category-concursos-aprovados","has_thumb"],"yoast_head":"<!-- This site is optimized with the Yoast SEO plugin v27.0 - https:\/\/yoast.com\/product\/yoast-seo-wordpress\/ -->\n<title>Prefeitura abre concurso para professores com 100 vagas e sal\u00e1rios de at\u00e9 R$ 4.468,61; veja detalhes - C\u00e2maraMunicipal.com.br<\/title>\n<meta name=\"robots\" content=\"index, follow, max-snippet:-1, max-image-preview:large, max-video-preview:-1\" \/>\n<link rel=\"canonical\" href=\"https:\/\/www.camarasmunicipal.com.br\/agenda\/prefeitura-abre-concurso-para-professores-com-100-vagas-e-salarios-de-ate-r-4-46861-veja-detalhes\/\" \/>\n<meta property=\"og:locale\" content=\"pt_BR\" \/>\n<meta property=\"og:type\" content=\"article\" \/>\n<meta property=\"og:title\" content=\"Prefeitura abre concurso para professores com 100 vagas e sal\u00e1rios de at\u00e9 R$ 4.468,61; veja detalhes - C\u00e2maraMunicipal.com.br\" \/>\n<meta property=\"og:description\" content=\"Concurso para professores com at\u00e9 R$ 4.468,61 em sal\u00e1rios e 100 vagas dispon\u00edveis.\" \/>\n<meta property=\"og:url\" content=\"https:\/\/www.camarasmunicipal.com.br\/agenda\/prefeitura-abre-concurso-para-professores-com-100-vagas-e-salarios-de-ate-r-4-46861-veja-detalhes\/\" \/>\n<meta property=\"og:site_name\" content=\"C\u00e2maraMunicipal.com.br\" \/>\n<meta property=\"article:published_time\" content=\"2026-09-01T12:48:40+00:00\" \/>\n<meta property=\"og:image\" content=\"https:\/\/www.camarasmunicipal.com.br\/agenda\/content-wp\/uploads\/2026\/09\/banner-concurso-6.webp\" \/>\n\t<meta property=\"og:image:width\" content=\"1\" \/>\n\t<meta property=\"og:image:height\" content=\"1\" \/>\n\t<meta property=\"og:image:type\" content=\"image\/webp\" \/>\n<meta name=\"author\" content=\"Lucas Silva\" \/>\n<meta name=\"twitter:card\" content=\"summary_large_image\" \/>\n<meta name=\"twitter:label1\" content=\"Escrito por\" \/>\n\t<meta name=\"twitter:data1\" content=\"Lucas Silva\" \/>\n\t<meta name=\"twitter:label2\" content=\"Est. tempo de leitura\" \/>\n\t<meta name=\"twitter:data2\" content=\"3 minutos\" \/>\n<script type=\"application\/ld+json\" class=\"yoast-schema-graph\">{\"@context\":\"https:\/\/schema.org\",\"@graph\":[{\"@type\":\"Article\",\"@id\":\"https:\/\/www.camarasmunicipal.com.br\/agenda\/prefeitura-abre-concurso-para-professores-com-100-vagas-e-salarios-de-ate-r-4-46861-veja-detalhes\/#article\",\"isPartOf\":{\"@id\":\"https:\/\/www.camarasmunicipal.com.br\/agenda\/prefeitura-abre-concurso-para-professores-com-100-vagas-e-salarios-de-ate-r-4-46861-veja-detalhes\/\"},\"author\":{\"name\":\"Lucas Silva\",\"@id\":\"https:\/\/www.camaramunicipal.com.br\/agenda\/#\/schema\/person\/b33233bc7bcf00f56cf13c5e8705b814\"},\"headline\":\"Prefeitura abre concurso para professores com 100 vagas e sal\u00e1rios de at\u00e9 R$ 4.468,61; veja detalhes\",\"datePublished\":\"2026-09-01T12:48:40+00:00\",\"mainEntityOfPage\":{\"@id\":\"https:\/\/www.camarasmunicipal.com.br\/agenda\/prefeitura-abre-concurso-para-professores-com-100-vagas-e-salarios-de-ate-r-4-46861-veja-detalhes\/\"},\"wordCount\":659,\"image\":{\"@id\":\"https:\/\/www.camarasmunicipal.com.br\/agenda\/prefeitura-abre-concurso-para-professores-com-100-vagas-e-salarios-de-ate-r-4-46861-veja-detalhes\/#primaryimage\"},\"thumbnailUrl\":\"https:\/\/www.camarasmunicipal.com.br\/agenda\/content-wp\/uploads\/2026\/09\/prefeitura-abre-concurso-para-professores-com-100-vagas-e-salarios-de-ate-r-4-468-61-veja-detalhes.webp\",\"articleSection\":[\"Concursos Aprovados\"],\"inLanguage\":\"pt-BR\"},{\"@type\":\"WebPage\",\"@id\":\"https:\/\/www.camarasmunicipal.com.br\/agenda\/prefeitura-abre-concurso-para-professores-com-100-vagas-e-salarios-de-ate-r-4-46861-veja-detalhes\/\",\"url\":\"https:\/\/www.camarasmunicipal.com.br\/agenda\/prefeitura-abre-concurso-para-professores-com-100-vagas-e-salarios-de-ate-r-4-46861-veja-detalhes\/\",\"name\":\"Prefeitura abre concurso para professores com 100 vagas e sal\u00e1rios de at\u00e9 R$ 4.468,61; veja detalhes - C\u00e2maraMunicipal.com.br\",\"isPartOf\":{\"@id\":\"https:\/\/www.camaramunicipal.com.br\/agenda\/#website\"},\"primaryImageOfPage\":{\"@id\":\"https:\/\/www.camarasmunicipal.com.br\/agenda\/prefeitura-abre-concurso-para-professores-com-100-vagas-e-salarios-de-ate-r-4-46861-veja-detalhes\/#primaryimage\"},\"image\":{\"@id\":\"https:\/\/www.camarasmunicipal.com.br\/agenda\/prefeitura-abre-concurso-para-professores-com-100-vagas-e-salarios-de-ate-r-4-46861-veja-detalhes\/#primaryimage\"},\"thumbnailUrl\":\"https:\/\/www.camarasmunicipal.com.br\/agenda\/content-wp\/uploads\/2026\/09\/prefeitura-abre-concurso-para-professores-com-100-vagas-e-salarios-de-ate-r-4-468-61-veja-detalhes.webp\",\"datePublished\":\"2026-09-01T12:48:40+00:00\",\"author\":{\"@id\":\"https:\/\/www.camaramunicipal.com.br\/agenda\/#\/schema\/person\/b33233bc7bcf00f56cf13c5e8705b814\"},\"breadcrumb\":{\"@id\":\"https:\/\/www.camarasmunicipal.com.br\/agenda\/prefeitura-abre-concurso-para-professores-com-100-vagas-e-salarios-de-ate-r-4-46861-veja-detalhes\/#breadcrumb\"},\"inLanguage\":\"pt-BR\",\"potentialAction\":[{\"@type\":\"ReadAction\",\"target\":[\"https:\/\/www.camarasmunicipal.com.br\/agenda\/prefeitura-abre-concurso-para-professores-com-100-vagas-e-salarios-de-ate-r-4-46861-veja-detalhes\/\"]}]},{\"@type\":\"ImageObject\",\"inLanguage\":\"pt-BR\",\"@id\":\"https:\/\/www.camarasmunicipal.com.br\/agenda\/prefeitura-abre-concurso-para-professores-com-100-vagas-e-salarios-de-ate-r-4-46861-veja-detalhes\/#primaryimage\",\"url\":\"https:\/\/www.camarasmunicipal.com.br\/agenda\/content-wp\/uploads\/2026\/09\/prefeitura-abre-concurso-para-professores-com-100-vagas-e-salarios-de-ate-r-4-468-61-veja-detalhes.webp\",\"contentUrl\":\"https:\/\/www.camarasmunicipal.com.br\/agenda\/content-wp\/uploads\/2026\/09\/prefeitura-abre-concurso-para-professores-com-100-vagas-e-salarios-de-ate-r-4-468-61-veja-detalhes.webp\",\"width\":280,\"height\":280,\"caption\":\"concurso para professores\"},{\"@type\":\"BreadcrumbList\",\"@id\":\"https:\/\/www.camarasmunicipal.com.br\/agenda\/prefeitura-abre-concurso-para-professores-com-100-vagas-e-salarios-de-ate-r-4-46861-veja-detalhes\/#breadcrumb\",\"itemListElement\":[{\"@type\":\"ListItem\",\"position\":1,\"name\":\"In\u00edcio\",\"item\":\"https:\/\/www.camaramunicipal.com.br\/agenda\/\"},{\"@type\":\"ListItem\",\"position\":2,\"name\":\"Prefeitura abre concurso para professores com 100 vagas e sal\u00e1rios de at\u00e9 R$ 4.468,61; veja detalhes\"}]},{\"@type\":\"WebSite\",\"@id\":\"https:\/\/www.camaramunicipal.com.br\/agenda\/#website\",\"url\":\"https:\/\/www.camaramunicipal.com.br\/agenda\/\",\"name\":\"C\u00e2maraMunicipal.com.br\",\"description\":\"C\u00e2mara Municipal\",\"potentialAction\":[{\"@type\":\"SearchAction\",\"target\":{\"@type\":\"EntryPoint\",\"urlTemplate\":\"https:\/\/www.camaramunicipal.com.br\/agenda\/?s={search_term_string}\"},\"query-input\":{\"@type\":\"PropertyValueSpecification\",\"valueRequired\":true,\"valueName\":\"search_term_string\"}}],\"inLanguage\":\"pt-BR\"},{\"@type\":\"Person\",\"@id\":\"https:\/\/www.camaramunicipal.com.br\/agenda\/#\/schema\/person\/b33233bc7bcf00f56cf13c5e8705b814\",\"name\":\"Lucas Silva\",\"image\":{\"@type\":\"ImageObject\",\"inLanguage\":\"pt-BR\",\"@id\":\"https:\/\/www.camaramunicipal.com.br\/agenda\/#\/schema\/person\/image\/\",\"url\":\"https:\/\/secure.gravatar.com\/avatar\/ca2e4cb40c39e0d0bee2b480a0b1693f2920bad4758fd663c8d874d0051d7665?s=96&d=mm&r=g\",\"contentUrl\":\"https:\/\/secure.gravatar.com\/avatar\/ca2e4cb40c39e0d0bee2b480a0b1693f2920bad4758fd663c8d874d0051d7665?s=96&d=mm&r=g\",\"caption\":\"Lucas Silva\"},\"description\":\"\ud83d\udc49 Ol\u00e1, meu nome \u00e9 Lucas Silva, editor do portal CamarasMunicipal.com.br. Sou especializado em concursos p\u00fablicos, trazendo not\u00edcias atualizadas, editais e oportunidades em todo o Brasil.\",\"sameAs\":[\"https:\/\/www.camaramunicipal.com.br\/agenda\/\"],\"url\":\"https:\/\/www.camarasmunicipal.com.br\/agenda\/author\/encontra\/\"}]}<\/script>\n<!-- \/ Yoast SEO plugin. -->","yoast_head_json":{"title":"Prefeitura abre concurso para professores com 100 vagas e sal\u00e1rios de at\u00e9 R$ 4.468,61; veja detalhes - C\u00e2maraMunicipal.com.br","robots":{"index":"index","follow":"follow","max-snippet":"max-snippet:-1","max-image-preview":"max-image-preview:large","max-video-preview":"max-video-preview:-1"},"canonical":"https:\/\/www.camarasmunicipal.com.br\/agenda\/prefeitura-abre-concurso-para-professores-com-100-vagas-e-salarios-de-ate-r-4-46861-veja-detalhes\/","og_locale":"pt_BR","og_type":"article","og_title":"Prefeitura abre concurso para professores com 100 vagas e sal\u00e1rios de at\u00e9 R$ 4.468,61; veja detalhes - C\u00e2maraMunicipal.com.br","og_description":"Concurso para professores com at\u00e9 R$ 4.468,61 em sal\u00e1rios e 100 vagas dispon\u00edveis.","og_url":"https:\/\/www.camarasmunicipal.com.br\/agenda\/prefeitura-abre-concurso-para-professores-com-100-vagas-e-salarios-de-ate-r-4-46861-veja-detalhes\/","og_site_name":"C\u00e2maraMunicipal.com.br","article_published_time":"2026-09-01T12:48:40+00:00","og_image":[{"url":"https:\/\/www.camarasmunicipal.com.br\/agenda\/content-wp\/uploads\/2026\/09\/banner-concurso-6.webp","width":1,"height":1,"type":"image\/webp"}],"author":"Lucas Silva","twitter_card":"summary_large_image","twitter_misc":{"Escrito por":"Lucas Silva","Est. tempo de leitura":"3 minutos"},"schema":{"@context":"https:\/\/schema.org","@graph":[{"@type":"Article","@id":"https:\/\/www.camarasmunicipal.com.br\/agenda\/prefeitura-abre-concurso-para-professores-com-100-vagas-e-salarios-de-ate-r-4-46861-veja-detalhes\/#article","isPartOf":{"@id":"https:\/\/www.camarasmunicipal.com.br\/agenda\/prefeitura-abre-concurso-para-professores-com-100-vagas-e-salarios-de-ate-r-4-46861-veja-detalhes\/"},"author":{"name":"Lucas Silva","@id":"https:\/\/www.camaramunicipal.com.br\/agenda\/#\/schema\/person\/b33233bc7bcf00f56cf13c5e8705b814"},"headline":"Prefeitura abre concurso para professores com 100 vagas e sal\u00e1rios de at\u00e9 R$ 4.468,61; veja detalhes","datePublished":"2026-09-01T12:48:40+00:00","mainEntityOfPage":{"@id":"https:\/\/www.camarasmunicipal.com.br\/agenda\/prefeitura-abre-concurso-para-professores-com-100-vagas-e-salarios-de-ate-r-4-46861-veja-detalhes\/"},"wordCount":659,"image":{"@id":"https:\/\/www.camarasmunicipal.com.br\/agenda\/prefeitura-abre-concurso-para-professores-com-100-vagas-e-salarios-de-ate-r-4-46861-veja-detalhes\/#primaryimage"},"thumbnailUrl":"https:\/\/www.camarasmunicipal.com.br\/agenda\/content-wp\/uploads\/2026\/09\/prefeitura-abre-concurso-para-professores-com-100-vagas-e-salarios-de-ate-r-4-468-61-veja-detalhes.webp","articleSection":["Concursos Aprovados"],"inLanguage":"pt-BR"},{"@type":"WebPage","@id":"https:\/\/www.camarasmunicipal.com.br\/agenda\/prefeitura-abre-concurso-para-professores-com-100-vagas-e-salarios-de-ate-r-4-46861-veja-detalhes\/","url":"https:\/\/www.camarasmunicipal.com.br\/agenda\/prefeitura-abre-concurso-para-professores-com-100-vagas-e-salarios-de-ate-r-4-46861-veja-detalhes\/","name":"Prefeitura abre concurso para professores com 100 vagas e sal\u00e1rios de at\u00e9 R$ 4.468,61; veja detalhes - C\u00e2maraMunicipal.com.br","isPartOf":{"@id":"https:\/\/www.camaramunicipal.com.br\/agenda\/#website"},"primaryImageOfPage":{"@id":"https:\/\/www.camarasmunicipal.com.br\/agenda\/prefeitura-abre-concurso-para-professores-com-100-vagas-e-salarios-de-ate-r-4-46861-veja-detalhes\/#primaryimage"},"image":{"@id":"https:\/\/www.camarasmunicipal.com.br\/agenda\/prefeitura-abre-concurso-para-professores-com-100-vagas-e-salarios-de-ate-r-4-46861-veja-detalhes\/#primaryimage"},"thumbnailUrl":"https:\/\/www.camarasmunicipal.com.br\/agenda\/content-wp\/uploads\/2026\/09\/prefeitura-abre-concurso-para-professores-com-100-vagas-e-salarios-de-ate-r-4-468-61-veja-detalhes.webp","datePublished":"2026-09-01T12:48:40+00:00","author":{"@id":"https:\/\/www.camaramunicipal.com.br\/agenda\/#\/schema\/person\/b33233bc7bcf00f56cf13c5e8705b814"},"breadcrumb":{"@id":"https:\/\/www.camarasmunicipal.com.br\/agenda\/prefeitura-abre-concurso-para-professores-com-100-vagas-e-salarios-de-ate-r-4-46861-veja-detalhes\/#breadcrumb"},"inLanguage":"pt-BR","potentialAction":[{"@type":"ReadAction","target":["https:\/\/www.camarasmunicipal.com.br\/agenda\/prefeitura-abre-concurso-para-professores-com-100-vagas-e-salarios-de-ate-r-4-46861-veja-detalhes\/"]}]},{"@type":"ImageObject","inLanguage":"pt-BR","@id":"https:\/\/www.camarasmunicipal.com.br\/agenda\/prefeitura-abre-concurso-para-professores-com-100-vagas-e-salarios-de-ate-r-4-46861-veja-detalhes\/#primaryimage","url":"https:\/\/www.camarasmunicipal.com.br\/agenda\/content-wp\/uploads\/2026\/09\/prefeitura-abre-concurso-para-professores-com-100-vagas-e-salarios-de-ate-r-4-468-61-veja-detalhes.webp","contentUrl":"https:\/\/www.camarasmunicipal.com.br\/agenda\/content-wp\/uploads\/2026\/09\/prefeitura-abre-concurso-para-professores-com-100-vagas-e-salarios-de-ate-r-4-468-61-veja-detalhes.webp","width":280,"height":280,"caption":"concurso para professores"},{"@type":"BreadcrumbList","@id":"https:\/\/www.camarasmunicipal.com.br\/agenda\/prefeitura-abre-concurso-para-professores-com-100-vagas-e-salarios-de-ate-r-4-46861-veja-detalhes\/#breadcrumb","itemListElement":[{"@type":"ListItem","position":1,"name":"In\u00edcio","item":"https:\/\/www.camaramunicipal.com.br\/agenda\/"},{"@type":"ListItem","position":2,"name":"Prefeitura abre concurso para professores com 100 vagas e sal\u00e1rios de at\u00e9 R$ 4.468,61; veja detalhes"}]},{"@type":"WebSite","@id":"https:\/\/www.camaramunicipal.com.br\/agenda\/#website","url":"https:\/\/www.camaramunicipal.com.br\/agenda\/","name":"C\u00e2maraMunicipal.com.br","description":"C\u00e2mara Municipal","potentialAction":[{"@type":"SearchAction","target":{"@type":"EntryPoint","urlTemplate":"https:\/\/www.camaramunicipal.com.br\/agenda\/?s={search_term_string}"},"query-input":{"@type":"PropertyValueSpecification","valueRequired":true,"valueName":"search_term_string"}}],"inLanguage":"pt-BR"},{"@type":"Person","@id":"https:\/\/www.camaramunicipal.com.br\/agenda\/#\/schema\/person\/b33233bc7bcf00f56cf13c5e8705b814","name":"Lucas Silva","image":{"@type":"ImageObject","inLanguage":"pt-BR","@id":"https:\/\/www.camaramunicipal.com.br\/agenda\/#\/schema\/person\/image\/","url":"https:\/\/secure.gravatar.com\/avatar\/ca2e4cb40c39e0d0bee2b480a0b1693f2920bad4758fd663c8d874d0051d7665?s=96&d=mm&r=g","contentUrl":"https:\/\/secure.gravatar.com\/avatar\/ca2e4cb40c39e0d0bee2b480a0b1693f2920bad4758fd663c8d874d0051d7665?s=96&d=mm&r=g","caption":"Lucas Silva"},"description":"\ud83d\udc49 Ol\u00e1, meu nome \u00e9 Lucas Silva, editor do portal CamarasMunicipal.com.br. Sou especializado em concursos p\u00fablicos, trazendo not\u00edcias atualizadas, editais e oportunidades em todo o Brasil.","sameAs":["https:\/\/www.camaramunicipal.com.br\/agenda\/"],"url":"https:\/\/www.camarasmunicipal.com.br\/agenda\/author\/encontra\/"}]}},"_links":{"self":[{"href":"https:\/\/www.camarasmunicipal.com.br\/agenda\/wp-json\/wp\/v2\/posts\/3936","targetHints":{"allow":["GET"]}}],"collection":[{"href":"https:\/\/www.camarasmunicipal.com.br\/agenda\/wp-json\/wp\/v2\/posts"}],"about":[{"href":"https:\/\/www.camarasmunicipal.com.br\/agenda\/wp-json\/wp\/v2\/types\/post"}],"author":[{"embeddable":true,"href":"https:\/\/www.camarasmunicipal.com.br\/agenda\/wp-json\/wp\/v2\/users\/1"}],"replies":[{"embeddable":true,"href":"https:\/\/www.camarasmunicipal.com.br\/agenda\/wp-json\/wp\/v2\/comments?post=3936"}],"version-history":[{"count":0,"href":"https:\/\/www.camarasmunicipal.com.br\/agenda\/wp-json\/wp\/v2\/posts\/3936\/revisions"}],"wp:featuredmedia":[{"embeddable":true,"href":"https:\/\/www.camarasmunicipal.com.br\/agenda\/wp-json\/wp\/v2\/media\/3935"}],"wp:attachment":[{"href":"https:\/\/www.camarasmunicipal.com.br\/agenda\/wp-json\/wp\/v2\/media?parent=3936"}],"wp:term":[{"taxonomy":"category","embeddable":true,"href":"https:\/\/www.camarasmunicipal.com.br\/agenda\/wp-json\/wp\/v2\/categories?post=3936"},{"taxonomy":"post_tag","embeddable":true,"href":"https:\/\/www.camarasmunicipal.com.br\/agenda\/wp-json\/wp\/v2\/tags?post=3936"}],"curies":[{"name":"wp","href":"https:\/\/api.w.org\/{rel}","templated":true}]}}