{"id":3933,"date":"2026-09-01T09:47:48","date_gmt":"2026-09-01T12:47:48","guid":{"rendered":"https:\/\/www.camarasmunicipal.com.br\/agenda\/maes-de-pernambuco-abre-25-mil-vagas-para-beneficio-de-r-300-veja-quem-tem-direito-e-inicio-de-pagamento\/"},"modified":"2026-09-01T09:47:49","modified_gmt":"2026-09-01T12:47:49","slug":"maes-de-pernambuco-abre-25-mil-vagas-para-beneficio-de-r-300-veja-quem-tem-direito-e-inicio-de-pagamento","status":"publish","type":"post","link":"https:\/\/www.camarasmunicipal.com.br\/agenda\/maes-de-pernambuco-abre-25-mil-vagas-para-beneficio-de-r-300-veja-quem-tem-direito-e-inicio-de-pagamento\/","title":{"rendered":"M\u00e3es de Pernambuco abre 2,5 mil vagas para benef\u00edcio de R$ 300; veja quem tem direito e in\u00edcio de pagamento"},"content":{"rendered":"<h2>O que \u00e9 o Programa M\u00e3es de Pernambuco?<\/h2>\n<p>O Programa M\u00e3es de Pernambuco constitui uma iniciativa do Governo do Estado que visa prestar suporte financeiro a mulheres que se encontram em estado de vulnerabilidade social. Atrav\u00e9s deste programa, s\u00e3o feitas transfer\u00eancias diretas de recursos como um meio de garantir melhores condi\u00e7\u00f5es de vida para as benefici\u00e1rias e suas fam\u00edlias.<\/p>\n<h2>Como Funciona o Processo de Inscri\u00e7\u00e3o?<\/h2>\n<p>A inscri\u00e7\u00e3o para o programa n\u00e3o segue um modelo tradicional. As mulheres que desejam participar devem acessar o <a href=\"https:\/\/www.maesdepernambuco.pe.gov.br\/\">portal do programa<\/a>. O primeiro passo \u00e9 informar seu CPF e a data de nascimento. Em seguida, o sistema realiza uma verifica\u00e7\u00e3o imediata da elegibilidade para o programa.<\/p>\n<h2>Quem Est\u00e1 Eleg\u00edvel para o Aux\u00edlio?<\/h2>\n<p>Para ser considerada eleg\u00edvel para o aux\u00edlio mensal de R$ 300, a mulher precisa atender a uma s\u00e9rie de crit\u00e9rios. \u00c9 necess\u00e1rio que a benefici\u00e1ria resida em Pernambuco e assuma a responsabilidade pela fam\u00edlia, al\u00e9m de estar cadastrada no Cadastro \u00danico (Cad\u00danico) e j\u00e1 ser benefici\u00e1ria do Bolsa Fam\u00edlia. Outras condi\u00e7\u00f5es incluem n\u00e3o ter v\u00ednculo formal de emprego e ser gestante, m\u00e3e ou respons\u00e1vel por crian\u00e7as com at\u00e9 6 anos de idade.<\/p>\n<p><img decoding=\"async\" src=\"https:\/\/www.camarasmunicipal.com.br\/agenda\/content-wp\/uploads\/2026\/09\/maes-de-pernambuco-abre-2-5-mil-vagas-para-beneficio-de-r-300-veja-quem-tem-direito-e-inicio-de-paga.webp\" alt=\"M\u00e3es de Pernambuco\" loading=\"lazy\" \/><\/p>\n<h2>Datas Importantes do Novo Ciclo<\/h2>\n<p>O novo ciclo do programa abriu 2.505 novas vagas, e as inscri\u00e7\u00f5es podem ser confirmadas at\u00e9 24 de setembro de 2026, enquanto houver disponibilidade. As mulheres selecionadas nesta fase devem receber o pagamento a partir de 7 de outubro. \u00c9 essencial ficar atenta \u00e0s datas de pagamento e as informa\u00e7\u00f5es dispon\u00edveis no portal.<\/p>\n<h2>Como Verificar sua Situa\u00e7\u00e3o no Programa?<\/h2>\n<p>A verifica\u00e7\u00e3o de status no Programa M\u00e3es de Pernambuco \u00e9 simples. Ao acessar o portal, a mulher pode conferir rapidamente se est\u00e1 apta a receber o benef\u00edcio. O sistema ir\u00e1 informar se a participante \u00e9 eleg\u00edvel para confirmar a participa\u00e7\u00e3o ou se seu nome constar\u00e1 em uma lista de espera.<\/p>\n<h2>Crit\u00e9rios Necess\u00e1rios para Receber o Benef\u00edcio<\/h2>\n<p>Al\u00e9m das condi\u00e7\u00f5es mencionadas anteriormente, \u00e9 crucial que as informa\u00e7\u00f5es no Cadastro \u00danico estejam sempre atualizadas. Isso inclui a verifica\u00e7\u00e3o da situa\u00e7\u00e3o socioecon\u00f4mica e a composi\u00e7\u00e3o familiar. Mantendo os dados corretos, a mulher aumenta suas chances de ser selecionada para o programa.<\/p>\n<h2>Import\u00e2ncia da Atualiza\u00e7\u00e3o no Cadastro \u00danico<\/h2>\n<p>\u00c9 vital que as benefici\u00e1rias tenham seus dados sempre atualizados no Cad\u00danico. Isso n\u00e3o s\u00f3 assegura a elegibilidade para o programa, mas tamb\u00e9m garante que as informa\u00e7\u00f5es sobre a situa\u00e7\u00e3o atual da fam\u00edlia estejam precisas e refletindo a realidade, que \u00e9 um fator crucial para a aloca\u00e7\u00e3o de recursos de assist\u00eancia.<\/p>\n<h2>Como Acompanhamento e Suporte para Benefici\u00e1rias<\/h2>\n<p>Caso surjam d\u00favidas ou a necessidade de informa\u00e7\u00f5es adicionais, as interessadas t\u00eam \u00e0 disposi\u00e7\u00e3o diversos canais de atendimento. \u00c9 poss\u00edvel entrar em contato com o CRAS ou o CREAS, que s\u00e3o as refer\u00eancias em cada munic\u00edpio. Al\u00e9m disso, a Ouvidoria Social da Secretaria de Assist\u00eancia Social disponibiliza atendimento atrav\u00e9s do telefone 0800 081 4421, WhatsApp (81) 98494-1298 ou e-mail <a href=\"mailto:ouvidoria@sas.pe.gov.br\">ouvidoria@sas.pe.gov.br<\/a>, de segunda a sexta-feira, das 7h \u00e0s 17h.<\/p>\n<h2>O Impacto do Programa em Pernambuco<\/h2>\n<p>Desde seu lan\u00e7amento, o Programa M\u00e3es de Pernambuco tem impactado significativamente a vida de diversas fam\u00edlias no estado. Com a destina\u00e7\u00e3o de recursos, as mulheres t\u00eam conseguido atender demandas b\u00e1sicas, contribuindo para a melhoria das condi\u00e7\u00f5es de vida e inclus\u00e3o social. At\u00e9 agora, o programa j\u00e1 liberou mais de R$ 807,3 milh\u00f5es desde sua cria\u00e7\u00e3o, com R$ 239,8 milh\u00f5es pagos apenas em 2026.<\/p>\n<h2>Para Onde Ir em Caso de D\u00favidas?<\/h2>\n<p>Em caso de qualquer d\u00favida sobre o programa ou o processo de solicita\u00e7\u00e3o, as interessadas devem procurar os servi\u00e7os de assist\u00eancia social de sua cidade. O suporte est\u00e1 dispon\u00edvel para fornecer orienta\u00e7\u00e3o e esclarecer quaisquer questionamentos que possam surgir sobre o funcionamento do programa.<\/p>\n","protected":false},"excerpt":{"rendered":"<p>M\u00e3es de Pernambuco abre 2,5 mil vagas para aux\u00edlio de R$ 300; descubra quem pode se inscrever.<\/p>\n","protected":false},"author":1,"featured_media":3932,"comment_status":"closed","ping_status":"","sticky":false,"template":"","format":"standard","meta":{"footnotes":""},"categories":[11],"tags":[],"class_list":["post-3933","post","type-post","status-publish","format-standard","has-post-thumbnail","hentry","category-concursos-aprovados","has_thumb"],"yoast_head":"<!-- This site is optimized with the Yoast SEO plugin v27.0 - https:\/\/yoast.com\/product\/yoast-seo-wordpress\/ -->\n<title>M\u00e3es de Pernambuco abre 2,5 mil vagas para benef\u00edcio de R$ 300; veja quem tem direito e in\u00edcio de pagamento - C\u00e2maraMunicipal.com.br<\/title>\n<meta name=\"robots\" content=\"index, follow, max-snippet:-1, max-image-preview:large, max-video-preview:-1\" \/>\n<link rel=\"canonical\" href=\"https:\/\/www.camarasmunicipal.com.br\/agenda\/maes-de-pernambuco-abre-25-mil-vagas-para-beneficio-de-r-300-veja-quem-tem-direito-e-inicio-de-pagamento\/\" \/>\n<meta property=\"og:locale\" content=\"pt_BR\" \/>\n<meta property=\"og:type\" content=\"article\" \/>\n<meta property=\"og:title\" content=\"M\u00e3es de Pernambuco abre 2,5 mil vagas para benef\u00edcio de R$ 300; veja quem tem direito e in\u00edcio de pagamento - C\u00e2maraMunicipal.com.br\" \/>\n<meta property=\"og:description\" content=\"M\u00e3es de Pernambuco abre 2,5 mil vagas para aux\u00edlio de R$ 300; descubra quem pode se inscrever.\" \/>\n<meta property=\"og:url\" content=\"https:\/\/www.camarasmunicipal.com.br\/agenda\/maes-de-pernambuco-abre-25-mil-vagas-para-beneficio-de-r-300-veja-quem-tem-direito-e-inicio-de-pagamento\/\" \/>\n<meta property=\"og:site_name\" content=\"C\u00e2maraMunicipal.com.br\" \/>\n<meta property=\"article:published_time\" content=\"2026-09-01T12:47:48+00:00\" \/>\n<meta property=\"article:modified_time\" content=\"2026-09-01T12:47:49+00:00\" \/>\n<meta property=\"og:image\" content=\"https:\/\/www.camarasmunicipal.com.br\/agenda\/content-wp\/uploads\/2026\/09\/banner-concurso-6.webp\" \/>\n\t<meta property=\"og:image:width\" content=\"1\" \/>\n\t<meta property=\"og:image:height\" content=\"1\" \/>\n\t<meta property=\"og:image:type\" content=\"image\/webp\" \/>\n<meta name=\"author\" content=\"Lucas Silva\" \/>\n<meta name=\"twitter:card\" content=\"summary_large_image\" \/>\n<meta name=\"twitter:label1\" content=\"Escrito por\" \/>\n\t<meta name=\"twitter:data1\" content=\"Lucas Silva\" \/>\n\t<meta name=\"twitter:label2\" content=\"Est. tempo de leitura\" \/>\n\t<meta name=\"twitter:data2\" content=\"3 minutos\" \/>\n<script type=\"application\/ld+json\" class=\"yoast-schema-graph\">{\"@context\":\"https:\/\/schema.org\",\"@graph\":[{\"@type\":\"Article\",\"@id\":\"https:\/\/www.camarasmunicipal.com.br\/agenda\/maes-de-pernambuco-abre-25-mil-vagas-para-beneficio-de-r-300-veja-quem-tem-direito-e-inicio-de-pagamento\/#article\",\"isPartOf\":{\"@id\":\"https:\/\/www.camarasmunicipal.com.br\/agenda\/maes-de-pernambuco-abre-25-mil-vagas-para-beneficio-de-r-300-veja-quem-tem-direito-e-inicio-de-pagamento\/\"},\"author\":{\"name\":\"Lucas Silva\",\"@id\":\"https:\/\/www.camaramunicipal.com.br\/agenda\/#\/schema\/person\/b33233bc7bcf00f56cf13c5e8705b814\"},\"headline\":\"M\u00e3es de Pernambuco abre 2,5 mil vagas para benef\u00edcio de R$ 300; veja quem tem direito e in\u00edcio de pagamento\",\"datePublished\":\"2026-09-01T12:47:48+00:00\",\"dateModified\":\"2026-09-01T12:47:49+00:00\",\"mainEntityOfPage\":{\"@id\":\"https:\/\/www.camarasmunicipal.com.br\/agenda\/maes-de-pernambuco-abre-25-mil-vagas-para-beneficio-de-r-300-veja-quem-tem-direito-e-inicio-de-pagamento\/\"},\"wordCount\":694,\"image\":{\"@id\":\"https:\/\/www.camarasmunicipal.com.br\/agenda\/maes-de-pernambuco-abre-25-mil-vagas-para-beneficio-de-r-300-veja-quem-tem-direito-e-inicio-de-pagamento\/#primaryimage\"},\"thumbnailUrl\":\"https:\/\/www.camarasmunicipal.com.br\/agenda\/content-wp\/uploads\/2026\/09\/maes-de-pernambuco-abre-2-5-mil-vagas-para-beneficio-de-r-300-veja-quem-tem-direito-e-inicio-de-paga.webp\",\"articleSection\":[\"Concursos Aprovados\"],\"inLanguage\":\"pt-BR\"},{\"@type\":\"WebPage\",\"@id\":\"https:\/\/www.camarasmunicipal.com.br\/agenda\/maes-de-pernambuco-abre-25-mil-vagas-para-beneficio-de-r-300-veja-quem-tem-direito-e-inicio-de-pagamento\/\",\"url\":\"https:\/\/www.camarasmunicipal.com.br\/agenda\/maes-de-pernambuco-abre-25-mil-vagas-para-beneficio-de-r-300-veja-quem-tem-direito-e-inicio-de-pagamento\/\",\"name\":\"M\u00e3es de Pernambuco abre 2,5 mil vagas para benef\u00edcio de R$ 300; veja quem tem direito e in\u00edcio de pagamento - C\u00e2maraMunicipal.com.br\",\"isPartOf\":{\"@id\":\"https:\/\/www.camaramunicipal.com.br\/agenda\/#website\"},\"primaryImageOfPage\":{\"@id\":\"https:\/\/www.camarasmunicipal.com.br\/agenda\/maes-de-pernambuco-abre-25-mil-vagas-para-beneficio-de-r-300-veja-quem-tem-direito-e-inicio-de-pagamento\/#primaryimage\"},\"image\":{\"@id\":\"https:\/\/www.camarasmunicipal.com.br\/agenda\/maes-de-pernambuco-abre-25-mil-vagas-para-beneficio-de-r-300-veja-quem-tem-direito-e-inicio-de-pagamento\/#primaryimage\"},\"thumbnailUrl\":\"https:\/\/www.camarasmunicipal.com.br\/agenda\/content-wp\/uploads\/2026\/09\/maes-de-pernambuco-abre-2-5-mil-vagas-para-beneficio-de-r-300-veja-quem-tem-direito-e-inicio-de-paga.webp\",\"datePublished\":\"2026-09-01T12:47:48+00:00\",\"dateModified\":\"2026-09-01T12:47:49+00:00\",\"author\":{\"@id\":\"https:\/\/www.camaramunicipal.com.br\/agenda\/#\/schema\/person\/b33233bc7bcf00f56cf13c5e8705b814\"},\"breadcrumb\":{\"@id\":\"https:\/\/www.camarasmunicipal.com.br\/agenda\/maes-de-pernambuco-abre-25-mil-vagas-para-beneficio-de-r-300-veja-quem-tem-direito-e-inicio-de-pagamento\/#breadcrumb\"},\"inLanguage\":\"pt-BR\",\"potentialAction\":[{\"@type\":\"ReadAction\",\"target\":[\"https:\/\/www.camarasmunicipal.com.br\/agenda\/maes-de-pernambuco-abre-25-mil-vagas-para-beneficio-de-r-300-veja-quem-tem-direito-e-inicio-de-pagamento\/\"]}]},{\"@type\":\"ImageObject\",\"inLanguage\":\"pt-BR\",\"@id\":\"https:\/\/www.camarasmunicipal.com.br\/agenda\/maes-de-pernambuco-abre-25-mil-vagas-para-beneficio-de-r-300-veja-quem-tem-direito-e-inicio-de-pagamento\/#primaryimage\",\"url\":\"https:\/\/www.camarasmunicipal.com.br\/agenda\/content-wp\/uploads\/2026\/09\/maes-de-pernambuco-abre-2-5-mil-vagas-para-beneficio-de-r-300-veja-quem-tem-direito-e-inicio-de-paga.webp\",\"contentUrl\":\"https:\/\/www.camarasmunicipal.com.br\/agenda\/content-wp\/uploads\/2026\/09\/maes-de-pernambuco-abre-2-5-mil-vagas-para-beneficio-de-r-300-veja-quem-tem-direito-e-inicio-de-paga.webp\",\"width\":280,\"height\":280,\"caption\":\"M\u00e3es de Pernambuco\"},{\"@type\":\"BreadcrumbList\",\"@id\":\"https:\/\/www.camarasmunicipal.com.br\/agenda\/maes-de-pernambuco-abre-25-mil-vagas-para-beneficio-de-r-300-veja-quem-tem-direito-e-inicio-de-pagamento\/#breadcrumb\",\"itemListElement\":[{\"@type\":\"ListItem\",\"position\":1,\"name\":\"In\u00edcio\",\"item\":\"https:\/\/www.camaramunicipal.com.br\/agenda\/\"},{\"@type\":\"ListItem\",\"position\":2,\"name\":\"M\u00e3es de Pernambuco abre 2,5 mil vagas para benef\u00edcio de R$ 300; veja quem tem direito e in\u00edcio de pagamento\"}]},{\"@type\":\"WebSite\",\"@id\":\"https:\/\/www.camaramunicipal.com.br\/agenda\/#website\",\"url\":\"https:\/\/www.camaramunicipal.com.br\/agenda\/\",\"name\":\"C\u00e2maraMunicipal.com.br\",\"description\":\"C\u00e2mara Municipal\",\"potentialAction\":[{\"@type\":\"SearchAction\",\"target\":{\"@type\":\"EntryPoint\",\"urlTemplate\":\"https:\/\/www.camaramunicipal.com.br\/agenda\/?s={search_term_string}\"},\"query-input\":{\"@type\":\"PropertyValueSpecification\",\"valueRequired\":true,\"valueName\":\"search_term_string\"}}],\"inLanguage\":\"pt-BR\"},{\"@type\":\"Person\",\"@id\":\"https:\/\/www.camaramunicipal.com.br\/agenda\/#\/schema\/person\/b33233bc7bcf00f56cf13c5e8705b814\",\"name\":\"Lucas Silva\",\"image\":{\"@type\":\"ImageObject\",\"inLanguage\":\"pt-BR\",\"@id\":\"https:\/\/www.camaramunicipal.com.br\/agenda\/#\/schema\/person\/image\/\",\"url\":\"https:\/\/secure.gravatar.com\/avatar\/ca2e4cb40c39e0d0bee2b480a0b1693f2920bad4758fd663c8d874d0051d7665?s=96&d=mm&r=g\",\"contentUrl\":\"https:\/\/secure.gravatar.com\/avatar\/ca2e4cb40c39e0d0bee2b480a0b1693f2920bad4758fd663c8d874d0051d7665?s=96&d=mm&r=g\",\"caption\":\"Lucas Silva\"},\"description\":\"\ud83d\udc49 Ol\u00e1, meu nome \u00e9 Lucas Silva, editor do portal CamarasMunicipal.com.br. Sou especializado em concursos p\u00fablicos, trazendo not\u00edcias atualizadas, editais e oportunidades em todo o Brasil.\",\"sameAs\":[\"https:\/\/www.camaramunicipal.com.br\/agenda\/\"],\"url\":\"https:\/\/www.camarasmunicipal.com.br\/agenda\/author\/encontra\/\"}]}<\/script>\n<!-- \/ Yoast SEO plugin. -->","yoast_head_json":{"title":"M\u00e3es de Pernambuco abre 2,5 mil vagas para benef\u00edcio de R$ 300; veja quem tem direito e in\u00edcio de pagamento - C\u00e2maraMunicipal.com.br","robots":{"index":"index","follow":"follow","max-snippet":"max-snippet:-1","max-image-preview":"max-image-preview:large","max-video-preview":"max-video-preview:-1"},"canonical":"https:\/\/www.camarasmunicipal.com.br\/agenda\/maes-de-pernambuco-abre-25-mil-vagas-para-beneficio-de-r-300-veja-quem-tem-direito-e-inicio-de-pagamento\/","og_locale":"pt_BR","og_type":"article","og_title":"M\u00e3es de Pernambuco abre 2,5 mil vagas para benef\u00edcio de R$ 300; veja quem tem direito e in\u00edcio de pagamento - C\u00e2maraMunicipal.com.br","og_description":"M\u00e3es de Pernambuco abre 2,5 mil vagas para aux\u00edlio de R$ 300; descubra quem pode se inscrever.","og_url":"https:\/\/www.camarasmunicipal.com.br\/agenda\/maes-de-pernambuco-abre-25-mil-vagas-para-beneficio-de-r-300-veja-quem-tem-direito-e-inicio-de-pagamento\/","og_site_name":"C\u00e2maraMunicipal.com.br","article_published_time":"2026-09-01T12:47:48+00:00","article_modified_time":"2026-09-01T12:47:49+00:00","og_image":[{"url":"https:\/\/www.camarasmunicipal.com.br\/agenda\/content-wp\/uploads\/2026\/09\/banner-concurso-6.webp","width":1,"height":1,"type":"image\/webp"}],"author":"Lucas Silva","twitter_card":"summary_large_image","twitter_misc":{"Escrito por":"Lucas Silva","Est. tempo de leitura":"3 minutos"},"schema":{"@context":"https:\/\/schema.org","@graph":[{"@type":"Article","@id":"https:\/\/www.camarasmunicipal.com.br\/agenda\/maes-de-pernambuco-abre-25-mil-vagas-para-beneficio-de-r-300-veja-quem-tem-direito-e-inicio-de-pagamento\/#article","isPartOf":{"@id":"https:\/\/www.camarasmunicipal.com.br\/agenda\/maes-de-pernambuco-abre-25-mil-vagas-para-beneficio-de-r-300-veja-quem-tem-direito-e-inicio-de-pagamento\/"},"author":{"name":"Lucas Silva","@id":"https:\/\/www.camaramunicipal.com.br\/agenda\/#\/schema\/person\/b33233bc7bcf00f56cf13c5e8705b814"},"headline":"M\u00e3es de Pernambuco abre 2,5 mil vagas para benef\u00edcio de R$ 300; veja quem tem direito e in\u00edcio de pagamento","datePublished":"2026-09-01T12:47:48+00:00","dateModified":"2026-09-01T12:47:49+00:00","mainEntityOfPage":{"@id":"https:\/\/www.camarasmunicipal.com.br\/agenda\/maes-de-pernambuco-abre-25-mil-vagas-para-beneficio-de-r-300-veja-quem-tem-direito-e-inicio-de-pagamento\/"},"wordCount":694,"image":{"@id":"https:\/\/www.camarasmunicipal.com.br\/agenda\/maes-de-pernambuco-abre-25-mil-vagas-para-beneficio-de-r-300-veja-quem-tem-direito-e-inicio-de-pagamento\/#primaryimage"},"thumbnailUrl":"https:\/\/www.camarasmunicipal.com.br\/agenda\/content-wp\/uploads\/2026\/09\/maes-de-pernambuco-abre-2-5-mil-vagas-para-beneficio-de-r-300-veja-quem-tem-direito-e-inicio-de-paga.webp","articleSection":["Concursos Aprovados"],"inLanguage":"pt-BR"},{"@type":"WebPage","@id":"https:\/\/www.camarasmunicipal.com.br\/agenda\/maes-de-pernambuco-abre-25-mil-vagas-para-beneficio-de-r-300-veja-quem-tem-direito-e-inicio-de-pagamento\/","url":"https:\/\/www.camarasmunicipal.com.br\/agenda\/maes-de-pernambuco-abre-25-mil-vagas-para-beneficio-de-r-300-veja-quem-tem-direito-e-inicio-de-pagamento\/","name":"M\u00e3es de Pernambuco abre 2,5 mil vagas para benef\u00edcio de R$ 300; veja quem tem direito e in\u00edcio de pagamento - C\u00e2maraMunicipal.com.br","isPartOf":{"@id":"https:\/\/www.camaramunicipal.com.br\/agenda\/#website"},"primaryImageOfPage":{"@id":"https:\/\/www.camarasmunicipal.com.br\/agenda\/maes-de-pernambuco-abre-25-mil-vagas-para-beneficio-de-r-300-veja-quem-tem-direito-e-inicio-de-pagamento\/#primaryimage"},"image":{"@id":"https:\/\/www.camarasmunicipal.com.br\/agenda\/maes-de-pernambuco-abre-25-mil-vagas-para-beneficio-de-r-300-veja-quem-tem-direito-e-inicio-de-pagamento\/#primaryimage"},"thumbnailUrl":"https:\/\/www.camarasmunicipal.com.br\/agenda\/content-wp\/uploads\/2026\/09\/maes-de-pernambuco-abre-2-5-mil-vagas-para-beneficio-de-r-300-veja-quem-tem-direito-e-inicio-de-paga.webp","datePublished":"2026-09-01T12:47:48+00:00","dateModified":"2026-09-01T12:47:49+00:00","author":{"@id":"https:\/\/www.camaramunicipal.com.br\/agenda\/#\/schema\/person\/b33233bc7bcf00f56cf13c5e8705b814"},"breadcrumb":{"@id":"https:\/\/www.camarasmunicipal.com.br\/agenda\/maes-de-pernambuco-abre-25-mil-vagas-para-beneficio-de-r-300-veja-quem-tem-direito-e-inicio-de-pagamento\/#breadcrumb"},"inLanguage":"pt-BR","potentialAction":[{"@type":"ReadAction","target":["https:\/\/www.camarasmunicipal.com.br\/agenda\/maes-de-pernambuco-abre-25-mil-vagas-para-beneficio-de-r-300-veja-quem-tem-direito-e-inicio-de-pagamento\/"]}]},{"@type":"ImageObject","inLanguage":"pt-BR","@id":"https:\/\/www.camarasmunicipal.com.br\/agenda\/maes-de-pernambuco-abre-25-mil-vagas-para-beneficio-de-r-300-veja-quem-tem-direito-e-inicio-de-pagamento\/#primaryimage","url":"https:\/\/www.camarasmunicipal.com.br\/agenda\/content-wp\/uploads\/2026\/09\/maes-de-pernambuco-abre-2-5-mil-vagas-para-beneficio-de-r-300-veja-quem-tem-direito-e-inicio-de-paga.webp","contentUrl":"https:\/\/www.camarasmunicipal.com.br\/agenda\/content-wp\/uploads\/2026\/09\/maes-de-pernambuco-abre-2-5-mil-vagas-para-beneficio-de-r-300-veja-quem-tem-direito-e-inicio-de-paga.webp","width":280,"height":280,"caption":"M\u00e3es de Pernambuco"},{"@type":"BreadcrumbList","@id":"https:\/\/www.camarasmunicipal.com.br\/agenda\/maes-de-pernambuco-abre-25-mil-vagas-para-beneficio-de-r-300-veja-quem-tem-direito-e-inicio-de-pagamento\/#breadcrumb","itemListElement":[{"@type":"ListItem","position":1,"name":"In\u00edcio","item":"https:\/\/www.camaramunicipal.com.br\/agenda\/"},{"@type":"ListItem","position":2,"name":"M\u00e3es de Pernambuco abre 2,5 mil vagas para benef\u00edcio de R$ 300; veja quem tem direito e in\u00edcio de pagamento"}]},{"@type":"WebSite","@id":"https:\/\/www.camaramunicipal.com.br\/agenda\/#website","url":"https:\/\/www.camaramunicipal.com.br\/agenda\/","name":"C\u00e2maraMunicipal.com.br","description":"C\u00e2mara Municipal","potentialAction":[{"@type":"SearchAction","target":{"@type":"EntryPoint","urlTemplate":"https:\/\/www.camaramunicipal.com.br\/agenda\/?s={search_term_string}"},"query-input":{"@type":"PropertyValueSpecification","valueRequired":true,"valueName":"search_term_string"}}],"inLanguage":"pt-BR"},{"@type":"Person","@id":"https:\/\/www.camaramunicipal.com.br\/agenda\/#\/schema\/person\/b33233bc7bcf00f56cf13c5e8705b814","name":"Lucas Silva","image":{"@type":"ImageObject","inLanguage":"pt-BR","@id":"https:\/\/www.camaramunicipal.com.br\/agenda\/#\/schema\/person\/image\/","url":"https:\/\/secure.gravatar.com\/avatar\/ca2e4cb40c39e0d0bee2b480a0b1693f2920bad4758fd663c8d874d0051d7665?s=96&d=mm&r=g","contentUrl":"https:\/\/secure.gravatar.com\/avatar\/ca2e4cb40c39e0d0bee2b480a0b1693f2920bad4758fd663c8d874d0051d7665?s=96&d=mm&r=g","caption":"Lucas Silva"},"description":"\ud83d\udc49 Ol\u00e1, meu nome \u00e9 Lucas Silva, editor do portal CamarasMunicipal.com.br. Sou especializado em concursos p\u00fablicos, trazendo not\u00edcias atualizadas, editais e oportunidades em todo o Brasil.","sameAs":["https:\/\/www.camaramunicipal.com.br\/agenda\/"],"url":"https:\/\/www.camarasmunicipal.com.br\/agenda\/author\/encontra\/"}]}},"_links":{"self":[{"href":"https:\/\/www.camarasmunicipal.com.br\/agenda\/wp-json\/wp\/v2\/posts\/3933","targetHints":{"allow":["GET"]}}],"collection":[{"href":"https:\/\/www.camarasmunicipal.com.br\/agenda\/wp-json\/wp\/v2\/posts"}],"about":[{"href":"https:\/\/www.camarasmunicipal.com.br\/agenda\/wp-json\/wp\/v2\/types\/post"}],"author":[{"embeddable":true,"href":"https:\/\/www.camarasmunicipal.com.br\/agenda\/wp-json\/wp\/v2\/users\/1"}],"replies":[{"embeddable":true,"href":"https:\/\/www.camarasmunicipal.com.br\/agenda\/wp-json\/wp\/v2\/comments?post=3933"}],"version-history":[{"count":0,"href":"https:\/\/www.camarasmunicipal.com.br\/agenda\/wp-json\/wp\/v2\/posts\/3933\/revisions"}],"wp:featuredmedia":[{"embeddable":true,"href":"https:\/\/www.camarasmunicipal.com.br\/agenda\/wp-json\/wp\/v2\/media\/3932"}],"wp:attachment":[{"href":"https:\/\/www.camarasmunicipal.com.br\/agenda\/wp-json\/wp\/v2\/media?parent=3933"}],"wp:term":[{"taxonomy":"category","embeddable":true,"href":"https:\/\/www.camarasmunicipal.com.br\/agenda\/wp-json\/wp\/v2\/categories?post=3933"},{"taxonomy":"post_tag","embeddable":true,"href":"https:\/\/www.camarasmunicipal.com.br\/agenda\/wp-json\/wp\/v2\/tags?post=3933"}],"curies":[{"name":"wp","href":"https:\/\/api.w.org\/{rel}","templated":true}]}}