{"id":3927,"date":"2026-09-01T09:46:13","date_gmt":"2026-09-01T12:46:13","guid":{"rendered":"https:\/\/www.camarasmunicipal.com.br\/agenda\/edital-seduc-pa-2026-edital-publicado-com-2-mil-vagas\/"},"modified":"2026-09-01T09:46:13","modified_gmt":"2026-09-01T12:46:13","slug":"edital-seduc-pa-2026-edital-publicado-com-2-mil-vagas","status":"publish","type":"post","link":"https:\/\/www.camarasmunicipal.com.br\/agenda\/edital-seduc-pa-2026-edital-publicado-com-2-mil-vagas\/","title":{"rendered":"Edital SEDUC PA 2026: edital publicado com 2 mil vagas"},"content":{"rendered":"<h2>O que \u00e9 o Edital SEDUC PA 2026?<\/h2>\n<p>O edital do Concurso da <strong>Secretaria de Educa\u00e7\u00e3o do Estado do Par\u00e1<\/strong> (SEDUC PA) foi recentemente publicado, oferecendo um total de <strong>2 mil vagas<\/strong> diretas, al\u00e9m da forma\u00e7\u00e3o de um cadastro de reserva para m\u00faltiplos cargos com diferentes exig\u00eancias educacionais. A <strong>Funda\u00e7\u00e3o Get\u00falio Vargas (FGV)<\/strong> foi escolhida como a banca organizadora encarregada de conduzir todo o processo seletivo.<\/p>\n<h2>Vagas e sal\u00e1rios oferecidos<\/h2>\n<p>As oportunidades dispon\u00edveis s\u00e3o para diversas \u00e1reas, abrangendo tanto o n\u00edvel m\u00e9dio quanto o superior, com sal\u00e1rios atrativos de at\u00e9 <strong>R$ 6.590,47<\/strong> para algumas fun\u00e7\u00f5es. A estrutura salarial varia conforme o tipo de cargo e a forma\u00e7\u00e3o necess\u00e1ria.<\/p>\n<h2>Como se inscrever no concurso<\/h2>\n<p>Os interessados em participar do processo seletivo devem realizar suas inscri\u00e7\u00f5es de forma totalmente digital. O per\u00edodo para efetuar a inscri\u00e7\u00e3o come\u00e7ar\u00e1 \u00e0s <strong>16h do dia 31 de agosto<\/strong> e se encerrar\u00e1 \u00e0s <strong>16h do dia 1\u00ba de outubro<\/strong>. O procedimento deve ser acessado pelo site da FGV, onde todos os candidatos poder\u00e3o seguir as instru\u00e7\u00f5es dispon\u00edveis.<\/p>\n<p><img decoding=\"async\" src=\"https:\/\/www.camarasmunicipal.com.br\/agenda\/content-wp\/uploads\/2026\/09\/edital-seduc-pa-2026-edital-publicado-com-2-mil-vagas.webp\" alt=\"Edital SEDUC PA 2026\" loading=\"lazy\" \/><\/p>\n<h2>Datas importantes do edital<\/h2>\n<p>Os prazos e datas principais relacionados ao Concurso SEDUC PA s\u00e3o os seguintes:<\/p>\n<ul>\n<li><strong>Inscri\u00e7\u00f5es:<\/strong> 31 de agosto a 1\u00ba de outubro<\/li>\n<li><strong>Isen\u00e7\u00e3o da taxa de inscri\u00e7\u00e3o:<\/strong> 31 de agosto a 3 de setembro<\/li>\n<li><strong>Pagamento da taxa de inscri\u00e7\u00e3o:<\/strong> at\u00e9 2 de outubro<\/li>\n<li><strong>Data da prova objetiva:<\/strong> 29 de novembro<\/li>\n<\/ul>\n<h2>Cargos dispon\u00edveis para n\u00edveis m\u00e9dio<\/h2>\n<p>Para candidatos com n\u00edvel m\u00e9dio, as oportunidades s\u00e3o limitadas. Um dos cargos dispon\u00edveis \u00e9 o de:<\/p>\n<table>\n<tr>\n<th>Cargo<\/th>\n<th>Total de Vagas<\/th>\n<th>Sal\u00e1rio (R$)<\/th>\n<\/tr>\n<tr>\n<td>Assistente de Gest\u00e3o Governamental e Educacional<\/td>\n<td>49<\/td>\n<td>1.864,29<\/td>\n<\/tr>\n<\/table>\n<h2>Cargos dispon\u00edveis para n\u00edveis superior<\/h2>\n<p>A lista de oportunidades para candidatos de n\u00edvel superior \u00e9 bem mais ampla e est\u00e1 dividida em setores administrativos e pedag\u00f3gicos. Abaixo est\u00e3o alguns dos cargos dispon\u00edveis:<\/p>\n<table>\n<tr>\n<th>Cargos \/ Especialidade<\/th>\n<th>Total de Vagas<\/th>\n<th>Sal\u00e1rio (R$)<\/th>\n<\/tr>\n<tr>\n<td>Especialista em Educa\u00e7\u00e3o<\/td>\n<td>112 + CR<\/td>\n<td>6.590,47<\/td>\n<\/tr>\n<tr>\n<td>Analista de Gest\u00e3o Governamental e Pol. Educacional \u2013 Administra\u00e7\u00e3o<\/td>\n<td>06 + CR<\/td>\n<td>5.907,63<\/td>\n<\/tr>\n<tr>\n<td>Analista de Gest\u00e3o Governamental e Pol. Educacional \u2013 Ci\u00eancias Cont\u00e1beis<\/td>\n<td>40 + CR<\/td>\n<td>5.907,63<\/td>\n<\/tr>\n<tr>\n<td>Analista de Gest\u00e3o Governamental e Pol. Educacional \u2013 Ci\u00eancias Econ\u00f4micas<\/td>\n<td>06 + CR<\/td>\n<td>5.907,63<\/td>\n<\/tr>\n<tr>\n<td>Analista de Gest\u00e3o Governamental e Pol. Educacional \u2013 Estat\u00edstica<\/td>\n<td>06 + CR<\/td>\n<td>5.907,63<\/td>\n<\/tr>\n<tr>\n<td>Analista de Gest\u00e3o Governamental e Infra. Educacional \u2013 Arquitetura e Urbanismo<\/td>\n<td>06 + CR<\/td>\n<td>5.907,63<\/td>\n<\/tr>\n<tr>\n<td>Analista de Gest\u00e3o Governamental e Infra. Educacional \u2013 Engenharia Civil<\/td>\n<td>18 + CR<\/td>\n<td>5.907,63<\/td>\n<\/tr>\n<tr>\n<td>Analista de Gest\u00e3o Governamental e Infra. Educacional \u2013 Engenharia El\u00e9trica<\/td>\n<td>19 + CR<\/td>\n<td>5.907,63<\/td>\n<\/tr>\n<tr>\n<td>Analista de Suporte Educacional \u2013 Nutri\u00e7\u00e3o<\/td>\n<td>06 + CR<\/td>\n<td>5.907,63<\/td>\n<\/tr>\n<tr>\n<td>Analista de Suporte Educacional \u2013 Psicologia<\/td>\n<td>19 + CR<\/td>\n<td>5.907,63<\/td>\n<\/tr>\n<tr>\n<td>Analista de Suporte Educacional \u2013 Servi\u00e7o Social<\/td>\n<td>19 + CR<\/td>\n<td>5.907,63<\/td>\n<\/tr>\n<\/table>\n<h2>Taxas de inscri\u00e7\u00e3o e isen\u00e7\u00e3o<\/h2>\n<p>Para participar do processo seletivo, os candidatos precisar\u00e3o pagar uma taxa de inscri\u00e7\u00e3o, cujo valor varia conforme o n\u00edvel e tipo de cargo:<\/p>\n<ul>\n<li><strong>R$ 85<\/strong> para cargos de <strong>Ensino M\u00e9dio<\/strong><\/li>\n<li><strong>R$ 135<\/strong> para posi\u00e7\u00f5es de <strong>n\u00edvel superior na \u00e1rea administrativa<\/strong><\/li>\n<li><strong>R$ 185<\/strong> para fun\u00e7\u00f5es de <strong>Professor e Especialista<\/strong><\/li>\n<\/ul>\n<h2>Etapas da sele\u00e7\u00e3o do concurso<\/h2>\n<p>A sele\u00e7\u00e3o dos candidatos ser\u00e1 composta por diferentes etapas, conforme detalhado abaixo:<\/p>\n<table>\n<tr>\n<th>Cargo<\/th>\n<th>Prova Objetiva<\/th>\n<th>Prova Discursiva<\/th>\n<th>Prova Pr\u00e1tica<\/th>\n<th>Avalia\u00e7\u00e3o de T\u00edtulos<\/th>\n<\/tr>\n<tr>\n<td>Professor Classe I<\/td>\n<td>Sim<\/td>\n<td>Sim<\/td>\n<td>Sim (defesa de plano de aula)<\/td>\n<td>Sim<\/td>\n<\/tr>\n<tr>\n<td>Especialista em Educa\u00e7\u00e3o<\/td>\n<td>Sim<\/td>\n<td>Sim<\/td>\n<td>Sim (defesa de plano de gest\u00e3o pedag\u00f3gica)<\/td>\n<td>Sim<\/td>\n<\/tr>\n<tr>\n<td>Analista de Suporte Educacional; Analista de Gest\u00e3o Governamental e Infraestrutura Educacional; Analista de Gest\u00e3o Governamental e Pol\u00edtica Educacional<\/td>\n<td>Sim<\/td>\n<td>Sim<\/td>\n<td>N\u00e3o<\/td>\n<td>Sim<\/td>\n<\/tr>\n<tr>\n<td>Assistente de Gest\u00e3o Governamental e Educacional<\/td>\n<td>Sim<\/td>\n<td>N\u00e3o<\/td>\n<td>N\u00e3o<\/td>\n<td>N\u00e3o<\/td>\n<\/tr>\n<\/table>\n<h2>Dicas para se preparar para as provas<\/h2>\n<p>Para garantir uma boa performance no concurso, alguns pontos podem ser observados na hora da prepara\u00e7\u00e3o:<\/p>\n<ul>\n<li>Estudar o conte\u00fado program\u00e1tico detalhado, focando nas \u00e1reas exigidas para cada cargo.<\/li>\n<li>Realizar simulados e resolver provas anteriores para familiarizar-se com o estilo das quest\u00f5es.<\/li>\n<li>Aguarde pela divulga\u00e7\u00e3o do edital completo e mantenha-se atento a eventuais novidades que podem influenciar os exames.<\/li>\n<li>Buscar materiais de apoio que ultrapassem os conte\u00fados m\u00ednimos exigidos pode ser um diferencial.<\/li>\n<\/ul>\n<h2>Informa\u00e7\u00f5es sobre a banca organizadora<\/h2>\n<p>A <strong>Funda\u00e7\u00e3o Get\u00falio Vargas (FGV)<\/strong> \u00e9 amplamente reconhecida por sua compet\u00eancia na realiza\u00e7\u00e3o de concursos p\u00fablicos em diversas esferas de atua\u00e7\u00e3o. Com uma trajet\u00f3ria s\u00f3lida e renomada, a FGV \u00e9 respons\u00e1vel por garantir a qualidade e a transpar\u00eancia dos processos seletivos em que atua.<\/p>\n","protected":false},"excerpt":{"rendered":"<p>Edital SEDUC PA 2026 traz 2 mil vagas para n\u00edveis m\u00e9dio e superior.<\/p>\n","protected":false},"author":1,"featured_media":3926,"comment_status":"closed","ping_status":"","sticky":false,"template":"","format":"standard","meta":{"footnotes":""},"categories":[8],"tags":[],"class_list":["post-3927","post","type-post","status-publish","format-standard","has-post-thumbnail","hentry","category-concurso-publico","has_thumb"],"yoast_head":"<!-- This site is optimized with the Yoast SEO plugin v27.0 - https:\/\/yoast.com\/product\/yoast-seo-wordpress\/ -->\n<title>Edital SEDUC PA 2026: edital publicado com 2 mil vagas - C\u00e2maraMunicipal.com.br<\/title>\n<meta name=\"robots\" content=\"index, follow, max-snippet:-1, max-image-preview:large, max-video-preview:-1\" \/>\n<link rel=\"canonical\" href=\"https:\/\/www.camarasmunicipal.com.br\/agenda\/edital-seduc-pa-2026-edital-publicado-com-2-mil-vagas\/\" \/>\n<meta property=\"og:locale\" content=\"pt_BR\" \/>\n<meta property=\"og:type\" content=\"article\" \/>\n<meta property=\"og:title\" content=\"Edital SEDUC PA 2026: edital publicado com 2 mil vagas - C\u00e2maraMunicipal.com.br\" \/>\n<meta property=\"og:description\" content=\"Edital SEDUC PA 2026 traz 2 mil vagas para n\u00edveis m\u00e9dio e superior.\" \/>\n<meta property=\"og:url\" content=\"https:\/\/www.camarasmunicipal.com.br\/agenda\/edital-seduc-pa-2026-edital-publicado-com-2-mil-vagas\/\" \/>\n<meta property=\"og:site_name\" content=\"C\u00e2maraMunicipal.com.br\" \/>\n<meta property=\"article:published_time\" content=\"2026-09-01T12:46:13+00:00\" \/>\n<meta property=\"og:image\" content=\"https:\/\/www.camarasmunicipal.com.br\/agenda\/content-wp\/uploads\/2026\/09\/banner-concurso-2.webp\" \/>\n\t<meta property=\"og:image:width\" content=\"1\" \/>\n\t<meta property=\"og:image:height\" content=\"1\" \/>\n\t<meta property=\"og:image:type\" content=\"image\/webp\" \/>\n<meta name=\"author\" content=\"Lucas Silva\" \/>\n<meta name=\"twitter:card\" content=\"summary_large_image\" \/>\n<meta name=\"twitter:label1\" content=\"Escrito por\" \/>\n\t<meta name=\"twitter:data1\" content=\"Lucas Silva\" \/>\n\t<meta name=\"twitter:label2\" content=\"Est. tempo de leitura\" \/>\n\t<meta name=\"twitter:data2\" content=\"4 minutos\" \/>\n<script type=\"application\/ld+json\" class=\"yoast-schema-graph\">{\"@context\":\"https:\/\/schema.org\",\"@graph\":[{\"@type\":\"Article\",\"@id\":\"https:\/\/www.camarasmunicipal.com.br\/agenda\/edital-seduc-pa-2026-edital-publicado-com-2-mil-vagas\/#article\",\"isPartOf\":{\"@id\":\"https:\/\/www.camarasmunicipal.com.br\/agenda\/edital-seduc-pa-2026-edital-publicado-com-2-mil-vagas\/\"},\"author\":{\"name\":\"Lucas Silva\",\"@id\":\"https:\/\/www.camaramunicipal.com.br\/agenda\/#\/schema\/person\/b33233bc7bcf00f56cf13c5e8705b814\"},\"headline\":\"Edital SEDUC PA 2026: edital publicado com 2 mil vagas\",\"datePublished\":\"2026-09-01T12:46:13+00:00\",\"mainEntityOfPage\":{\"@id\":\"https:\/\/www.camarasmunicipal.com.br\/agenda\/edital-seduc-pa-2026-edital-publicado-com-2-mil-vagas\/\"},\"wordCount\":745,\"image\":{\"@id\":\"https:\/\/www.camarasmunicipal.com.br\/agenda\/edital-seduc-pa-2026-edital-publicado-com-2-mil-vagas\/#primaryimage\"},\"thumbnailUrl\":\"https:\/\/www.camarasmunicipal.com.br\/agenda\/content-wp\/uploads\/2026\/09\/edital-seduc-pa-2026-edital-publicado-com-2-mil-vagas.webp\",\"articleSection\":[\"Concurso P\u00fablico\"],\"inLanguage\":\"pt-BR\"},{\"@type\":\"WebPage\",\"@id\":\"https:\/\/www.camarasmunicipal.com.br\/agenda\/edital-seduc-pa-2026-edital-publicado-com-2-mil-vagas\/\",\"url\":\"https:\/\/www.camarasmunicipal.com.br\/agenda\/edital-seduc-pa-2026-edital-publicado-com-2-mil-vagas\/\",\"name\":\"Edital SEDUC PA 2026: edital publicado com 2 mil vagas - C\u00e2maraMunicipal.com.br\",\"isPartOf\":{\"@id\":\"https:\/\/www.camaramunicipal.com.br\/agenda\/#website\"},\"primaryImageOfPage\":{\"@id\":\"https:\/\/www.camarasmunicipal.com.br\/agenda\/edital-seduc-pa-2026-edital-publicado-com-2-mil-vagas\/#primaryimage\"},\"image\":{\"@id\":\"https:\/\/www.camarasmunicipal.com.br\/agenda\/edital-seduc-pa-2026-edital-publicado-com-2-mil-vagas\/#primaryimage\"},\"thumbnailUrl\":\"https:\/\/www.camarasmunicipal.com.br\/agenda\/content-wp\/uploads\/2026\/09\/edital-seduc-pa-2026-edital-publicado-com-2-mil-vagas.webp\",\"datePublished\":\"2026-09-01T12:46:13+00:00\",\"author\":{\"@id\":\"https:\/\/www.camaramunicipal.com.br\/agenda\/#\/schema\/person\/b33233bc7bcf00f56cf13c5e8705b814\"},\"breadcrumb\":{\"@id\":\"https:\/\/www.camarasmunicipal.com.br\/agenda\/edital-seduc-pa-2026-edital-publicado-com-2-mil-vagas\/#breadcrumb\"},\"inLanguage\":\"pt-BR\",\"potentialAction\":[{\"@type\":\"ReadAction\",\"target\":[\"https:\/\/www.camarasmunicipal.com.br\/agenda\/edital-seduc-pa-2026-edital-publicado-com-2-mil-vagas\/\"]}]},{\"@type\":\"ImageObject\",\"inLanguage\":\"pt-BR\",\"@id\":\"https:\/\/www.camarasmunicipal.com.br\/agenda\/edital-seduc-pa-2026-edital-publicado-com-2-mil-vagas\/#primaryimage\",\"url\":\"https:\/\/www.camarasmunicipal.com.br\/agenda\/content-wp\/uploads\/2026\/09\/edital-seduc-pa-2026-edital-publicado-com-2-mil-vagas.webp\",\"contentUrl\":\"https:\/\/www.camarasmunicipal.com.br\/agenda\/content-wp\/uploads\/2026\/09\/edital-seduc-pa-2026-edital-publicado-com-2-mil-vagas.webp\",\"width\":280,\"height\":280,\"caption\":\"Edital SEDUC PA 2026\"},{\"@type\":\"BreadcrumbList\",\"@id\":\"https:\/\/www.camarasmunicipal.com.br\/agenda\/edital-seduc-pa-2026-edital-publicado-com-2-mil-vagas\/#breadcrumb\",\"itemListElement\":[{\"@type\":\"ListItem\",\"position\":1,\"name\":\"In\u00edcio\",\"item\":\"https:\/\/www.camaramunicipal.com.br\/agenda\/\"},{\"@type\":\"ListItem\",\"position\":2,\"name\":\"Edital SEDUC PA 2026: edital publicado com 2 mil vagas\"}]},{\"@type\":\"WebSite\",\"@id\":\"https:\/\/www.camaramunicipal.com.br\/agenda\/#website\",\"url\":\"https:\/\/www.camaramunicipal.com.br\/agenda\/\",\"name\":\"C\u00e2maraMunicipal.com.br\",\"description\":\"C\u00e2mara Municipal\",\"potentialAction\":[{\"@type\":\"SearchAction\",\"target\":{\"@type\":\"EntryPoint\",\"urlTemplate\":\"https:\/\/www.camaramunicipal.com.br\/agenda\/?s={search_term_string}\"},\"query-input\":{\"@type\":\"PropertyValueSpecification\",\"valueRequired\":true,\"valueName\":\"search_term_string\"}}],\"inLanguage\":\"pt-BR\"},{\"@type\":\"Person\",\"@id\":\"https:\/\/www.camaramunicipal.com.br\/agenda\/#\/schema\/person\/b33233bc7bcf00f56cf13c5e8705b814\",\"name\":\"Lucas Silva\",\"image\":{\"@type\":\"ImageObject\",\"inLanguage\":\"pt-BR\",\"@id\":\"https:\/\/www.camaramunicipal.com.br\/agenda\/#\/schema\/person\/image\/\",\"url\":\"https:\/\/secure.gravatar.com\/avatar\/ca2e4cb40c39e0d0bee2b480a0b1693f2920bad4758fd663c8d874d0051d7665?s=96&d=mm&r=g\",\"contentUrl\":\"https:\/\/secure.gravatar.com\/avatar\/ca2e4cb40c39e0d0bee2b480a0b1693f2920bad4758fd663c8d874d0051d7665?s=96&d=mm&r=g\",\"caption\":\"Lucas Silva\"},\"description\":\"\ud83d\udc49 Ol\u00e1, meu nome \u00e9 Lucas Silva, editor do portal CamarasMunicipal.com.br. Sou especializado em concursos p\u00fablicos, trazendo not\u00edcias atualizadas, editais e oportunidades em todo o Brasil.\",\"sameAs\":[\"https:\/\/www.camaramunicipal.com.br\/agenda\/\"],\"url\":\"https:\/\/www.camarasmunicipal.com.br\/agenda\/author\/encontra\/\"}]}<\/script>\n<!-- \/ Yoast SEO plugin. -->","yoast_head_json":{"title":"Edital SEDUC PA 2026: edital publicado com 2 mil vagas - C\u00e2maraMunicipal.com.br","robots":{"index":"index","follow":"follow","max-snippet":"max-snippet:-1","max-image-preview":"max-image-preview:large","max-video-preview":"max-video-preview:-1"},"canonical":"https:\/\/www.camarasmunicipal.com.br\/agenda\/edital-seduc-pa-2026-edital-publicado-com-2-mil-vagas\/","og_locale":"pt_BR","og_type":"article","og_title":"Edital SEDUC PA 2026: edital publicado com 2 mil vagas - C\u00e2maraMunicipal.com.br","og_description":"Edital SEDUC PA 2026 traz 2 mil vagas para n\u00edveis m\u00e9dio e superior.","og_url":"https:\/\/www.camarasmunicipal.com.br\/agenda\/edital-seduc-pa-2026-edital-publicado-com-2-mil-vagas\/","og_site_name":"C\u00e2maraMunicipal.com.br","article_published_time":"2026-09-01T12:46:13+00:00","og_image":[{"url":"https:\/\/www.camarasmunicipal.com.br\/agenda\/content-wp\/uploads\/2026\/09\/banner-concurso-2.webp","width":1,"height":1,"type":"image\/webp"}],"author":"Lucas Silva","twitter_card":"summary_large_image","twitter_misc":{"Escrito por":"Lucas Silva","Est. tempo de leitura":"4 minutos"},"schema":{"@context":"https:\/\/schema.org","@graph":[{"@type":"Article","@id":"https:\/\/www.camarasmunicipal.com.br\/agenda\/edital-seduc-pa-2026-edital-publicado-com-2-mil-vagas\/#article","isPartOf":{"@id":"https:\/\/www.camarasmunicipal.com.br\/agenda\/edital-seduc-pa-2026-edital-publicado-com-2-mil-vagas\/"},"author":{"name":"Lucas Silva","@id":"https:\/\/www.camaramunicipal.com.br\/agenda\/#\/schema\/person\/b33233bc7bcf00f56cf13c5e8705b814"},"headline":"Edital SEDUC PA 2026: edital publicado com 2 mil vagas","datePublished":"2026-09-01T12:46:13+00:00","mainEntityOfPage":{"@id":"https:\/\/www.camarasmunicipal.com.br\/agenda\/edital-seduc-pa-2026-edital-publicado-com-2-mil-vagas\/"},"wordCount":745,"image":{"@id":"https:\/\/www.camarasmunicipal.com.br\/agenda\/edital-seduc-pa-2026-edital-publicado-com-2-mil-vagas\/#primaryimage"},"thumbnailUrl":"https:\/\/www.camarasmunicipal.com.br\/agenda\/content-wp\/uploads\/2026\/09\/edital-seduc-pa-2026-edital-publicado-com-2-mil-vagas.webp","articleSection":["Concurso P\u00fablico"],"inLanguage":"pt-BR"},{"@type":"WebPage","@id":"https:\/\/www.camarasmunicipal.com.br\/agenda\/edital-seduc-pa-2026-edital-publicado-com-2-mil-vagas\/","url":"https:\/\/www.camarasmunicipal.com.br\/agenda\/edital-seduc-pa-2026-edital-publicado-com-2-mil-vagas\/","name":"Edital SEDUC PA 2026: edital publicado com 2 mil vagas - C\u00e2maraMunicipal.com.br","isPartOf":{"@id":"https:\/\/www.camaramunicipal.com.br\/agenda\/#website"},"primaryImageOfPage":{"@id":"https:\/\/www.camarasmunicipal.com.br\/agenda\/edital-seduc-pa-2026-edital-publicado-com-2-mil-vagas\/#primaryimage"},"image":{"@id":"https:\/\/www.camarasmunicipal.com.br\/agenda\/edital-seduc-pa-2026-edital-publicado-com-2-mil-vagas\/#primaryimage"},"thumbnailUrl":"https:\/\/www.camarasmunicipal.com.br\/agenda\/content-wp\/uploads\/2026\/09\/edital-seduc-pa-2026-edital-publicado-com-2-mil-vagas.webp","datePublished":"2026-09-01T12:46:13+00:00","author":{"@id":"https:\/\/www.camaramunicipal.com.br\/agenda\/#\/schema\/person\/b33233bc7bcf00f56cf13c5e8705b814"},"breadcrumb":{"@id":"https:\/\/www.camarasmunicipal.com.br\/agenda\/edital-seduc-pa-2026-edital-publicado-com-2-mil-vagas\/#breadcrumb"},"inLanguage":"pt-BR","potentialAction":[{"@type":"ReadAction","target":["https:\/\/www.camarasmunicipal.com.br\/agenda\/edital-seduc-pa-2026-edital-publicado-com-2-mil-vagas\/"]}]},{"@type":"ImageObject","inLanguage":"pt-BR","@id":"https:\/\/www.camarasmunicipal.com.br\/agenda\/edital-seduc-pa-2026-edital-publicado-com-2-mil-vagas\/#primaryimage","url":"https:\/\/www.camarasmunicipal.com.br\/agenda\/content-wp\/uploads\/2026\/09\/edital-seduc-pa-2026-edital-publicado-com-2-mil-vagas.webp","contentUrl":"https:\/\/www.camarasmunicipal.com.br\/agenda\/content-wp\/uploads\/2026\/09\/edital-seduc-pa-2026-edital-publicado-com-2-mil-vagas.webp","width":280,"height":280,"caption":"Edital SEDUC PA 2026"},{"@type":"BreadcrumbList","@id":"https:\/\/www.camarasmunicipal.com.br\/agenda\/edital-seduc-pa-2026-edital-publicado-com-2-mil-vagas\/#breadcrumb","itemListElement":[{"@type":"ListItem","position":1,"name":"In\u00edcio","item":"https:\/\/www.camaramunicipal.com.br\/agenda\/"},{"@type":"ListItem","position":2,"name":"Edital SEDUC PA 2026: edital publicado com 2 mil vagas"}]},{"@type":"WebSite","@id":"https:\/\/www.camaramunicipal.com.br\/agenda\/#website","url":"https:\/\/www.camaramunicipal.com.br\/agenda\/","name":"C\u00e2maraMunicipal.com.br","description":"C\u00e2mara Municipal","potentialAction":[{"@type":"SearchAction","target":{"@type":"EntryPoint","urlTemplate":"https:\/\/www.camaramunicipal.com.br\/agenda\/?s={search_term_string}"},"query-input":{"@type":"PropertyValueSpecification","valueRequired":true,"valueName":"search_term_string"}}],"inLanguage":"pt-BR"},{"@type":"Person","@id":"https:\/\/www.camaramunicipal.com.br\/agenda\/#\/schema\/person\/b33233bc7bcf00f56cf13c5e8705b814","name":"Lucas Silva","image":{"@type":"ImageObject","inLanguage":"pt-BR","@id":"https:\/\/www.camaramunicipal.com.br\/agenda\/#\/schema\/person\/image\/","url":"https:\/\/secure.gravatar.com\/avatar\/ca2e4cb40c39e0d0bee2b480a0b1693f2920bad4758fd663c8d874d0051d7665?s=96&d=mm&r=g","contentUrl":"https:\/\/secure.gravatar.com\/avatar\/ca2e4cb40c39e0d0bee2b480a0b1693f2920bad4758fd663c8d874d0051d7665?s=96&d=mm&r=g","caption":"Lucas Silva"},"description":"\ud83d\udc49 Ol\u00e1, meu nome \u00e9 Lucas Silva, editor do portal CamarasMunicipal.com.br. Sou especializado em concursos p\u00fablicos, trazendo not\u00edcias atualizadas, editais e oportunidades em todo o Brasil.","sameAs":["https:\/\/www.camaramunicipal.com.br\/agenda\/"],"url":"https:\/\/www.camarasmunicipal.com.br\/agenda\/author\/encontra\/"}]}},"_links":{"self":[{"href":"https:\/\/www.camarasmunicipal.com.br\/agenda\/wp-json\/wp\/v2\/posts\/3927","targetHints":{"allow":["GET"]}}],"collection":[{"href":"https:\/\/www.camarasmunicipal.com.br\/agenda\/wp-json\/wp\/v2\/posts"}],"about":[{"href":"https:\/\/www.camarasmunicipal.com.br\/agenda\/wp-json\/wp\/v2\/types\/post"}],"author":[{"embeddable":true,"href":"https:\/\/www.camarasmunicipal.com.br\/agenda\/wp-json\/wp\/v2\/users\/1"}],"replies":[{"embeddable":true,"href":"https:\/\/www.camarasmunicipal.com.br\/agenda\/wp-json\/wp\/v2\/comments?post=3927"}],"version-history":[{"count":0,"href":"https:\/\/www.camarasmunicipal.com.br\/agenda\/wp-json\/wp\/v2\/posts\/3927\/revisions"}],"wp:featuredmedia":[{"embeddable":true,"href":"https:\/\/www.camarasmunicipal.com.br\/agenda\/wp-json\/wp\/v2\/media\/3926"}],"wp:attachment":[{"href":"https:\/\/www.camarasmunicipal.com.br\/agenda\/wp-json\/wp\/v2\/media?parent=3927"}],"wp:term":[{"taxonomy":"category","embeddable":true,"href":"https:\/\/www.camarasmunicipal.com.br\/agenda\/wp-json\/wp\/v2\/categories?post=3927"},{"taxonomy":"post_tag","embeddable":true,"href":"https:\/\/www.camarasmunicipal.com.br\/agenda\/wp-json\/wp\/v2\/tags?post=3927"}],"curies":[{"name":"wp","href":"https:\/\/api.w.org\/{rel}","templated":true}]}}