{"id":3921,"date":"2026-08-31T09:47:55","date_gmt":"2026-08-31T12:47:55","guid":{"rendered":"https:\/\/www.camarasmunicipal.com.br\/agenda\/prefeitura-em-pernambuco-encerra-inscricoes-de-concurso-com-304-vagas-e-salarios-de-ate-r-151-mil-na-segunda-31\/"},"modified":"2026-08-31T09:47:56","modified_gmt":"2026-08-31T12:47:56","slug":"prefeitura-em-pernambuco-encerra-inscricoes-de-concurso-com-304-vagas-e-salarios-de-ate-r-151-mil-na-segunda-31","status":"publish","type":"post","link":"https:\/\/www.camarasmunicipal.com.br\/agenda\/prefeitura-em-pernambuco-encerra-inscricoes-de-concurso-com-304-vagas-e-salarios-de-ate-r-151-mil-na-segunda-31\/","title":{"rendered":"Prefeitura em Pernambuco encerra inscri\u00e7\u00f5es de concurso com 304 vagas e sal\u00e1rios de at\u00e9 R$ 15,1 mil na segunda (31)"},"content":{"rendered":"<h2>Vagas dispon\u00edveis no concurso<\/h2>\n<p>No concurso da Prefeitura de Exu, em Pernambuco, s\u00e3o oferecidas um total de <strong>304 vagas<\/strong> para diferentes categorias profissionais. As oportunidades abrangem v\u00e1rios n\u00edveis de escolaridade, desde fundamental at\u00e9 superior, permitindo que um amplo espectro de candidatos se inscreva.<\/p>\n<p>A distribui\u00e7\u00e3o das vagas \u00e9 diversificada, com a maior quantidade destinada ao cargo de <strong>Profissional de Apoio Escolar<\/strong>, que conta com <strong>70 oportunidades<\/strong>. Outras posi\u00e7\u00f5es em destaque incluem:<\/p>\n<ul>\n<li><strong>Professor de Ensino Fundamental I \u2013 Anos Iniciais:<\/strong> 40 vagas<\/li>\n<li><strong>Professor de Educa\u00e7\u00e3o Infantil:<\/strong> 38 vagas<\/li>\n<li><strong>Monitor de Transporte Escolar:<\/strong> 20 vagas<\/li>\n<li><strong>Auxiliar de Servi\u00e7os Gerais:<\/strong> 17 vagas<\/li>\n<li><strong>Assistente Administrativo:<\/strong> 17 vagas<\/li>\n<\/ul>\n<p>Al\u00e9m dessas, h\u00e1 op\u00e7\u00f5es para diversas outras \u00e1reas, incluindo sa\u00fade, educa\u00e7\u00e3o e servi\u00e7os gerais, aumentando as chances de obten\u00e7\u00e3o de uma coloca\u00e7\u00e3o.<\/p>\n<p><img decoding=\"async\" src=\"https:\/\/www.camarasmunicipal.com.br\/agenda\/content-wp\/uploads\/2026\/08\/prefeitura-em-pernambuco-encerra-inscricoes-de-concurso-com-304-vagas-e-salarios-de-ate-r-15-1-mil-n.webp\" alt=\"concurso p\u00fablico Pernambuco\" loading=\"lazy\" \/><\/p>\n<h2>Sal\u00e1rios atrativos para candidatos<\/h2>\n<p>Os sal\u00e1rios oferecidos nas vagas variam significativamente, indo de <strong>R$ 1.621<\/strong> at\u00e9 <strong>R$ 15.180<\/strong>. A remunera\u00e7\u00e3o para o cargo de <strong>M\u00e9dico Plantonista<\/strong>, por exemplo, \u00e9 de <strong>R$ 2.200<\/strong> por plant\u00e3o. As faixas salariais s\u00e3o ajustadas de acordo com o n\u00edvel de escolaridade e as responsabilidades do cargo.<\/p>\n<p>Para candidatos a diversas fun\u00e7\u00f5es, as jornadas de trabalho variam entre <strong>20 e 40 horas semanais<\/strong>, e, em alguns casos, chegam a <strong>150 horas mensais<\/strong>, o que proporciona uma flexibilidade importante para muitos profissionais.<\/p>\n<h2>Como se inscrever no concurso<\/h2>\n<p>Os interessados em se candidatar devem acessar o site da banca respons\u00e1vel pela organiza\u00e7\u00e3o do certame, o <strong>Igeduc<\/strong>, onde podem realizar suas inscri\u00e7\u00f5es. Os candidatos precisam ficar atentos ao prazo, que se encerra em <strong>31 de agosto de 2026<\/strong>.<\/p>\n<p>As taxas de inscri\u00e7\u00e3o variam conforme o n\u00edvel de escolaridade e a fun\u00e7\u00e3o escolhida, ficando entre <strong>R$ 85<\/strong> e <strong>R$ 150<\/strong>. \u00c9 essencial que os candidatos consultem os requisitos espec\u00edficos do cargo almejado no edital e garantam a conclus\u00e3o de todos os procedimentos de inscri\u00e7\u00e3o dentro do prazo estabelecido.<\/p>\n<h2>Import\u00e2ncia do concurso p\u00fablico<\/h2>\n<p>Concursos p\u00fablicos desempenham um papel crucial na sociedade, pois oferecem uma oportunidade de trabalho est\u00e1vel e com benef\u00edcios aos cidad\u00e3os. A realiza\u00e7\u00e3o de um certame dessa natureza permite a sele\u00e7\u00e3o de profissionais qualificados que contribuir\u00e3o para a melhora dos servi\u00e7os p\u00fablicos. Al\u00e9m disso, a transpar\u00eancia do processo seletivo ajuda a garantir igualdade de oportunidades para todos os candidatos.<\/p>\n<p>Al\u00e9m da estabilidade financeira proporcionada, um cargo p\u00fablico frequentemente oferece benef\u00edcios adicionais, como planos de sa\u00fade, aux\u00edlios e aposentadoria, fatores que tornam as vagas ainda mais atraentes.<\/p>\n<h2>Requisitos para participar<\/h2>\n<p>Candidatos interessados devem atender a requisitos espec\u00edficos, que variam de acordo com a fun\u00e7\u00e3o desejada. Para as vagas de n\u00edvel fundamental, por exemplo, \u00e9 necess\u00e1rio ter conclu\u00eddo essa etapa de ensino, enquanto para cargos que exigem forma\u00e7\u00e3o t\u00e9cnica ou superior, prova de titula\u00e7\u00e3o em \u00e1reas adequadas tamb\u00e9m \u00e9 obrigat\u00f3ria.<\/p>\n<p>Vale ressaltar que a prepara\u00e7\u00e3o e a adequa\u00e7\u00e3o \u00e0s exig\u00eancias do edital s\u00e3o indispens\u00e1veis para aumentar as chances de sucesso durante o processo seletivo.<\/p>\n<h2>Prazos e datas importantes<\/h2>\n<p>Os prazos s\u00e3o cruciais em um concurso p\u00fablico. As inscri\u00e7\u00f5es est\u00e3o abertas at\u00e9 <strong>31 de agosto de 2026<\/strong>, portanto, \u00e9 vital que os candidatos fiquem atentos para n\u00e3o perder esse limite. A data da prova objetiva est\u00e1 marcada para <strong>18 de outubro de 2026<\/strong>, e todos os inscritos dever\u00e3o comparecer para garantir a participa\u00e7\u00e3o no processo seletivo.<\/p>\n<p>Al\u00e9m da prova objetiva, h\u00e1 a previs\u00e3o de avalia\u00e7\u00f5es adicionais para cargos de n\u00edvel superior, como a an\u00e1lise de t\u00edtulos, bem como entrevistas e cursos de forma\u00e7\u00e3o para determinados cargos, como os de <strong>Agente Comunit\u00e1rio de Sa\u00fade<\/strong> e <strong>Agente de Combate \u00e0s Endemias<\/strong>.<\/p>\n<h2>Cargos mais procurados<\/h2>\n<p>Os cargos mais procurados tendem a ser aqueles com maiores taxas de remunera\u00e7\u00e3o e estabilidade. A fun\u00e7\u00e3o de <strong>M\u00e9dico Plantonista<\/strong>, apesar de exigir especializa\u00e7\u00e3o, \u00e9 bastante concorrida devido ao sal\u00e1rio atrativo. Da mesma forma, posi\u00e7\u00f5es ligadas \u00e0 educa\u00e7\u00e3o, como professora da Educa\u00e7\u00e3o Infantil e do Ensino Fundamental, atraem um grande n\u00famero de candidatos, considerando a constante demanda por profissionais qualificados nessa \u00e1rea.<\/p>\n<p>Cargos relacionados \u00e0 assist\u00eancia e ao suporte da comunidade, como <strong>Agente Comunit\u00e1rio de Sa\u00fade<\/strong>, tamb\u00e9m s\u00e3o populares, pois s\u00e3o fundamentais para a sa\u00fade p\u00fablica e t\u00eam grande impacto na qualidade de vida das popula\u00e7\u00f5es atendidas.<\/p>\n<h2>An\u00e1lise do edital do concurso<\/h2>\n<p>O edital do concurso \u00e9 o documento fundamental que rege todo o processo seletivo, com informa\u00e7\u00f5es detalhadas sobre como ser\u00e1 a sele\u00e7\u00e3o, incluindo os conte\u00fados que ser\u00e3o cobrados nas provas, a estrutura das avalia\u00e7\u00f5es, e os crit\u00e9rios de desempate. \u00c9 essencial que os candidatos leiam o edital com aten\u00e7\u00e3o para garantir o entendimento pleno dos requisitos e das etapas do concurso.<\/p>\n<p>Al\u00e9m disso, o edital apresenta as especifica\u00e7\u00f5es de cada cargo, o que permite que os candidatos verifiquem se suas qualifica\u00e7\u00f5es atendem \u00e0s exig\u00eancias, evitando poss\u00edveis frustra\u00e7\u00f5es durante o concurso.<\/p>\n<h2>Dicas para a prova<\/h2>\n<p>Preparar-se para a prova \u00e9 um passo crucial para garantir um bom desempenho. Algumas dicas incluem:<\/p>\n<ul>\n<li><strong>Estudo Regular:<\/strong> Crie um cronograma de estudos que cubra todo o conte\u00fado program\u00e1tico do edital.<\/li>\n<li><strong>Simulados:<\/strong> Realizar simulados pode ajudar a familiarizar-se com o tipo de quest\u00f5es que ser\u00e3o cobradas.<\/li>\n<li><strong>Banco de Quest\u00f5es:<\/strong> Consulte quest\u00f5es de edi\u00e7\u00f5es anteriores para entender o estilo da prova.<\/li>\n<li><strong>Sa\u00fade Mental:<\/strong> N\u00e3o esque\u00e7a de cuidar da sa\u00fade mental e do bem-estar durante a prepara\u00e7\u00e3o.<\/li>\n<\/ul>\n<p>Estar preparado e tranquilo no dia da prova \u00e9 fundamental para um desempenho positivo.<\/p>\n<h2>Prepara\u00e7\u00e3o para o concurso p\u00fablico<\/h2>\n<p>A prepara\u00e7\u00e3o para um concurso p\u00fablico requer disciplina e estrat\u00e9gia. Comece entendendo o edital e analisando com cuidado as exig\u00eancias de cada fun\u00e7\u00e3o. Montar um plano de estudos coerente que inclua todas as disciplinas exigidas \u00e9 essencial.<\/p>\n<p>Utilizar materiais atualizados e acompanhar as novidades relacionadas ao concurso s\u00e3o pr\u00e1ticas recomendadas. Al\u00e9m disso, participar de grupos de estudo pode ser uma forma eficiente de tirar d\u00favidas e aumentar a motiva\u00e7\u00e3o. Assista a videoaulas e busque a ajuda de quem j\u00e1 passou por situa\u00e7\u00f5es semelhantes, pois isso pode oferecer insights valiosos. Manter-se informado sobre as datas importantes e seguir um cronograma respeitando os prazos estabelecidos \u00e9 uma estrat\u00e9gia que favorece a organiza\u00e7\u00e3o e a efici\u00eancia durante os estudos.<\/p>\n","protected":false},"excerpt":{"rendered":"<p>Prefeitura encerra inscri\u00e7\u00f5es de concurso com 304 vagas dispon\u00edveis em Pernambuco.<\/p>\n","protected":false},"author":1,"featured_media":3920,"comment_status":"closed","ping_status":"","sticky":false,"template":"","format":"standard","meta":{"footnotes":""},"categories":[11],"tags":[],"class_list":["post-3921","post","type-post","status-publish","format-standard","has-post-thumbnail","hentry","category-concursos-aprovados","has_thumb"],"yoast_head":"<!-- This site is optimized with the Yoast SEO plugin v27.0 - https:\/\/yoast.com\/product\/yoast-seo-wordpress\/ -->\n<title>Prefeitura em Pernambuco encerra inscri\u00e7\u00f5es de concurso com 304 vagas e sal\u00e1rios de at\u00e9 R$ 15,1 mil na segunda (31) - C\u00e2maraMunicipal.com.br<\/title>\n<meta name=\"robots\" content=\"index, follow, max-snippet:-1, max-image-preview:large, max-video-preview:-1\" \/>\n<link rel=\"canonical\" href=\"https:\/\/www.camarasmunicipal.com.br\/agenda\/prefeitura-em-pernambuco-encerra-inscricoes-de-concurso-com-304-vagas-e-salarios-de-ate-r-151-mil-na-segunda-31\/\" \/>\n<meta property=\"og:locale\" content=\"pt_BR\" \/>\n<meta property=\"og:type\" content=\"article\" \/>\n<meta property=\"og:title\" content=\"Prefeitura em Pernambuco encerra inscri\u00e7\u00f5es de concurso com 304 vagas e sal\u00e1rios de at\u00e9 R$ 15,1 mil na segunda (31) - C\u00e2maraMunicipal.com.br\" \/>\n<meta property=\"og:description\" content=\"Prefeitura encerra inscri\u00e7\u00f5es de concurso com 304 vagas dispon\u00edveis em Pernambuco.\" \/>\n<meta property=\"og:url\" content=\"https:\/\/www.camarasmunicipal.com.br\/agenda\/prefeitura-em-pernambuco-encerra-inscricoes-de-concurso-com-304-vagas-e-salarios-de-ate-r-151-mil-na-segunda-31\/\" \/>\n<meta property=\"og:site_name\" content=\"C\u00e2maraMunicipal.com.br\" \/>\n<meta property=\"article:published_time\" content=\"2026-08-31T12:47:55+00:00\" \/>\n<meta property=\"article:modified_time\" content=\"2026-08-31T12:47:56+00:00\" \/>\n<meta property=\"og:image\" content=\"https:\/\/www.camarasmunicipal.com.br\/agenda\/content-wp\/uploads\/2026\/08\/banner-concurso-13.webp\" \/>\n\t<meta property=\"og:image:width\" content=\"1\" \/>\n\t<meta property=\"og:image:height\" content=\"1\" \/>\n\t<meta property=\"og:image:type\" content=\"image\/webp\" \/>\n<meta name=\"author\" content=\"Lucas Silva\" \/>\n<meta name=\"twitter:card\" content=\"summary_large_image\" \/>\n<meta name=\"twitter:label1\" content=\"Escrito por\" \/>\n\t<meta name=\"twitter:data1\" content=\"Lucas Silva\" \/>\n\t<meta name=\"twitter:label2\" content=\"Est. tempo de leitura\" \/>\n\t<meta name=\"twitter:data2\" content=\"5 minutos\" \/>\n<script type=\"application\/ld+json\" class=\"yoast-schema-graph\">{\"@context\":\"https:\/\/schema.org\",\"@graph\":[{\"@type\":\"Article\",\"@id\":\"https:\/\/www.camarasmunicipal.com.br\/agenda\/prefeitura-em-pernambuco-encerra-inscricoes-de-concurso-com-304-vagas-e-salarios-de-ate-r-151-mil-na-segunda-31\/#article\",\"isPartOf\":{\"@id\":\"https:\/\/www.camarasmunicipal.com.br\/agenda\/prefeitura-em-pernambuco-encerra-inscricoes-de-concurso-com-304-vagas-e-salarios-de-ate-r-151-mil-na-segunda-31\/\"},\"author\":{\"name\":\"Lucas Silva\",\"@id\":\"https:\/\/www.camaramunicipal.com.br\/agenda\/#\/schema\/person\/b33233bc7bcf00f56cf13c5e8705b814\"},\"headline\":\"Prefeitura em Pernambuco encerra inscri\u00e7\u00f5es de concurso com 304 vagas e sal\u00e1rios de at\u00e9 R$ 15,1 mil na segunda (31)\",\"datePublished\":\"2026-08-31T12:47:55+00:00\",\"dateModified\":\"2026-08-31T12:47:56+00:00\",\"mainEntityOfPage\":{\"@id\":\"https:\/\/www.camarasmunicipal.com.br\/agenda\/prefeitura-em-pernambuco-encerra-inscricoes-de-concurso-com-304-vagas-e-salarios-de-ate-r-151-mil-na-segunda-31\/\"},\"wordCount\":1105,\"image\":{\"@id\":\"https:\/\/www.camarasmunicipal.com.br\/agenda\/prefeitura-em-pernambuco-encerra-inscricoes-de-concurso-com-304-vagas-e-salarios-de-ate-r-151-mil-na-segunda-31\/#primaryimage\"},\"thumbnailUrl\":\"https:\/\/www.camarasmunicipal.com.br\/agenda\/content-wp\/uploads\/2026\/08\/prefeitura-em-pernambuco-encerra-inscricoes-de-concurso-com-304-vagas-e-salarios-de-ate-r-15-1-mil-n.webp\",\"articleSection\":[\"Concursos Aprovados\"],\"inLanguage\":\"pt-BR\"},{\"@type\":\"WebPage\",\"@id\":\"https:\/\/www.camarasmunicipal.com.br\/agenda\/prefeitura-em-pernambuco-encerra-inscricoes-de-concurso-com-304-vagas-e-salarios-de-ate-r-151-mil-na-segunda-31\/\",\"url\":\"https:\/\/www.camarasmunicipal.com.br\/agenda\/prefeitura-em-pernambuco-encerra-inscricoes-de-concurso-com-304-vagas-e-salarios-de-ate-r-151-mil-na-segunda-31\/\",\"name\":\"Prefeitura em Pernambuco encerra inscri\u00e7\u00f5es de concurso com 304 vagas e sal\u00e1rios de at\u00e9 R$ 15,1 mil na segunda (31) - C\u00e2maraMunicipal.com.br\",\"isPartOf\":{\"@id\":\"https:\/\/www.camaramunicipal.com.br\/agenda\/#website\"},\"primaryImageOfPage\":{\"@id\":\"https:\/\/www.camarasmunicipal.com.br\/agenda\/prefeitura-em-pernambuco-encerra-inscricoes-de-concurso-com-304-vagas-e-salarios-de-ate-r-151-mil-na-segunda-31\/#primaryimage\"},\"image\":{\"@id\":\"https:\/\/www.camarasmunicipal.com.br\/agenda\/prefeitura-em-pernambuco-encerra-inscricoes-de-concurso-com-304-vagas-e-salarios-de-ate-r-151-mil-na-segunda-31\/#primaryimage\"},\"thumbnailUrl\":\"https:\/\/www.camarasmunicipal.com.br\/agenda\/content-wp\/uploads\/2026\/08\/prefeitura-em-pernambuco-encerra-inscricoes-de-concurso-com-304-vagas-e-salarios-de-ate-r-15-1-mil-n.webp\",\"datePublished\":\"2026-08-31T12:47:55+00:00\",\"dateModified\":\"2026-08-31T12:47:56+00:00\",\"author\":{\"@id\":\"https:\/\/www.camaramunicipal.com.br\/agenda\/#\/schema\/person\/b33233bc7bcf00f56cf13c5e8705b814\"},\"breadcrumb\":{\"@id\":\"https:\/\/www.camarasmunicipal.com.br\/agenda\/prefeitura-em-pernambuco-encerra-inscricoes-de-concurso-com-304-vagas-e-salarios-de-ate-r-151-mil-na-segunda-31\/#breadcrumb\"},\"inLanguage\":\"pt-BR\",\"potentialAction\":[{\"@type\":\"ReadAction\",\"target\":[\"https:\/\/www.camarasmunicipal.com.br\/agenda\/prefeitura-em-pernambuco-encerra-inscricoes-de-concurso-com-304-vagas-e-salarios-de-ate-r-151-mil-na-segunda-31\/\"]}]},{\"@type\":\"ImageObject\",\"inLanguage\":\"pt-BR\",\"@id\":\"https:\/\/www.camarasmunicipal.com.br\/agenda\/prefeitura-em-pernambuco-encerra-inscricoes-de-concurso-com-304-vagas-e-salarios-de-ate-r-151-mil-na-segunda-31\/#primaryimage\",\"url\":\"https:\/\/www.camarasmunicipal.com.br\/agenda\/content-wp\/uploads\/2026\/08\/prefeitura-em-pernambuco-encerra-inscricoes-de-concurso-com-304-vagas-e-salarios-de-ate-r-15-1-mil-n.webp\",\"contentUrl\":\"https:\/\/www.camarasmunicipal.com.br\/agenda\/content-wp\/uploads\/2026\/08\/prefeitura-em-pernambuco-encerra-inscricoes-de-concurso-com-304-vagas-e-salarios-de-ate-r-15-1-mil-n.webp\",\"width\":280,\"height\":280,\"caption\":\"concurso p\u00fablico Pernambuco\"},{\"@type\":\"BreadcrumbList\",\"@id\":\"https:\/\/www.camarasmunicipal.com.br\/agenda\/prefeitura-em-pernambuco-encerra-inscricoes-de-concurso-com-304-vagas-e-salarios-de-ate-r-151-mil-na-segunda-31\/#breadcrumb\",\"itemListElement\":[{\"@type\":\"ListItem\",\"position\":1,\"name\":\"In\u00edcio\",\"item\":\"https:\/\/www.camaramunicipal.com.br\/agenda\/\"},{\"@type\":\"ListItem\",\"position\":2,\"name\":\"Prefeitura em Pernambuco encerra inscri\u00e7\u00f5es de concurso com 304 vagas e sal\u00e1rios de at\u00e9 R$ 15,1 mil na segunda (31)\"}]},{\"@type\":\"WebSite\",\"@id\":\"https:\/\/www.camaramunicipal.com.br\/agenda\/#website\",\"url\":\"https:\/\/www.camaramunicipal.com.br\/agenda\/\",\"name\":\"C\u00e2maraMunicipal.com.br\",\"description\":\"C\u00e2mara Municipal\",\"potentialAction\":[{\"@type\":\"SearchAction\",\"target\":{\"@type\":\"EntryPoint\",\"urlTemplate\":\"https:\/\/www.camaramunicipal.com.br\/agenda\/?s={search_term_string}\"},\"query-input\":{\"@type\":\"PropertyValueSpecification\",\"valueRequired\":true,\"valueName\":\"search_term_string\"}}],\"inLanguage\":\"pt-BR\"},{\"@type\":\"Person\",\"@id\":\"https:\/\/www.camaramunicipal.com.br\/agenda\/#\/schema\/person\/b33233bc7bcf00f56cf13c5e8705b814\",\"name\":\"Lucas Silva\",\"image\":{\"@type\":\"ImageObject\",\"inLanguage\":\"pt-BR\",\"@id\":\"https:\/\/www.camaramunicipal.com.br\/agenda\/#\/schema\/person\/image\/\",\"url\":\"https:\/\/secure.gravatar.com\/avatar\/ca2e4cb40c39e0d0bee2b480a0b1693f2920bad4758fd663c8d874d0051d7665?s=96&d=mm&r=g\",\"contentUrl\":\"https:\/\/secure.gravatar.com\/avatar\/ca2e4cb40c39e0d0bee2b480a0b1693f2920bad4758fd663c8d874d0051d7665?s=96&d=mm&r=g\",\"caption\":\"Lucas Silva\"},\"description\":\"\ud83d\udc49 Ol\u00e1, meu nome \u00e9 Lucas Silva, editor do portal CamarasMunicipal.com.br. Sou especializado em concursos p\u00fablicos, trazendo not\u00edcias atualizadas, editais e oportunidades em todo o Brasil.\",\"sameAs\":[\"https:\/\/www.camaramunicipal.com.br\/agenda\/\"],\"url\":\"https:\/\/www.camarasmunicipal.com.br\/agenda\/author\/encontra\/\"}]}<\/script>\n<!-- \/ Yoast SEO plugin. -->","yoast_head_json":{"title":"Prefeitura em Pernambuco encerra inscri\u00e7\u00f5es de concurso com 304 vagas e sal\u00e1rios de at\u00e9 R$ 15,1 mil na segunda (31) - C\u00e2maraMunicipal.com.br","robots":{"index":"index","follow":"follow","max-snippet":"max-snippet:-1","max-image-preview":"max-image-preview:large","max-video-preview":"max-video-preview:-1"},"canonical":"https:\/\/www.camarasmunicipal.com.br\/agenda\/prefeitura-em-pernambuco-encerra-inscricoes-de-concurso-com-304-vagas-e-salarios-de-ate-r-151-mil-na-segunda-31\/","og_locale":"pt_BR","og_type":"article","og_title":"Prefeitura em Pernambuco encerra inscri\u00e7\u00f5es de concurso com 304 vagas e sal\u00e1rios de at\u00e9 R$ 15,1 mil na segunda (31) - C\u00e2maraMunicipal.com.br","og_description":"Prefeitura encerra inscri\u00e7\u00f5es de concurso com 304 vagas dispon\u00edveis em Pernambuco.","og_url":"https:\/\/www.camarasmunicipal.com.br\/agenda\/prefeitura-em-pernambuco-encerra-inscricoes-de-concurso-com-304-vagas-e-salarios-de-ate-r-151-mil-na-segunda-31\/","og_site_name":"C\u00e2maraMunicipal.com.br","article_published_time":"2026-08-31T12:47:55+00:00","article_modified_time":"2026-08-31T12:47:56+00:00","og_image":[{"url":"https:\/\/www.camarasmunicipal.com.br\/agenda\/content-wp\/uploads\/2026\/08\/banner-concurso-13.webp","width":1,"height":1,"type":"image\/webp"}],"author":"Lucas Silva","twitter_card":"summary_large_image","twitter_misc":{"Escrito por":"Lucas Silva","Est. tempo de leitura":"5 minutos"},"schema":{"@context":"https:\/\/schema.org","@graph":[{"@type":"Article","@id":"https:\/\/www.camarasmunicipal.com.br\/agenda\/prefeitura-em-pernambuco-encerra-inscricoes-de-concurso-com-304-vagas-e-salarios-de-ate-r-151-mil-na-segunda-31\/#article","isPartOf":{"@id":"https:\/\/www.camarasmunicipal.com.br\/agenda\/prefeitura-em-pernambuco-encerra-inscricoes-de-concurso-com-304-vagas-e-salarios-de-ate-r-151-mil-na-segunda-31\/"},"author":{"name":"Lucas Silva","@id":"https:\/\/www.camaramunicipal.com.br\/agenda\/#\/schema\/person\/b33233bc7bcf00f56cf13c5e8705b814"},"headline":"Prefeitura em Pernambuco encerra inscri\u00e7\u00f5es de concurso com 304 vagas e sal\u00e1rios de at\u00e9 R$ 15,1 mil na segunda (31)","datePublished":"2026-08-31T12:47:55+00:00","dateModified":"2026-08-31T12:47:56+00:00","mainEntityOfPage":{"@id":"https:\/\/www.camarasmunicipal.com.br\/agenda\/prefeitura-em-pernambuco-encerra-inscricoes-de-concurso-com-304-vagas-e-salarios-de-ate-r-151-mil-na-segunda-31\/"},"wordCount":1105,"image":{"@id":"https:\/\/www.camarasmunicipal.com.br\/agenda\/prefeitura-em-pernambuco-encerra-inscricoes-de-concurso-com-304-vagas-e-salarios-de-ate-r-151-mil-na-segunda-31\/#primaryimage"},"thumbnailUrl":"https:\/\/www.camarasmunicipal.com.br\/agenda\/content-wp\/uploads\/2026\/08\/prefeitura-em-pernambuco-encerra-inscricoes-de-concurso-com-304-vagas-e-salarios-de-ate-r-15-1-mil-n.webp","articleSection":["Concursos Aprovados"],"inLanguage":"pt-BR"},{"@type":"WebPage","@id":"https:\/\/www.camarasmunicipal.com.br\/agenda\/prefeitura-em-pernambuco-encerra-inscricoes-de-concurso-com-304-vagas-e-salarios-de-ate-r-151-mil-na-segunda-31\/","url":"https:\/\/www.camarasmunicipal.com.br\/agenda\/prefeitura-em-pernambuco-encerra-inscricoes-de-concurso-com-304-vagas-e-salarios-de-ate-r-151-mil-na-segunda-31\/","name":"Prefeitura em Pernambuco encerra inscri\u00e7\u00f5es de concurso com 304 vagas e sal\u00e1rios de at\u00e9 R$ 15,1 mil na segunda (31) - C\u00e2maraMunicipal.com.br","isPartOf":{"@id":"https:\/\/www.camaramunicipal.com.br\/agenda\/#website"},"primaryImageOfPage":{"@id":"https:\/\/www.camarasmunicipal.com.br\/agenda\/prefeitura-em-pernambuco-encerra-inscricoes-de-concurso-com-304-vagas-e-salarios-de-ate-r-151-mil-na-segunda-31\/#primaryimage"},"image":{"@id":"https:\/\/www.camarasmunicipal.com.br\/agenda\/prefeitura-em-pernambuco-encerra-inscricoes-de-concurso-com-304-vagas-e-salarios-de-ate-r-151-mil-na-segunda-31\/#primaryimage"},"thumbnailUrl":"https:\/\/www.camarasmunicipal.com.br\/agenda\/content-wp\/uploads\/2026\/08\/prefeitura-em-pernambuco-encerra-inscricoes-de-concurso-com-304-vagas-e-salarios-de-ate-r-15-1-mil-n.webp","datePublished":"2026-08-31T12:47:55+00:00","dateModified":"2026-08-31T12:47:56+00:00","author":{"@id":"https:\/\/www.camaramunicipal.com.br\/agenda\/#\/schema\/person\/b33233bc7bcf00f56cf13c5e8705b814"},"breadcrumb":{"@id":"https:\/\/www.camarasmunicipal.com.br\/agenda\/prefeitura-em-pernambuco-encerra-inscricoes-de-concurso-com-304-vagas-e-salarios-de-ate-r-151-mil-na-segunda-31\/#breadcrumb"},"inLanguage":"pt-BR","potentialAction":[{"@type":"ReadAction","target":["https:\/\/www.camarasmunicipal.com.br\/agenda\/prefeitura-em-pernambuco-encerra-inscricoes-de-concurso-com-304-vagas-e-salarios-de-ate-r-151-mil-na-segunda-31\/"]}]},{"@type":"ImageObject","inLanguage":"pt-BR","@id":"https:\/\/www.camarasmunicipal.com.br\/agenda\/prefeitura-em-pernambuco-encerra-inscricoes-de-concurso-com-304-vagas-e-salarios-de-ate-r-151-mil-na-segunda-31\/#primaryimage","url":"https:\/\/www.camarasmunicipal.com.br\/agenda\/content-wp\/uploads\/2026\/08\/prefeitura-em-pernambuco-encerra-inscricoes-de-concurso-com-304-vagas-e-salarios-de-ate-r-15-1-mil-n.webp","contentUrl":"https:\/\/www.camarasmunicipal.com.br\/agenda\/content-wp\/uploads\/2026\/08\/prefeitura-em-pernambuco-encerra-inscricoes-de-concurso-com-304-vagas-e-salarios-de-ate-r-15-1-mil-n.webp","width":280,"height":280,"caption":"concurso p\u00fablico Pernambuco"},{"@type":"BreadcrumbList","@id":"https:\/\/www.camarasmunicipal.com.br\/agenda\/prefeitura-em-pernambuco-encerra-inscricoes-de-concurso-com-304-vagas-e-salarios-de-ate-r-151-mil-na-segunda-31\/#breadcrumb","itemListElement":[{"@type":"ListItem","position":1,"name":"In\u00edcio","item":"https:\/\/www.camaramunicipal.com.br\/agenda\/"},{"@type":"ListItem","position":2,"name":"Prefeitura em Pernambuco encerra inscri\u00e7\u00f5es de concurso com 304 vagas e sal\u00e1rios de at\u00e9 R$ 15,1 mil na segunda (31)"}]},{"@type":"WebSite","@id":"https:\/\/www.camaramunicipal.com.br\/agenda\/#website","url":"https:\/\/www.camaramunicipal.com.br\/agenda\/","name":"C\u00e2maraMunicipal.com.br","description":"C\u00e2mara Municipal","potentialAction":[{"@type":"SearchAction","target":{"@type":"EntryPoint","urlTemplate":"https:\/\/www.camaramunicipal.com.br\/agenda\/?s={search_term_string}"},"query-input":{"@type":"PropertyValueSpecification","valueRequired":true,"valueName":"search_term_string"}}],"inLanguage":"pt-BR"},{"@type":"Person","@id":"https:\/\/www.camaramunicipal.com.br\/agenda\/#\/schema\/person\/b33233bc7bcf00f56cf13c5e8705b814","name":"Lucas Silva","image":{"@type":"ImageObject","inLanguage":"pt-BR","@id":"https:\/\/www.camaramunicipal.com.br\/agenda\/#\/schema\/person\/image\/","url":"https:\/\/secure.gravatar.com\/avatar\/ca2e4cb40c39e0d0bee2b480a0b1693f2920bad4758fd663c8d874d0051d7665?s=96&d=mm&r=g","contentUrl":"https:\/\/secure.gravatar.com\/avatar\/ca2e4cb40c39e0d0bee2b480a0b1693f2920bad4758fd663c8d874d0051d7665?s=96&d=mm&r=g","caption":"Lucas Silva"},"description":"\ud83d\udc49 Ol\u00e1, meu nome \u00e9 Lucas Silva, editor do portal CamarasMunicipal.com.br. Sou especializado em concursos p\u00fablicos, trazendo not\u00edcias atualizadas, editais e oportunidades em todo o Brasil.","sameAs":["https:\/\/www.camaramunicipal.com.br\/agenda\/"],"url":"https:\/\/www.camarasmunicipal.com.br\/agenda\/author\/encontra\/"}]}},"_links":{"self":[{"href":"https:\/\/www.camarasmunicipal.com.br\/agenda\/wp-json\/wp\/v2\/posts\/3921","targetHints":{"allow":["GET"]}}],"collection":[{"href":"https:\/\/www.camarasmunicipal.com.br\/agenda\/wp-json\/wp\/v2\/posts"}],"about":[{"href":"https:\/\/www.camarasmunicipal.com.br\/agenda\/wp-json\/wp\/v2\/types\/post"}],"author":[{"embeddable":true,"href":"https:\/\/www.camarasmunicipal.com.br\/agenda\/wp-json\/wp\/v2\/users\/1"}],"replies":[{"embeddable":true,"href":"https:\/\/www.camarasmunicipal.com.br\/agenda\/wp-json\/wp\/v2\/comments?post=3921"}],"version-history":[{"count":0,"href":"https:\/\/www.camarasmunicipal.com.br\/agenda\/wp-json\/wp\/v2\/posts\/3921\/revisions"}],"wp:featuredmedia":[{"embeddable":true,"href":"https:\/\/www.camarasmunicipal.com.br\/agenda\/wp-json\/wp\/v2\/media\/3920"}],"wp:attachment":[{"href":"https:\/\/www.camarasmunicipal.com.br\/agenda\/wp-json\/wp\/v2\/media?parent=3921"}],"wp:term":[{"taxonomy":"category","embeddable":true,"href":"https:\/\/www.camarasmunicipal.com.br\/agenda\/wp-json\/wp\/v2\/categories?post=3921"},{"taxonomy":"post_tag","embeddable":true,"href":"https:\/\/www.camarasmunicipal.com.br\/agenda\/wp-json\/wp\/v2\/tags?post=3921"}],"curies":[{"name":"wp","href":"https:\/\/api.w.org\/{rel}","templated":true}]}}