{"id":3915,"date":"2026-08-31T09:46:04","date_gmt":"2026-08-31T12:46:04","guid":{"rendered":"https:\/\/www.camarasmunicipal.com.br\/agenda\/gabarito-extraoficial-ibge-veja-a-correcao-de-acq\/"},"modified":"2026-08-31T09:46:04","modified_gmt":"2026-08-31T12:46:04","slug":"gabarito-extraoficial-ibge-veja-a-correcao-de-acq","status":"publish","type":"post","link":"https:\/\/www.camarasmunicipal.com.br\/agenda\/gabarito-extraoficial-ibge-veja-a-correcao-de-acq\/","title":{"rendered":"Gabarito Extraoficial IBGE: veja a corre\u00e7\u00e3o de ACQ"},"content":{"rendered":"<h2>O que \u00e9 o Gabarito Extraoficial do IBGE?<\/h2>\n<p>O <strong>Gabarito Extraoficial do IBGE<\/strong> \u00e9 uma ferramenta que oferece a corre\u00e7\u00e3o preliminar das provas aplicadas no <strong>Concurso do Instituto Brasileiro de Geografia e Estat\u00edstica<\/strong> (IBGE). Ele \u00e9 disponibilizado para os candidatos, permitindo que eles comparem suas respostas e tenham uma ideia do seu desempenho imediatamente ap\u00f3s a realiza\u00e7\u00e3o das provas.<\/p>\n<h2>Como Funciona a Corre\u00e7\u00e3o ao Vivo?<\/h2>\n<p>A <strong>corre\u00e7\u00e3o ao vivo<\/strong> \u00e9 um servi\u00e7o disponibilizado pela equipe de especialistas do IBGE, onde, durante ou logo ap\u00f3s a aplica\u00e7\u00e3o das provas, as respostas s\u00e3o corrigidas em tempo real. Isso proporciona aos candidatos a oportunidade de verificar como se sa\u00edram, permitindo um feedback imediato em rela\u00e7\u00e3o ao seu desempenho.<\/p>\n<h2>Import\u00e2ncia da Corre\u00e7\u00e3o Imediata<\/h2>\n<p>Ter acesso \u00e0 corre\u00e7\u00e3o imediata \u00e9 crucial para os candidatos, pois permite que eles:<\/p>\n<p><img decoding=\"async\" src=\"https:\/\/www.camarasmunicipal.com.br\/agenda\/content-wp\/uploads\/2026\/08\/gabarito-extraoficial-ibge-veja-a-correcao-de-acq.webp\" alt=\"gabarito extraoficial ibge\" loading=\"lazy\" \/><\/p>\n<ul>\n<li><strong>Avaliem seu desempenho:<\/strong> Podem perceber quais quest\u00f5es abandonaram e como se sa\u00edram nas que responderam.<\/li>\n<li><strong>Identifiquem \u00e1reas de melhoria:<\/strong> Com a an\u00e1lise das quest\u00f5es acertadas e erradas, podem focar em suas fraquezas para futuros concursos.<\/li>\n<li><strong>Reducam a ansiedade:<\/strong> Saber imediatamente o que acertaram ajuda a acalmar a inseguran\u00e7a p\u00f3s-prova.<\/li>\n<\/ul>\n<h2>Quais Disciplinas Est\u00e3o Inclu\u00eddas?<\/h2>\n<p>As provas do concurso para a fun\u00e7\u00e3o de <strong>Agente Censit\u00e1rio de Qualidade<\/strong> (ACQ) abordam v\u00e1rias disciplinas, incluindo:<\/p>\n<ul>\n<li>L\u00edngua Portuguesa<\/li>\n<li>Racioc\u00ednio L\u00f3gico Quantitativo<\/li>\n<li>Geografia<\/li>\n<li>Conhecimentos T\u00e9cnicos<\/li>\n<\/ul>\n<h2>Dicas para Estudar para o Concurso<\/h2>\n<p>Para se preparar adequadamente para o concurso do IBGE, os candidatos devem considerar as seguintes dicas:<\/p>\n<ul>\n<li><strong>Organiza\u00e7\u00e3o dos estudos:<\/strong> Crie um cronograma que aborde todas as disciplinas relevantes, definindo dias e hor\u00e1rios espec\u00edficos.<\/li>\n<li><strong>Pr\u00e1tica com exerc\u00edcios:<\/strong> Resolva quest\u00f5es de concursos anteriores para se familiarizar com o estilo das perguntas.<\/li>\n<li><strong>Revis\u00e3o cont\u00ednua:<\/strong> Reserve um tempo semanal para revisar o material estudado, refor\u00e7ando o aprendizado.<\/li>\n<\/ul>\n<h2>Como o Gabarito Pode Ajudar na Classifica\u00e7\u00e3o?<\/h2>\n<p>Consultar o gabarito extraoficial \u00e9 uma estrat\u00e9gia eficaz para entender onde os candidatos est\u00e3o posicionados em rela\u00e7\u00e3o \u00e0 concorr\u00eancia. Ap\u00f3s a corre\u00e7\u00e3o de suas respostas, eles podem ver sua pontua\u00e7\u00e3o e participar do <strong>Ranking Classificat\u00f3rio<\/strong>, o que traz uma vis\u00e3o mais clara de suas chances de aprova\u00e7\u00e3o.<\/p>\n<h2>Expectativas para o Resultado Final<\/h2>\n<p>Ap\u00f3s a realiza\u00e7\u00e3o das provas e a consulta ao gabarito extraoficial, muitos candidatos ficam ansiosos pelos resultados finais. \u00c9 essencial compreender que, enquanto a corre\u00e7\u00e3o imediata oferece uma ideia aproximada da performance, o resultado oficial ser\u00e1 aquele considerado para a classifica\u00e7\u00e3o final.<\/p>\n<h2>Ranking Classificat\u00f3rio e Sua Import\u00e2ncia<\/h2>\n<p>O <strong>Ranking Classificat\u00f3rio<\/strong> \u00e9 um listagem dos candidatos com base nas suas pontua\u00e7\u00f5es, ajudando a entender a posi\u00e7\u00e3o em rela\u00e7\u00e3o aos demais concorrentes. Isso \u00e9 crucial para a motiva\u00e7\u00e3o e planejamento de futuras etapas, uma vez que permite identificar a necessidade de intensificar os estudos ou manter a estrat\u00e9gia atual.<\/p>\n<h2>Depoimentos de Candidatos<\/h2>\n<p>Os depoimentos de candidatos que j\u00e1 passaram pelo processo s\u00e3o uma fonte valiosa de aprendizado. Eles frequentemente compartilham suas experi\u00eancias sobre a prepara\u00e7\u00e3o, as dificuldades enfrentadas e dicas pr\u00e1ticas que podem ajudar os novos candidatos.<\/p>\n<h2>Pr\u00f3ximos Passos Ap\u00f3s a Prova<\/h2>\n<p>Ap\u00f3s a aplica\u00e7\u00e3o da prova, os candidatos devem:<\/p>\n<ul>\n<li>Consultar o gabarito extraoficial imediatamente ap\u00f3s a prova.<\/li>\n<li>Analisar seu desempenho comparado ao ranking.<\/li>\n<li>Preparar-se para a espera dos resultados oficiais, mantendo a calma e a confian\u00e7a.<\/li>\n<li>Refletir sobre a sua performance, considerando o que pode ser melhorado para concursos futuros.<\/li>\n<\/ul>\n","protected":false},"excerpt":{"rendered":"<p>Gabarito Extraoficial IBGE: confira a corre\u00e7\u00e3o e desempenho ao vivo.<\/p>\n","protected":false},"author":1,"featured_media":3914,"comment_status":"closed","ping_status":"","sticky":false,"template":"","format":"standard","meta":{"footnotes":""},"categories":[8],"tags":[],"class_list":["post-3915","post","type-post","status-publish","format-standard","has-post-thumbnail","hentry","category-concurso-publico","has_thumb"],"yoast_head":"<!-- This site is optimized with the Yoast SEO plugin v27.0 - https:\/\/yoast.com\/product\/yoast-seo-wordpress\/ -->\n<title>Gabarito Extraoficial IBGE: veja a corre\u00e7\u00e3o de ACQ - C\u00e2maraMunicipal.com.br<\/title>\n<meta name=\"robots\" content=\"index, follow, max-snippet:-1, max-image-preview:large, max-video-preview:-1\" \/>\n<link rel=\"canonical\" href=\"https:\/\/www.camarasmunicipal.com.br\/agenda\/gabarito-extraoficial-ibge-veja-a-correcao-de-acq\/\" \/>\n<meta property=\"og:locale\" content=\"pt_BR\" \/>\n<meta property=\"og:type\" content=\"article\" \/>\n<meta property=\"og:title\" content=\"Gabarito Extraoficial IBGE: veja a corre\u00e7\u00e3o de ACQ - C\u00e2maraMunicipal.com.br\" \/>\n<meta property=\"og:description\" content=\"Gabarito Extraoficial IBGE: confira a corre\u00e7\u00e3o e desempenho ao vivo.\" \/>\n<meta property=\"og:url\" content=\"https:\/\/www.camarasmunicipal.com.br\/agenda\/gabarito-extraoficial-ibge-veja-a-correcao-de-acq\/\" \/>\n<meta property=\"og:site_name\" content=\"C\u00e2maraMunicipal.com.br\" \/>\n<meta property=\"article:published_time\" content=\"2026-08-31T12:46:04+00:00\" \/>\n<meta property=\"og:image\" content=\"https:\/\/www.camarasmunicipal.com.br\/agenda\/content-wp\/uploads\/2026\/08\/banner-concurso-9.webp\" \/>\n\t<meta property=\"og:image:width\" content=\"1\" \/>\n\t<meta property=\"og:image:height\" content=\"1\" \/>\n\t<meta property=\"og:image:type\" content=\"image\/webp\" \/>\n<meta name=\"author\" content=\"Lucas Silva\" \/>\n<meta name=\"twitter:card\" content=\"summary_large_image\" \/>\n<meta name=\"twitter:label1\" content=\"Escrito por\" \/>\n\t<meta name=\"twitter:data1\" content=\"Lucas Silva\" \/>\n\t<meta name=\"twitter:label2\" content=\"Est. tempo de leitura\" \/>\n\t<meta name=\"twitter:data2\" content=\"3 minutos\" \/>\n<script type=\"application\/ld+json\" class=\"yoast-schema-graph\">{\"@context\":\"https:\/\/schema.org\",\"@graph\":[{\"@type\":\"Article\",\"@id\":\"https:\/\/www.camarasmunicipal.com.br\/agenda\/gabarito-extraoficial-ibge-veja-a-correcao-de-acq\/#article\",\"isPartOf\":{\"@id\":\"https:\/\/www.camarasmunicipal.com.br\/agenda\/gabarito-extraoficial-ibge-veja-a-correcao-de-acq\/\"},\"author\":{\"name\":\"Lucas Silva\",\"@id\":\"https:\/\/www.camaramunicipal.com.br\/agenda\/#\/schema\/person\/b33233bc7bcf00f56cf13c5e8705b814\"},\"headline\":\"Gabarito Extraoficial IBGE: veja a corre\u00e7\u00e3o de ACQ\",\"datePublished\":\"2026-08-31T12:46:04+00:00\",\"mainEntityOfPage\":{\"@id\":\"https:\/\/www.camarasmunicipal.com.br\/agenda\/gabarito-extraoficial-ibge-veja-a-correcao-de-acq\/\"},\"wordCount\":598,\"image\":{\"@id\":\"https:\/\/www.camarasmunicipal.com.br\/agenda\/gabarito-extraoficial-ibge-veja-a-correcao-de-acq\/#primaryimage\"},\"thumbnailUrl\":\"https:\/\/www.camarasmunicipal.com.br\/agenda\/content-wp\/uploads\/2026\/08\/gabarito-extraoficial-ibge-veja-a-correcao-de-acq.webp\",\"articleSection\":[\"Concurso P\u00fablico\"],\"inLanguage\":\"pt-BR\"},{\"@type\":\"WebPage\",\"@id\":\"https:\/\/www.camarasmunicipal.com.br\/agenda\/gabarito-extraoficial-ibge-veja-a-correcao-de-acq\/\",\"url\":\"https:\/\/www.camarasmunicipal.com.br\/agenda\/gabarito-extraoficial-ibge-veja-a-correcao-de-acq\/\",\"name\":\"Gabarito Extraoficial IBGE: veja a corre\u00e7\u00e3o de ACQ - C\u00e2maraMunicipal.com.br\",\"isPartOf\":{\"@id\":\"https:\/\/www.camaramunicipal.com.br\/agenda\/#website\"},\"primaryImageOfPage\":{\"@id\":\"https:\/\/www.camarasmunicipal.com.br\/agenda\/gabarito-extraoficial-ibge-veja-a-correcao-de-acq\/#primaryimage\"},\"image\":{\"@id\":\"https:\/\/www.camarasmunicipal.com.br\/agenda\/gabarito-extraoficial-ibge-veja-a-correcao-de-acq\/#primaryimage\"},\"thumbnailUrl\":\"https:\/\/www.camarasmunicipal.com.br\/agenda\/content-wp\/uploads\/2026\/08\/gabarito-extraoficial-ibge-veja-a-correcao-de-acq.webp\",\"datePublished\":\"2026-08-31T12:46:04+00:00\",\"author\":{\"@id\":\"https:\/\/www.camaramunicipal.com.br\/agenda\/#\/schema\/person\/b33233bc7bcf00f56cf13c5e8705b814\"},\"breadcrumb\":{\"@id\":\"https:\/\/www.camarasmunicipal.com.br\/agenda\/gabarito-extraoficial-ibge-veja-a-correcao-de-acq\/#breadcrumb\"},\"inLanguage\":\"pt-BR\",\"potentialAction\":[{\"@type\":\"ReadAction\",\"target\":[\"https:\/\/www.camarasmunicipal.com.br\/agenda\/gabarito-extraoficial-ibge-veja-a-correcao-de-acq\/\"]}]},{\"@type\":\"ImageObject\",\"inLanguage\":\"pt-BR\",\"@id\":\"https:\/\/www.camarasmunicipal.com.br\/agenda\/gabarito-extraoficial-ibge-veja-a-correcao-de-acq\/#primaryimage\",\"url\":\"https:\/\/www.camarasmunicipal.com.br\/agenda\/content-wp\/uploads\/2026\/08\/gabarito-extraoficial-ibge-veja-a-correcao-de-acq.webp\",\"contentUrl\":\"https:\/\/www.camarasmunicipal.com.br\/agenda\/content-wp\/uploads\/2026\/08\/gabarito-extraoficial-ibge-veja-a-correcao-de-acq.webp\",\"width\":280,\"height\":280,\"caption\":\"gabarito extraoficial ibge\"},{\"@type\":\"BreadcrumbList\",\"@id\":\"https:\/\/www.camarasmunicipal.com.br\/agenda\/gabarito-extraoficial-ibge-veja-a-correcao-de-acq\/#breadcrumb\",\"itemListElement\":[{\"@type\":\"ListItem\",\"position\":1,\"name\":\"In\u00edcio\",\"item\":\"https:\/\/www.camaramunicipal.com.br\/agenda\/\"},{\"@type\":\"ListItem\",\"position\":2,\"name\":\"Gabarito Extraoficial IBGE: veja a corre\u00e7\u00e3o de ACQ\"}]},{\"@type\":\"WebSite\",\"@id\":\"https:\/\/www.camaramunicipal.com.br\/agenda\/#website\",\"url\":\"https:\/\/www.camaramunicipal.com.br\/agenda\/\",\"name\":\"C\u00e2maraMunicipal.com.br\",\"description\":\"C\u00e2mara Municipal\",\"potentialAction\":[{\"@type\":\"SearchAction\",\"target\":{\"@type\":\"EntryPoint\",\"urlTemplate\":\"https:\/\/www.camaramunicipal.com.br\/agenda\/?s={search_term_string}\"},\"query-input\":{\"@type\":\"PropertyValueSpecification\",\"valueRequired\":true,\"valueName\":\"search_term_string\"}}],\"inLanguage\":\"pt-BR\"},{\"@type\":\"Person\",\"@id\":\"https:\/\/www.camaramunicipal.com.br\/agenda\/#\/schema\/person\/b33233bc7bcf00f56cf13c5e8705b814\",\"name\":\"Lucas Silva\",\"image\":{\"@type\":\"ImageObject\",\"inLanguage\":\"pt-BR\",\"@id\":\"https:\/\/www.camaramunicipal.com.br\/agenda\/#\/schema\/person\/image\/\",\"url\":\"https:\/\/secure.gravatar.com\/avatar\/ca2e4cb40c39e0d0bee2b480a0b1693f2920bad4758fd663c8d874d0051d7665?s=96&d=mm&r=g\",\"contentUrl\":\"https:\/\/secure.gravatar.com\/avatar\/ca2e4cb40c39e0d0bee2b480a0b1693f2920bad4758fd663c8d874d0051d7665?s=96&d=mm&r=g\",\"caption\":\"Lucas Silva\"},\"description\":\"\ud83d\udc49 Ol\u00e1, meu nome \u00e9 Lucas Silva, editor do portal CamarasMunicipal.com.br. Sou especializado em concursos p\u00fablicos, trazendo not\u00edcias atualizadas, editais e oportunidades em todo o Brasil.\",\"sameAs\":[\"https:\/\/www.camaramunicipal.com.br\/agenda\/\"],\"url\":\"https:\/\/www.camarasmunicipal.com.br\/agenda\/author\/encontra\/\"}]}<\/script>\n<!-- \/ Yoast SEO plugin. -->","yoast_head_json":{"title":"Gabarito Extraoficial IBGE: veja a corre\u00e7\u00e3o de ACQ - C\u00e2maraMunicipal.com.br","robots":{"index":"index","follow":"follow","max-snippet":"max-snippet:-1","max-image-preview":"max-image-preview:large","max-video-preview":"max-video-preview:-1"},"canonical":"https:\/\/www.camarasmunicipal.com.br\/agenda\/gabarito-extraoficial-ibge-veja-a-correcao-de-acq\/","og_locale":"pt_BR","og_type":"article","og_title":"Gabarito Extraoficial IBGE: veja a corre\u00e7\u00e3o de ACQ - C\u00e2maraMunicipal.com.br","og_description":"Gabarito Extraoficial IBGE: confira a corre\u00e7\u00e3o e desempenho ao vivo.","og_url":"https:\/\/www.camarasmunicipal.com.br\/agenda\/gabarito-extraoficial-ibge-veja-a-correcao-de-acq\/","og_site_name":"C\u00e2maraMunicipal.com.br","article_published_time":"2026-08-31T12:46:04+00:00","og_image":[{"url":"https:\/\/www.camarasmunicipal.com.br\/agenda\/content-wp\/uploads\/2026\/08\/banner-concurso-9.webp","width":1,"height":1,"type":"image\/webp"}],"author":"Lucas Silva","twitter_card":"summary_large_image","twitter_misc":{"Escrito por":"Lucas Silva","Est. tempo de leitura":"3 minutos"},"schema":{"@context":"https:\/\/schema.org","@graph":[{"@type":"Article","@id":"https:\/\/www.camarasmunicipal.com.br\/agenda\/gabarito-extraoficial-ibge-veja-a-correcao-de-acq\/#article","isPartOf":{"@id":"https:\/\/www.camarasmunicipal.com.br\/agenda\/gabarito-extraoficial-ibge-veja-a-correcao-de-acq\/"},"author":{"name":"Lucas Silva","@id":"https:\/\/www.camaramunicipal.com.br\/agenda\/#\/schema\/person\/b33233bc7bcf00f56cf13c5e8705b814"},"headline":"Gabarito Extraoficial IBGE: veja a corre\u00e7\u00e3o de ACQ","datePublished":"2026-08-31T12:46:04+00:00","mainEntityOfPage":{"@id":"https:\/\/www.camarasmunicipal.com.br\/agenda\/gabarito-extraoficial-ibge-veja-a-correcao-de-acq\/"},"wordCount":598,"image":{"@id":"https:\/\/www.camarasmunicipal.com.br\/agenda\/gabarito-extraoficial-ibge-veja-a-correcao-de-acq\/#primaryimage"},"thumbnailUrl":"https:\/\/www.camarasmunicipal.com.br\/agenda\/content-wp\/uploads\/2026\/08\/gabarito-extraoficial-ibge-veja-a-correcao-de-acq.webp","articleSection":["Concurso P\u00fablico"],"inLanguage":"pt-BR"},{"@type":"WebPage","@id":"https:\/\/www.camarasmunicipal.com.br\/agenda\/gabarito-extraoficial-ibge-veja-a-correcao-de-acq\/","url":"https:\/\/www.camarasmunicipal.com.br\/agenda\/gabarito-extraoficial-ibge-veja-a-correcao-de-acq\/","name":"Gabarito Extraoficial IBGE: veja a corre\u00e7\u00e3o de ACQ - C\u00e2maraMunicipal.com.br","isPartOf":{"@id":"https:\/\/www.camaramunicipal.com.br\/agenda\/#website"},"primaryImageOfPage":{"@id":"https:\/\/www.camarasmunicipal.com.br\/agenda\/gabarito-extraoficial-ibge-veja-a-correcao-de-acq\/#primaryimage"},"image":{"@id":"https:\/\/www.camarasmunicipal.com.br\/agenda\/gabarito-extraoficial-ibge-veja-a-correcao-de-acq\/#primaryimage"},"thumbnailUrl":"https:\/\/www.camarasmunicipal.com.br\/agenda\/content-wp\/uploads\/2026\/08\/gabarito-extraoficial-ibge-veja-a-correcao-de-acq.webp","datePublished":"2026-08-31T12:46:04+00:00","author":{"@id":"https:\/\/www.camaramunicipal.com.br\/agenda\/#\/schema\/person\/b33233bc7bcf00f56cf13c5e8705b814"},"breadcrumb":{"@id":"https:\/\/www.camarasmunicipal.com.br\/agenda\/gabarito-extraoficial-ibge-veja-a-correcao-de-acq\/#breadcrumb"},"inLanguage":"pt-BR","potentialAction":[{"@type":"ReadAction","target":["https:\/\/www.camarasmunicipal.com.br\/agenda\/gabarito-extraoficial-ibge-veja-a-correcao-de-acq\/"]}]},{"@type":"ImageObject","inLanguage":"pt-BR","@id":"https:\/\/www.camarasmunicipal.com.br\/agenda\/gabarito-extraoficial-ibge-veja-a-correcao-de-acq\/#primaryimage","url":"https:\/\/www.camarasmunicipal.com.br\/agenda\/content-wp\/uploads\/2026\/08\/gabarito-extraoficial-ibge-veja-a-correcao-de-acq.webp","contentUrl":"https:\/\/www.camarasmunicipal.com.br\/agenda\/content-wp\/uploads\/2026\/08\/gabarito-extraoficial-ibge-veja-a-correcao-de-acq.webp","width":280,"height":280,"caption":"gabarito extraoficial ibge"},{"@type":"BreadcrumbList","@id":"https:\/\/www.camarasmunicipal.com.br\/agenda\/gabarito-extraoficial-ibge-veja-a-correcao-de-acq\/#breadcrumb","itemListElement":[{"@type":"ListItem","position":1,"name":"In\u00edcio","item":"https:\/\/www.camaramunicipal.com.br\/agenda\/"},{"@type":"ListItem","position":2,"name":"Gabarito Extraoficial IBGE: veja a corre\u00e7\u00e3o de ACQ"}]},{"@type":"WebSite","@id":"https:\/\/www.camaramunicipal.com.br\/agenda\/#website","url":"https:\/\/www.camaramunicipal.com.br\/agenda\/","name":"C\u00e2maraMunicipal.com.br","description":"C\u00e2mara Municipal","potentialAction":[{"@type":"SearchAction","target":{"@type":"EntryPoint","urlTemplate":"https:\/\/www.camaramunicipal.com.br\/agenda\/?s={search_term_string}"},"query-input":{"@type":"PropertyValueSpecification","valueRequired":true,"valueName":"search_term_string"}}],"inLanguage":"pt-BR"},{"@type":"Person","@id":"https:\/\/www.camaramunicipal.com.br\/agenda\/#\/schema\/person\/b33233bc7bcf00f56cf13c5e8705b814","name":"Lucas Silva","image":{"@type":"ImageObject","inLanguage":"pt-BR","@id":"https:\/\/www.camaramunicipal.com.br\/agenda\/#\/schema\/person\/image\/","url":"https:\/\/secure.gravatar.com\/avatar\/ca2e4cb40c39e0d0bee2b480a0b1693f2920bad4758fd663c8d874d0051d7665?s=96&d=mm&r=g","contentUrl":"https:\/\/secure.gravatar.com\/avatar\/ca2e4cb40c39e0d0bee2b480a0b1693f2920bad4758fd663c8d874d0051d7665?s=96&d=mm&r=g","caption":"Lucas Silva"},"description":"\ud83d\udc49 Ol\u00e1, meu nome \u00e9 Lucas Silva, editor do portal CamarasMunicipal.com.br. Sou especializado em concursos p\u00fablicos, trazendo not\u00edcias atualizadas, editais e oportunidades em todo o Brasil.","sameAs":["https:\/\/www.camaramunicipal.com.br\/agenda\/"],"url":"https:\/\/www.camarasmunicipal.com.br\/agenda\/author\/encontra\/"}]}},"_links":{"self":[{"href":"https:\/\/www.camarasmunicipal.com.br\/agenda\/wp-json\/wp\/v2\/posts\/3915","targetHints":{"allow":["GET"]}}],"collection":[{"href":"https:\/\/www.camarasmunicipal.com.br\/agenda\/wp-json\/wp\/v2\/posts"}],"about":[{"href":"https:\/\/www.camarasmunicipal.com.br\/agenda\/wp-json\/wp\/v2\/types\/post"}],"author":[{"embeddable":true,"href":"https:\/\/www.camarasmunicipal.com.br\/agenda\/wp-json\/wp\/v2\/users\/1"}],"replies":[{"embeddable":true,"href":"https:\/\/www.camarasmunicipal.com.br\/agenda\/wp-json\/wp\/v2\/comments?post=3915"}],"version-history":[{"count":0,"href":"https:\/\/www.camarasmunicipal.com.br\/agenda\/wp-json\/wp\/v2\/posts\/3915\/revisions"}],"wp:featuredmedia":[{"embeddable":true,"href":"https:\/\/www.camarasmunicipal.com.br\/agenda\/wp-json\/wp\/v2\/media\/3914"}],"wp:attachment":[{"href":"https:\/\/www.camarasmunicipal.com.br\/agenda\/wp-json\/wp\/v2\/media?parent=3915"}],"wp:term":[{"taxonomy":"category","embeddable":true,"href":"https:\/\/www.camarasmunicipal.com.br\/agenda\/wp-json\/wp\/v2\/categories?post=3915"},{"taxonomy":"post_tag","embeddable":true,"href":"https:\/\/www.camarasmunicipal.com.br\/agenda\/wp-json\/wp\/v2\/tags?post=3915"}],"curies":[{"name":"wp","href":"https:\/\/api.w.org\/{rel}","templated":true}]}}