{"id":3912,"date":"2026-08-30T10:28:33","date_gmt":"2026-08-30T13:28:33","guid":{"rendered":"https:\/\/www.camarasmunicipal.com.br\/agenda\/prefeitura-no-alagoas-abre-concurso-para-area-da-educacao-com-207-vagas-e-salarios-de-ate-r-49-mil\/"},"modified":"2026-08-30T10:28:33","modified_gmt":"2026-08-30T13:28:33","slug":"prefeitura-no-alagoas-abre-concurso-para-area-da-educacao-com-207-vagas-e-salarios-de-ate-r-49-mil","status":"publish","type":"post","link":"https:\/\/www.camarasmunicipal.com.br\/agenda\/prefeitura-no-alagoas-abre-concurso-para-area-da-educacao-com-207-vagas-e-salarios-de-ate-r-49-mil\/","title":{"rendered":"Prefeitura no Alagoas abre concurso para \u00e1rea da Educa\u00e7\u00e3o com 207 vagas e sal\u00e1rios de at\u00e9 R$ 4,9 mil"},"content":{"rendered":"<h2>Detalhes do Concurso P\u00fablico<\/h2>\n<p>A Prefeitura de Teot\u00f4nio Vilela, situada em Alagoas, anunciou a abertura de um concurso p\u00fablico destinado a ampliar a equipe de profissionais na \u00e1rea da <strong>Educa\u00e7\u00e3o<\/strong>. O concurso visa preencher um total de 205 <strong>vagas<\/strong> voltadas para candidatos com forma\u00e7\u00e3o em n\u00edveis m\u00e9dio, t\u00e9cnico e superior.<\/p>\n<h2>Per\u00edodo de Inscri\u00e7\u00f5es<\/h2>\n<p>O per\u00edodo para registro dos interessados teve in\u00edcio na quinta-feira, dia 27 de agosto de 2026, e se estender\u00e1 at\u00e9 o dia 12 de outubro de 2026. Durante esse tempo, os candidatos podem se inscrever para as diversas oportunidades oferecidas, que incluem tanto cargos na doc\u00eancia quanto fun\u00e7\u00f5es administrativas no \u00e2mbito educacional.<\/p>\n<h2>Cargos Dispon\u00edveis e Vagas<\/h2>\n<p>As <strong>oportunidades<\/strong> dispon\u00edveis s\u00e3o majoritariamente destinadas a professores em v\u00e1rias disciplinas da <strong>Educa\u00e7\u00e3o B\u00e1sica<\/strong>. Al\u00e9m disso, h\u00e1 tamb\u00e9m vagas para posi\u00e7\u00f5es administrativas. A seguir est\u00e1 uma lista detalhada das posi\u00e7\u00f5es e o n\u00famero de vagas dispon\u00edveis para cada uma:<\/p>\n<p><img decoding=\"async\" src=\"https:\/\/www.camarasmunicipal.com.br\/agenda\/content-wp\/uploads\/2026\/08\/prefeitura-no-alagoas-abre-concurso-para-area-da-educacao-com-207-vagas-e-salarios-de-ate-r-4-9-mil.webp\" alt=\"concurso Prefeitura Alagoas\" loading=\"lazy\" \/><\/p>\n<ul>\n<li><strong>Professor de Atendimento Educacional Especializado (AEE):<\/strong> 10 vagas<\/li>\n<li><strong>Professor de Ci\u00eancias:<\/strong> 10 vagas<\/li>\n<li><strong>Professor de Educa\u00e7\u00e3o F\u00edsica:<\/strong> 8 vagas<\/li>\n<li><strong>Professor de Educa\u00e7\u00e3o Infantil e Ensino Fundamental I:<\/strong> 100 vagas<\/li>\n<li><strong>Professor de Geografia:<\/strong> 5 vagas<\/li>\n<li><strong>Professor de Hist\u00f3ria:<\/strong> 5 vagas<\/li>\n<li><strong>Professor de L\u00edngua Inglesa:<\/strong> 2 vagas<\/li>\n<li><strong>Professor de L\u00edngua Portuguesa:<\/strong> 20 vagas<\/li>\n<li><strong>Professor de Matem\u00e1tica:<\/strong> 15 vagas<\/li>\n<li><strong>Secret\u00e1rio Escolar:<\/strong> 20 vagas<\/li>\n<li><strong>Assistente Administrativo Educacional:<\/strong> 10 vagas<\/li>\n<\/ul>\n<p>\u00c9 importante que os candidatos verifiquem os requisitos de forma\u00e7\u00e3o exigidos para cada cargo antes de realizar a inscri\u00e7\u00e3o.<\/p>\n<h2>Remunera\u00e7\u00e3o e Jornadas de Trabalho<\/h2>\n<p>Os sal\u00e1rios para os cargos variam conforme a fun\u00e7\u00e3o e a carga hor\u00e1ria. Os valores ficam entre <strong>R$ 1.976,01<\/strong> e <strong>R$ 4.989,12<\/strong>. As jornadas de trabalho tamb\u00e9m s\u00e3o vari\u00e1veis, abrangendo de <strong>25 a 40 horas semanais<\/strong>, dependendo do cargo selecionado. O cargo de maior destaque \u00e9 o de Professor de Educa\u00e7\u00e3o Infantil e Ensino Fundamental I, que conta com a maioria das vagas dispon\u00edveis.<\/p>\n<h2>Requisitos para Inscri\u00e7\u00e3o<\/h2>\n<p>Para participar do concurso, os candidatos devem formalizar a inscri\u00e7\u00e3o atrav\u00e9s do site da organizadora do certame, a <strong>Igeduc<\/strong>. \u00c9 fundamental que os interessados estejam atentos \u00e0s exig\u00eancias de escolaridade e forma\u00e7\u00e3o que cada cargo requer. Esse cuidado garantir\u00e1 que a inscri\u00e7\u00e3o seja v\u00e1lida e o candidato esteja apto a concorrer a uma das oportunidades.<\/p>\n<h2>Data da Prova Objetiva<\/h2>\n<p>A <strong>prova objetiva<\/strong> para todos os concorrentes est\u00e1 marcada para o dia <strong>1\u00ba de novembro de 2026<\/strong>. Al\u00e9m da prova escrita, o processo seletivo incluir\u00e1 uma avalia\u00e7\u00e3o de t\u00edtulos e experi\u00eancia profissional, conforme as diretrizes estabelecidas no edital do concurso.<\/p>\n<h2>Validade do Concurso<\/h2>\n<p>O concurso ter\u00e1 validade de <strong>dois anos<\/strong>, contados a partir da homologa\u00e7\u00e3o do resultado final. Existe a possibilidade de prorroga\u00e7\u00e3o por apenas mais um per\u00edodo semelhante, o que pode ampliar as oportunidades para os candidatos aprovados.<\/p>\n<h2>Como Realizar a Inscri\u00e7\u00e3o<\/h2>\n<p>Os interessados devem acessar o site da <strong>Igeduc<\/strong>, onde poder\u00e3o encontrar todas as informa\u00e7\u00f5es necess\u00e1rias para a inscri\u00e7\u00e3o. O <strong>valor da taxa de participa\u00e7\u00e3o<\/strong> varia de <strong>R$ 126<\/strong> a <strong>R$ 150<\/strong>, dependendo do cargo escolhido. \u00c9 importante lembrar que a inscri\u00e7\u00e3o deve ser feita dentro do prazo estabelecido para assegurar a participa\u00e7\u00e3o no concurso.<\/p>\n<h2>Crit\u00e9rios para Isen\u00e7\u00e3o de Taxa<\/h2>\n<p>O edital estipula que candidatos que est\u00e3o registrados no Cadastro \u00danico para Programas Sociais do Governo Federal (Cad\u00danico) podem solicitar a isen\u00e7\u00e3o da taxa de inscri\u00e7\u00e3o, desde que atendam aos crit\u00e9rios estabelecidos. Os pedidos para isen\u00e7\u00e3o podem ser feitos entre os dias <strong>28 e 31 de agosto de 2026<\/strong>.<\/p>\n<h2>Dicas de Prepara\u00e7\u00e3o para o Concurso<\/h2>\n<p>Para ajudar na prepara\u00e7\u00e3o para a prova, \u00e9 recomendado que os candidatos:<\/p>\n<ul>\n<li>Estudem a fundo os conte\u00fados program\u00e1ticos que ser\u00e3o cobrados nas provas.<\/li>\n<li>Realizem simulados e pr\u00e1ticas com quest\u00f5es anteriores de concursos similares.<\/li>\n<li>Organizem um cronograma de estudos para otimizar o tempo dispon\u00edvel at\u00e9 a data da prova.<\/li>\n<li>Participem de grupos de estudo, se poss\u00edvel, para trocar experi\u00eancias e dicas com outros candidatos.<\/li>\n<li>Mantenham a sa\u00fade mental e f\u00edsica, realizando pausas para descanso e atividades que promovam bem-estar.<\/li>\n<\/ul>\n<p>Essa \u00e9 uma excelente oportunidade para aqueles que sonham em trabalhar na \u00e1rea da educa\u00e7\u00e3o e contribuir para o desenvolvimento da comunidade. N\u00e3o deixe de se inscrever e preparar-se adequadamente para o concurso!<\/p>\n","protected":false},"excerpt":{"rendered":"<p>Prefeitura de Alagoas abre concurso na Educa\u00e7\u00e3o com sal\u00e1rios de at\u00e9 R$ 4,9 mil para 207 vagas.<\/p>\n","protected":false},"author":1,"featured_media":3911,"comment_status":"closed","ping_status":"","sticky":false,"template":"","format":"standard","meta":{"footnotes":""},"categories":[11],"tags":[],"class_list":["post-3912","post","type-post","status-publish","format-standard","has-post-thumbnail","hentry","category-concursos-aprovados","has_thumb"],"yoast_head":"<!-- This site is optimized with the Yoast SEO plugin v27.0 - https:\/\/yoast.com\/product\/yoast-seo-wordpress\/ -->\n<title>Prefeitura no Alagoas abre concurso para \u00e1rea da Educa\u00e7\u00e3o com 207 vagas e sal\u00e1rios de at\u00e9 R$ 4,9 mil - C\u00e2maraMunicipal.com.br<\/title>\n<meta name=\"robots\" content=\"index, follow, max-snippet:-1, max-image-preview:large, max-video-preview:-1\" \/>\n<link rel=\"canonical\" href=\"https:\/\/www.camarasmunicipal.com.br\/agenda\/prefeitura-no-alagoas-abre-concurso-para-area-da-educacao-com-207-vagas-e-salarios-de-ate-r-49-mil\/\" \/>\n<meta property=\"og:locale\" content=\"pt_BR\" \/>\n<meta property=\"og:type\" content=\"article\" \/>\n<meta property=\"og:title\" content=\"Prefeitura no Alagoas abre concurso para \u00e1rea da Educa\u00e7\u00e3o com 207 vagas e sal\u00e1rios de at\u00e9 R$ 4,9 mil - C\u00e2maraMunicipal.com.br\" \/>\n<meta property=\"og:description\" content=\"Prefeitura de Alagoas abre concurso na Educa\u00e7\u00e3o com sal\u00e1rios de at\u00e9 R$ 4,9 mil para 207 vagas.\" \/>\n<meta property=\"og:url\" content=\"https:\/\/www.camarasmunicipal.com.br\/agenda\/prefeitura-no-alagoas-abre-concurso-para-area-da-educacao-com-207-vagas-e-salarios-de-ate-r-49-mil\/\" \/>\n<meta property=\"og:site_name\" content=\"C\u00e2maraMunicipal.com.br\" \/>\n<meta property=\"article:published_time\" content=\"2026-08-30T13:28:33+00:00\" \/>\n<meta property=\"og:image\" content=\"https:\/\/www.camarasmunicipal.com.br\/agenda\/content-wp\/uploads\/2026\/08\/banner-concurso-8.webp\" \/>\n\t<meta property=\"og:image:width\" content=\"1\" \/>\n\t<meta property=\"og:image:height\" content=\"1\" \/>\n\t<meta property=\"og:image:type\" content=\"image\/webp\" \/>\n<meta name=\"author\" content=\"Lucas Silva\" \/>\n<meta name=\"twitter:card\" content=\"summary_large_image\" \/>\n<meta name=\"twitter:label1\" content=\"Escrito por\" \/>\n\t<meta name=\"twitter:data1\" content=\"Lucas Silva\" \/>\n\t<meta name=\"twitter:label2\" content=\"Est. tempo de leitura\" \/>\n\t<meta name=\"twitter:data2\" content=\"4 minutos\" \/>\n<script type=\"application\/ld+json\" class=\"yoast-schema-graph\">{\"@context\":\"https:\/\/schema.org\",\"@graph\":[{\"@type\":\"Article\",\"@id\":\"https:\/\/www.camarasmunicipal.com.br\/agenda\/prefeitura-no-alagoas-abre-concurso-para-area-da-educacao-com-207-vagas-e-salarios-de-ate-r-49-mil\/#article\",\"isPartOf\":{\"@id\":\"https:\/\/www.camarasmunicipal.com.br\/agenda\/prefeitura-no-alagoas-abre-concurso-para-area-da-educacao-com-207-vagas-e-salarios-de-ate-r-49-mil\/\"},\"author\":{\"name\":\"Lucas Silva\",\"@id\":\"https:\/\/www.camaramunicipal.com.br\/agenda\/#\/schema\/person\/b33233bc7bcf00f56cf13c5e8705b814\"},\"headline\":\"Prefeitura no Alagoas abre concurso para \u00e1rea da Educa\u00e7\u00e3o com 207 vagas e sal\u00e1rios de at\u00e9 R$ 4,9 mil\",\"datePublished\":\"2026-08-30T13:28:33+00:00\",\"mainEntityOfPage\":{\"@id\":\"https:\/\/www.camarasmunicipal.com.br\/agenda\/prefeitura-no-alagoas-abre-concurso-para-area-da-educacao-com-207-vagas-e-salarios-de-ate-r-49-mil\/\"},\"wordCount\":747,\"image\":{\"@id\":\"https:\/\/www.camarasmunicipal.com.br\/agenda\/prefeitura-no-alagoas-abre-concurso-para-area-da-educacao-com-207-vagas-e-salarios-de-ate-r-49-mil\/#primaryimage\"},\"thumbnailUrl\":\"https:\/\/www.camarasmunicipal.com.br\/agenda\/content-wp\/uploads\/2026\/08\/prefeitura-no-alagoas-abre-concurso-para-area-da-educacao-com-207-vagas-e-salarios-de-ate-r-4-9-mil.webp\",\"articleSection\":[\"Concursos Aprovados\"],\"inLanguage\":\"pt-BR\"},{\"@type\":\"WebPage\",\"@id\":\"https:\/\/www.camarasmunicipal.com.br\/agenda\/prefeitura-no-alagoas-abre-concurso-para-area-da-educacao-com-207-vagas-e-salarios-de-ate-r-49-mil\/\",\"url\":\"https:\/\/www.camarasmunicipal.com.br\/agenda\/prefeitura-no-alagoas-abre-concurso-para-area-da-educacao-com-207-vagas-e-salarios-de-ate-r-49-mil\/\",\"name\":\"Prefeitura no Alagoas abre concurso para \u00e1rea da Educa\u00e7\u00e3o com 207 vagas e sal\u00e1rios de at\u00e9 R$ 4,9 mil - C\u00e2maraMunicipal.com.br\",\"isPartOf\":{\"@id\":\"https:\/\/www.camaramunicipal.com.br\/agenda\/#website\"},\"primaryImageOfPage\":{\"@id\":\"https:\/\/www.camarasmunicipal.com.br\/agenda\/prefeitura-no-alagoas-abre-concurso-para-area-da-educacao-com-207-vagas-e-salarios-de-ate-r-49-mil\/#primaryimage\"},\"image\":{\"@id\":\"https:\/\/www.camarasmunicipal.com.br\/agenda\/prefeitura-no-alagoas-abre-concurso-para-area-da-educacao-com-207-vagas-e-salarios-de-ate-r-49-mil\/#primaryimage\"},\"thumbnailUrl\":\"https:\/\/www.camarasmunicipal.com.br\/agenda\/content-wp\/uploads\/2026\/08\/prefeitura-no-alagoas-abre-concurso-para-area-da-educacao-com-207-vagas-e-salarios-de-ate-r-4-9-mil.webp\",\"datePublished\":\"2026-08-30T13:28:33+00:00\",\"author\":{\"@id\":\"https:\/\/www.camaramunicipal.com.br\/agenda\/#\/schema\/person\/b33233bc7bcf00f56cf13c5e8705b814\"},\"breadcrumb\":{\"@id\":\"https:\/\/www.camarasmunicipal.com.br\/agenda\/prefeitura-no-alagoas-abre-concurso-para-area-da-educacao-com-207-vagas-e-salarios-de-ate-r-49-mil\/#breadcrumb\"},\"inLanguage\":\"pt-BR\",\"potentialAction\":[{\"@type\":\"ReadAction\",\"target\":[\"https:\/\/www.camarasmunicipal.com.br\/agenda\/prefeitura-no-alagoas-abre-concurso-para-area-da-educacao-com-207-vagas-e-salarios-de-ate-r-49-mil\/\"]}]},{\"@type\":\"ImageObject\",\"inLanguage\":\"pt-BR\",\"@id\":\"https:\/\/www.camarasmunicipal.com.br\/agenda\/prefeitura-no-alagoas-abre-concurso-para-area-da-educacao-com-207-vagas-e-salarios-de-ate-r-49-mil\/#primaryimage\",\"url\":\"https:\/\/www.camarasmunicipal.com.br\/agenda\/content-wp\/uploads\/2026\/08\/prefeitura-no-alagoas-abre-concurso-para-area-da-educacao-com-207-vagas-e-salarios-de-ate-r-4-9-mil.webp\",\"contentUrl\":\"https:\/\/www.camarasmunicipal.com.br\/agenda\/content-wp\/uploads\/2026\/08\/prefeitura-no-alagoas-abre-concurso-para-area-da-educacao-com-207-vagas-e-salarios-de-ate-r-4-9-mil.webp\",\"width\":280,\"height\":280,\"caption\":\"concurso Prefeitura Alagoas\"},{\"@type\":\"BreadcrumbList\",\"@id\":\"https:\/\/www.camarasmunicipal.com.br\/agenda\/prefeitura-no-alagoas-abre-concurso-para-area-da-educacao-com-207-vagas-e-salarios-de-ate-r-49-mil\/#breadcrumb\",\"itemListElement\":[{\"@type\":\"ListItem\",\"position\":1,\"name\":\"In\u00edcio\",\"item\":\"https:\/\/www.camaramunicipal.com.br\/agenda\/\"},{\"@type\":\"ListItem\",\"position\":2,\"name\":\"Prefeitura no Alagoas abre concurso para \u00e1rea da Educa\u00e7\u00e3o com 207 vagas e sal\u00e1rios de at\u00e9 R$ 4,9 mil\"}]},{\"@type\":\"WebSite\",\"@id\":\"https:\/\/www.camaramunicipal.com.br\/agenda\/#website\",\"url\":\"https:\/\/www.camaramunicipal.com.br\/agenda\/\",\"name\":\"C\u00e2maraMunicipal.com.br\",\"description\":\"C\u00e2mara Municipal\",\"potentialAction\":[{\"@type\":\"SearchAction\",\"target\":{\"@type\":\"EntryPoint\",\"urlTemplate\":\"https:\/\/www.camaramunicipal.com.br\/agenda\/?s={search_term_string}\"},\"query-input\":{\"@type\":\"PropertyValueSpecification\",\"valueRequired\":true,\"valueName\":\"search_term_string\"}}],\"inLanguage\":\"pt-BR\"},{\"@type\":\"Person\",\"@id\":\"https:\/\/www.camaramunicipal.com.br\/agenda\/#\/schema\/person\/b33233bc7bcf00f56cf13c5e8705b814\",\"name\":\"Lucas Silva\",\"image\":{\"@type\":\"ImageObject\",\"inLanguage\":\"pt-BR\",\"@id\":\"https:\/\/www.camaramunicipal.com.br\/agenda\/#\/schema\/person\/image\/\",\"url\":\"https:\/\/secure.gravatar.com\/avatar\/ca2e4cb40c39e0d0bee2b480a0b1693f2920bad4758fd663c8d874d0051d7665?s=96&d=mm&r=g\",\"contentUrl\":\"https:\/\/secure.gravatar.com\/avatar\/ca2e4cb40c39e0d0bee2b480a0b1693f2920bad4758fd663c8d874d0051d7665?s=96&d=mm&r=g\",\"caption\":\"Lucas Silva\"},\"description\":\"\ud83d\udc49 Ol\u00e1, meu nome \u00e9 Lucas Silva, editor do portal CamarasMunicipal.com.br. Sou especializado em concursos p\u00fablicos, trazendo not\u00edcias atualizadas, editais e oportunidades em todo o Brasil.\",\"sameAs\":[\"https:\/\/www.camaramunicipal.com.br\/agenda\/\"],\"url\":\"https:\/\/www.camarasmunicipal.com.br\/agenda\/author\/encontra\/\"}]}<\/script>\n<!-- \/ Yoast SEO plugin. -->","yoast_head_json":{"title":"Prefeitura no Alagoas abre concurso para \u00e1rea da Educa\u00e7\u00e3o com 207 vagas e sal\u00e1rios de at\u00e9 R$ 4,9 mil - C\u00e2maraMunicipal.com.br","robots":{"index":"index","follow":"follow","max-snippet":"max-snippet:-1","max-image-preview":"max-image-preview:large","max-video-preview":"max-video-preview:-1"},"canonical":"https:\/\/www.camarasmunicipal.com.br\/agenda\/prefeitura-no-alagoas-abre-concurso-para-area-da-educacao-com-207-vagas-e-salarios-de-ate-r-49-mil\/","og_locale":"pt_BR","og_type":"article","og_title":"Prefeitura no Alagoas abre concurso para \u00e1rea da Educa\u00e7\u00e3o com 207 vagas e sal\u00e1rios de at\u00e9 R$ 4,9 mil - C\u00e2maraMunicipal.com.br","og_description":"Prefeitura de Alagoas abre concurso na Educa\u00e7\u00e3o com sal\u00e1rios de at\u00e9 R$ 4,9 mil para 207 vagas.","og_url":"https:\/\/www.camarasmunicipal.com.br\/agenda\/prefeitura-no-alagoas-abre-concurso-para-area-da-educacao-com-207-vagas-e-salarios-de-ate-r-49-mil\/","og_site_name":"C\u00e2maraMunicipal.com.br","article_published_time":"2026-08-30T13:28:33+00:00","og_image":[{"url":"https:\/\/www.camarasmunicipal.com.br\/agenda\/content-wp\/uploads\/2026\/08\/banner-concurso-8.webp","width":1,"height":1,"type":"image\/webp"}],"author":"Lucas Silva","twitter_card":"summary_large_image","twitter_misc":{"Escrito por":"Lucas Silva","Est. tempo de leitura":"4 minutos"},"schema":{"@context":"https:\/\/schema.org","@graph":[{"@type":"Article","@id":"https:\/\/www.camarasmunicipal.com.br\/agenda\/prefeitura-no-alagoas-abre-concurso-para-area-da-educacao-com-207-vagas-e-salarios-de-ate-r-49-mil\/#article","isPartOf":{"@id":"https:\/\/www.camarasmunicipal.com.br\/agenda\/prefeitura-no-alagoas-abre-concurso-para-area-da-educacao-com-207-vagas-e-salarios-de-ate-r-49-mil\/"},"author":{"name":"Lucas Silva","@id":"https:\/\/www.camaramunicipal.com.br\/agenda\/#\/schema\/person\/b33233bc7bcf00f56cf13c5e8705b814"},"headline":"Prefeitura no Alagoas abre concurso para \u00e1rea da Educa\u00e7\u00e3o com 207 vagas e sal\u00e1rios de at\u00e9 R$ 4,9 mil","datePublished":"2026-08-30T13:28:33+00:00","mainEntityOfPage":{"@id":"https:\/\/www.camarasmunicipal.com.br\/agenda\/prefeitura-no-alagoas-abre-concurso-para-area-da-educacao-com-207-vagas-e-salarios-de-ate-r-49-mil\/"},"wordCount":747,"image":{"@id":"https:\/\/www.camarasmunicipal.com.br\/agenda\/prefeitura-no-alagoas-abre-concurso-para-area-da-educacao-com-207-vagas-e-salarios-de-ate-r-49-mil\/#primaryimage"},"thumbnailUrl":"https:\/\/www.camarasmunicipal.com.br\/agenda\/content-wp\/uploads\/2026\/08\/prefeitura-no-alagoas-abre-concurso-para-area-da-educacao-com-207-vagas-e-salarios-de-ate-r-4-9-mil.webp","articleSection":["Concursos Aprovados"],"inLanguage":"pt-BR"},{"@type":"WebPage","@id":"https:\/\/www.camarasmunicipal.com.br\/agenda\/prefeitura-no-alagoas-abre-concurso-para-area-da-educacao-com-207-vagas-e-salarios-de-ate-r-49-mil\/","url":"https:\/\/www.camarasmunicipal.com.br\/agenda\/prefeitura-no-alagoas-abre-concurso-para-area-da-educacao-com-207-vagas-e-salarios-de-ate-r-49-mil\/","name":"Prefeitura no Alagoas abre concurso para \u00e1rea da Educa\u00e7\u00e3o com 207 vagas e sal\u00e1rios de at\u00e9 R$ 4,9 mil - C\u00e2maraMunicipal.com.br","isPartOf":{"@id":"https:\/\/www.camaramunicipal.com.br\/agenda\/#website"},"primaryImageOfPage":{"@id":"https:\/\/www.camarasmunicipal.com.br\/agenda\/prefeitura-no-alagoas-abre-concurso-para-area-da-educacao-com-207-vagas-e-salarios-de-ate-r-49-mil\/#primaryimage"},"image":{"@id":"https:\/\/www.camarasmunicipal.com.br\/agenda\/prefeitura-no-alagoas-abre-concurso-para-area-da-educacao-com-207-vagas-e-salarios-de-ate-r-49-mil\/#primaryimage"},"thumbnailUrl":"https:\/\/www.camarasmunicipal.com.br\/agenda\/content-wp\/uploads\/2026\/08\/prefeitura-no-alagoas-abre-concurso-para-area-da-educacao-com-207-vagas-e-salarios-de-ate-r-4-9-mil.webp","datePublished":"2026-08-30T13:28:33+00:00","author":{"@id":"https:\/\/www.camaramunicipal.com.br\/agenda\/#\/schema\/person\/b33233bc7bcf00f56cf13c5e8705b814"},"breadcrumb":{"@id":"https:\/\/www.camarasmunicipal.com.br\/agenda\/prefeitura-no-alagoas-abre-concurso-para-area-da-educacao-com-207-vagas-e-salarios-de-ate-r-49-mil\/#breadcrumb"},"inLanguage":"pt-BR","potentialAction":[{"@type":"ReadAction","target":["https:\/\/www.camarasmunicipal.com.br\/agenda\/prefeitura-no-alagoas-abre-concurso-para-area-da-educacao-com-207-vagas-e-salarios-de-ate-r-49-mil\/"]}]},{"@type":"ImageObject","inLanguage":"pt-BR","@id":"https:\/\/www.camarasmunicipal.com.br\/agenda\/prefeitura-no-alagoas-abre-concurso-para-area-da-educacao-com-207-vagas-e-salarios-de-ate-r-49-mil\/#primaryimage","url":"https:\/\/www.camarasmunicipal.com.br\/agenda\/content-wp\/uploads\/2026\/08\/prefeitura-no-alagoas-abre-concurso-para-area-da-educacao-com-207-vagas-e-salarios-de-ate-r-4-9-mil.webp","contentUrl":"https:\/\/www.camarasmunicipal.com.br\/agenda\/content-wp\/uploads\/2026\/08\/prefeitura-no-alagoas-abre-concurso-para-area-da-educacao-com-207-vagas-e-salarios-de-ate-r-4-9-mil.webp","width":280,"height":280,"caption":"concurso Prefeitura Alagoas"},{"@type":"BreadcrumbList","@id":"https:\/\/www.camarasmunicipal.com.br\/agenda\/prefeitura-no-alagoas-abre-concurso-para-area-da-educacao-com-207-vagas-e-salarios-de-ate-r-49-mil\/#breadcrumb","itemListElement":[{"@type":"ListItem","position":1,"name":"In\u00edcio","item":"https:\/\/www.camaramunicipal.com.br\/agenda\/"},{"@type":"ListItem","position":2,"name":"Prefeitura no Alagoas abre concurso para \u00e1rea da Educa\u00e7\u00e3o com 207 vagas e sal\u00e1rios de at\u00e9 R$ 4,9 mil"}]},{"@type":"WebSite","@id":"https:\/\/www.camaramunicipal.com.br\/agenda\/#website","url":"https:\/\/www.camaramunicipal.com.br\/agenda\/","name":"C\u00e2maraMunicipal.com.br","description":"C\u00e2mara Municipal","potentialAction":[{"@type":"SearchAction","target":{"@type":"EntryPoint","urlTemplate":"https:\/\/www.camaramunicipal.com.br\/agenda\/?s={search_term_string}"},"query-input":{"@type":"PropertyValueSpecification","valueRequired":true,"valueName":"search_term_string"}}],"inLanguage":"pt-BR"},{"@type":"Person","@id":"https:\/\/www.camaramunicipal.com.br\/agenda\/#\/schema\/person\/b33233bc7bcf00f56cf13c5e8705b814","name":"Lucas Silva","image":{"@type":"ImageObject","inLanguage":"pt-BR","@id":"https:\/\/www.camaramunicipal.com.br\/agenda\/#\/schema\/person\/image\/","url":"https:\/\/secure.gravatar.com\/avatar\/ca2e4cb40c39e0d0bee2b480a0b1693f2920bad4758fd663c8d874d0051d7665?s=96&d=mm&r=g","contentUrl":"https:\/\/secure.gravatar.com\/avatar\/ca2e4cb40c39e0d0bee2b480a0b1693f2920bad4758fd663c8d874d0051d7665?s=96&d=mm&r=g","caption":"Lucas Silva"},"description":"\ud83d\udc49 Ol\u00e1, meu nome \u00e9 Lucas Silva, editor do portal CamarasMunicipal.com.br. Sou especializado em concursos p\u00fablicos, trazendo not\u00edcias atualizadas, editais e oportunidades em todo o Brasil.","sameAs":["https:\/\/www.camaramunicipal.com.br\/agenda\/"],"url":"https:\/\/www.camarasmunicipal.com.br\/agenda\/author\/encontra\/"}]}},"_links":{"self":[{"href":"https:\/\/www.camarasmunicipal.com.br\/agenda\/wp-json\/wp\/v2\/posts\/3912","targetHints":{"allow":["GET"]}}],"collection":[{"href":"https:\/\/www.camarasmunicipal.com.br\/agenda\/wp-json\/wp\/v2\/posts"}],"about":[{"href":"https:\/\/www.camarasmunicipal.com.br\/agenda\/wp-json\/wp\/v2\/types\/post"}],"author":[{"embeddable":true,"href":"https:\/\/www.camarasmunicipal.com.br\/agenda\/wp-json\/wp\/v2\/users\/1"}],"replies":[{"embeddable":true,"href":"https:\/\/www.camarasmunicipal.com.br\/agenda\/wp-json\/wp\/v2\/comments?post=3912"}],"version-history":[{"count":0,"href":"https:\/\/www.camarasmunicipal.com.br\/agenda\/wp-json\/wp\/v2\/posts\/3912\/revisions"}],"wp:featuredmedia":[{"embeddable":true,"href":"https:\/\/www.camarasmunicipal.com.br\/agenda\/wp-json\/wp\/v2\/media\/3911"}],"wp:attachment":[{"href":"https:\/\/www.camarasmunicipal.com.br\/agenda\/wp-json\/wp\/v2\/media?parent=3912"}],"wp:term":[{"taxonomy":"category","embeddable":true,"href":"https:\/\/www.camarasmunicipal.com.br\/agenda\/wp-json\/wp\/v2\/categories?post=3912"},{"taxonomy":"post_tag","embeddable":true,"href":"https:\/\/www.camarasmunicipal.com.br\/agenda\/wp-json\/wp\/v2\/tags?post=3912"}],"curies":[{"name":"wp","href":"https:\/\/api.w.org\/{rel}","templated":true}]}}