{"id":3909,"date":"2026-08-30T10:27:46","date_gmt":"2026-08-30T13:27:46","guid":{"rendered":"https:\/\/www.camarasmunicipal.com.br\/agenda\/prefeitura-abre-processo-seletivo-para-agente-de-saude-com-salario-de-r-3-242-veja-quantas-vagas\/"},"modified":"2026-08-30T10:27:46","modified_gmt":"2026-08-30T13:27:46","slug":"prefeitura-abre-processo-seletivo-para-agente-de-saude-com-salario-de-r-3-242-veja-quantas-vagas","status":"publish","type":"post","link":"https:\/\/www.camarasmunicipal.com.br\/agenda\/prefeitura-abre-processo-seletivo-para-agente-de-saude-com-salario-de-r-3-242-veja-quantas-vagas\/","title":{"rendered":"Prefeitura abre processo seletivo para Agente de Sa\u00fade com sal\u00e1rio de R$ 3.242; veja quantas  vagas"},"content":{"rendered":"<h2>Detalhes do Processo Seletivo<\/h2>\n<p>A Prefeitura de Beberibe, localizada no Cear\u00e1, lan\u00e7ou um novo <strong>processo seletivo<\/strong> visando a contrata\u00e7\u00e3o de Agentes Comunit\u00e1rios de Sa\u00fade (ACS). Este processo busca preencher sete vagas imediatas, al\u00e9m de formar um cadastro reserva para futuras contrata\u00e7\u00f5es. Os interessados devem ter conclu\u00eddo o ensino m\u00e9dio e devem ser moradores da micro\u00e1rea correspondente \u00e0 vaga desejada.<\/p>\n<h2>Sal\u00e1rio e Benef\u00edcios Oferecidos<\/h2>\n<p>A remunera\u00e7\u00e3o inicial para os aprovados ser\u00e1 de R$ 3.242,00, com uma carga hor\u00e1ria de 40 horas semanais. Os Agentes Comunit\u00e1rios de Sa\u00fade atuar\u00e3o nas diversas Unidades B\u00e1sicas de Sa\u00fade (UBS) do munic\u00edpio, colaborando com a promo\u00e7\u00e3o da sa\u00fade e o atendimento \u00e0 comunidade.<\/p>\n<h2>Vagas Dispon\u00edveis por Localidade<\/h2>\n<p>As oportunidades est\u00e3o distribu\u00eddas da seguinte forma:<\/p>\n<p><img decoding=\"async\" src=\"https:\/\/www.camarasmunicipal.com.br\/agenda\/content-wp\/uploads\/2026\/08\/prefeitura-abre-processo-seletivo-para-agente-de-saude-com-salario-de-r-3-242-veja-quantas-vagas.webp\" alt=\"processo seletivo\" loading=\"lazy\" \/><\/p>\n<ul>\n<li><strong>Agente Comunit\u00e1rio de Sa\u00fade \u2013 UBS Sede IV:<\/strong> 1 vaga<\/li>\n<li><strong>Agente Comunit\u00e1rio de Sa\u00fade \u2013 UBS Lagoa de Dentro:<\/strong> 1 vaga<\/li>\n<li><strong>Agente Comunit\u00e1rio de Sa\u00fade \u2013 UBS Parajuru:<\/strong> 1 vaga<\/li>\n<li><strong>Agente Comunit\u00e1rio de Sa\u00fade \u2013 UBS Forquilha 1:<\/strong> 1 vaga<\/li>\n<li><strong>Agente Comunit\u00e1rio de Sa\u00fade \u2013 UBS Forquilha 2:<\/strong> 1 vaga<\/li>\n<li><strong>Agente Comunit\u00e1rio de Sa\u00fade \u2013 UBS Forquilha 3:<\/strong> 1 vaga<\/li>\n<li><strong>Agente Comunit\u00e1rio de Sa\u00fade \u2013 UBS Juazeiro:<\/strong> 1 vaga<\/li>\n<\/ul>\n<h2>Requisitos para Candidatura<\/h2>\n<p>Para participar do processo seletivo, os candidatos devem:<\/p>\n<ul>\n<li>Possuir certificado de conclus\u00e3o do ensino m\u00e9dio;<\/li>\n<li>Residir na micro\u00e1rea correspondente \u00e0 vaga desejada.<\/li>\n<\/ul>\n<p>Al\u00e9m disso, o edital menciona a exig\u00eancia de conclus\u00e3o de um curso de Forma\u00e7\u00e3o Inicial para Agente Comunit\u00e1rio de Sa\u00fade, que \u00e9 um componente fundamental para a atua\u00e7\u00e3o na \u00e1rea.<\/p>\n<h2>Como Fazer a Inscri\u00e7\u00e3o<\/h2>\n<p>Os interessados em se inscrever devem acessar o site da banca organizadora, o <strong>Instituto Consulpam<\/strong>, onde as inscri\u00e7\u00f5es estar\u00e3o abertas at\u00e9 o dia 14 de setembro de 2026. A taxa de inscri\u00e7\u00e3o \u00e9 de R$ 98,00. Vale ressaltar que haver\u00e1 a possibilidade de solicita\u00e7\u00e3o de isen\u00e7\u00e3o da taxa nos dias 27 e 28 de agosto para candidatos que atendam aos crit\u00e9rios estipulados no edital.<\/p>\n<h2>Prazos para Inscri\u00e7\u00f5es<\/h2>\n<p>O per\u00edodo de inscri\u00e7\u00f5es \u00e9 de fundamental import\u00e2ncia, e os candidatos devem se atentar ao prazo final, que \u00e9 14 de setembro de 2026, para garantir sua participa\u00e7\u00e3o neste processo seletivo.<\/p>\n<h2>Crit\u00e9rios de Isen\u00e7\u00e3o da Taxa<\/h2>\n<p>A solicita\u00e7\u00e3o de isen\u00e7\u00e3o da taxa de inscri\u00e7\u00e3o pode ser feita nos dias 27 e 28 de agosto. Ser\u00e3o considerados para isen\u00e7\u00e3o aqueles que atenderem aos requisitos estabelecidos no edital, que geralmente incluem condi\u00e7\u00f5es socioecon\u00f4micas espec\u00edficas.<\/p>\n<h2>Estrutura da Prova Objetiva<\/h2>\n<p>A prova objetiva, que ser\u00e1 aplicada no dia 1\u00ba de novembro de 2026, ter\u00e1 car\u00e1ter eliminat\u00f3rio e classificat\u00f3rio. Al\u00e9m da prova, haver\u00e1 tamb\u00e9m uma verifica\u00e7\u00e3o de endere\u00e7o e um curso de forma\u00e7\u00e3o inicial, ambos com car\u00e1ter eliminat\u00f3rio. Os candidatos devem estar bem preparados para essas etapas, que s\u00e3o cruciais para a sele\u00e7\u00e3o.<\/p>\n<h2>Validade do Certame<\/h2>\n<p>O processo seletivo ter\u00e1 uma validade de dois anos a contar da data da publica\u00e7\u00e3o da homologa\u00e7\u00e3o do resultado final. Esta validade pode ser prorrogada uma \u00fanica vez, por igual per\u00edodo, caso a administra\u00e7\u00e3o municipal assim decida.<\/p>\n<h2>Dicas para uma Boa Prepara\u00e7\u00e3o<\/h2>\n<p>Para se preparar adequadamente para o processo seletivo, algumas dicas podem ser \u00fateis:<\/p>\n<ul>\n<li><strong>Estude o Conte\u00fado do Edital:<\/strong> \u00c9 fundamental conhecer todos os detalhes e exig\u00eancias do edital para se preparar de forma eficaz.<\/li>\n<li><strong>Busque Material de Estudo:<\/strong> Aproveite livros e apostilas voltadas para a \u00e1rea da sa\u00fade e o papel do Agente Comunit\u00e1rio.<\/li>\n<li><strong>Realize Simulados:<\/strong> Pratique com quest\u00f5es de provas anteriores ou simulados online para fortalecer seu conhecimento.<\/li>\n<li><strong>Organize seu Tempo:<\/strong> Crie um cronograma de estudos que contemple todas as disciplinas cobradas na prova.<\/li>\n<li><strong>Cuide da Sa\u00fade:<\/strong> Uma boa sa\u00fade f\u00edsica e mental \u00e9 essencial; n\u00e3o esque\u00e7a de se alimentar bem e descansar.<\/li>\n<\/ul>\n","protected":false},"excerpt":{"rendered":"<p>Confira o processo seletivo para Agente de Sa\u00fade e saiba mais sobre sal\u00e1rios e vagas dispon\u00edveis.<\/p>\n","protected":false},"author":1,"featured_media":3908,"comment_status":"closed","ping_status":"","sticky":false,"template":"","format":"standard","meta":{"footnotes":""},"categories":[11],"tags":[],"class_list":["post-3909","post","type-post","status-publish","format-standard","has-post-thumbnail","hentry","category-concursos-aprovados","has_thumb"],"yoast_head":"<!-- This site is optimized with the Yoast SEO plugin v27.0 - https:\/\/yoast.com\/product\/yoast-seo-wordpress\/ -->\n<title>Prefeitura abre processo seletivo para Agente de Sa\u00fade com sal\u00e1rio de R$ 3.242; veja quantas vagas - C\u00e2maraMunicipal.com.br<\/title>\n<meta name=\"robots\" content=\"index, follow, max-snippet:-1, max-image-preview:large, max-video-preview:-1\" \/>\n<link rel=\"canonical\" href=\"https:\/\/www.camarasmunicipal.com.br\/agenda\/prefeitura-abre-processo-seletivo-para-agente-de-saude-com-salario-de-r-3-242-veja-quantas-vagas\/\" \/>\n<meta property=\"og:locale\" content=\"pt_BR\" \/>\n<meta property=\"og:type\" content=\"article\" \/>\n<meta property=\"og:title\" content=\"Prefeitura abre processo seletivo para Agente de Sa\u00fade com sal\u00e1rio de R$ 3.242; veja quantas vagas - C\u00e2maraMunicipal.com.br\" \/>\n<meta property=\"og:description\" content=\"Confira o processo seletivo para Agente de Sa\u00fade e saiba mais sobre sal\u00e1rios e vagas dispon\u00edveis.\" \/>\n<meta property=\"og:url\" content=\"https:\/\/www.camarasmunicipal.com.br\/agenda\/prefeitura-abre-processo-seletivo-para-agente-de-saude-com-salario-de-r-3-242-veja-quantas-vagas\/\" \/>\n<meta property=\"og:site_name\" content=\"C\u00e2maraMunicipal.com.br\" \/>\n<meta property=\"article:published_time\" content=\"2026-08-30T13:27:46+00:00\" \/>\n<meta property=\"og:image\" content=\"https:\/\/www.camarasmunicipal.com.br\/agenda\/content-wp\/uploads\/2026\/08\/banner-concurso-10.webp\" \/>\n\t<meta property=\"og:image:width\" content=\"1\" \/>\n\t<meta property=\"og:image:height\" content=\"1\" \/>\n\t<meta property=\"og:image:type\" content=\"image\/webp\" \/>\n<meta name=\"author\" content=\"Lucas Silva\" \/>\n<meta name=\"twitter:card\" content=\"summary_large_image\" \/>\n<meta name=\"twitter:label1\" content=\"Escrito por\" \/>\n\t<meta name=\"twitter:data1\" content=\"Lucas Silva\" \/>\n\t<meta name=\"twitter:label2\" content=\"Est. tempo de leitura\" \/>\n\t<meta name=\"twitter:data2\" content=\"3 minutos\" \/>\n<script type=\"application\/ld+json\" class=\"yoast-schema-graph\">{\"@context\":\"https:\/\/schema.org\",\"@graph\":[{\"@type\":\"Article\",\"@id\":\"https:\/\/www.camarasmunicipal.com.br\/agenda\/prefeitura-abre-processo-seletivo-para-agente-de-saude-com-salario-de-r-3-242-veja-quantas-vagas\/#article\",\"isPartOf\":{\"@id\":\"https:\/\/www.camarasmunicipal.com.br\/agenda\/prefeitura-abre-processo-seletivo-para-agente-de-saude-com-salario-de-r-3-242-veja-quantas-vagas\/\"},\"author\":{\"name\":\"Lucas Silva\",\"@id\":\"https:\/\/www.camaramunicipal.com.br\/agenda\/#\/schema\/person\/b33233bc7bcf00f56cf13c5e8705b814\"},\"headline\":\"Prefeitura abre processo seletivo para Agente de Sa\u00fade com sal\u00e1rio de R$ 3.242; veja quantas vagas\",\"datePublished\":\"2026-08-30T13:27:46+00:00\",\"mainEntityOfPage\":{\"@id\":\"https:\/\/www.camarasmunicipal.com.br\/agenda\/prefeitura-abre-processo-seletivo-para-agente-de-saude-com-salario-de-r-3-242-veja-quantas-vagas\/\"},\"wordCount\":665,\"image\":{\"@id\":\"https:\/\/www.camarasmunicipal.com.br\/agenda\/prefeitura-abre-processo-seletivo-para-agente-de-saude-com-salario-de-r-3-242-veja-quantas-vagas\/#primaryimage\"},\"thumbnailUrl\":\"https:\/\/www.camarasmunicipal.com.br\/agenda\/content-wp\/uploads\/2026\/08\/prefeitura-abre-processo-seletivo-para-agente-de-saude-com-salario-de-r-3-242-veja-quantas-vagas.webp\",\"articleSection\":[\"Concursos Aprovados\"],\"inLanguage\":\"pt-BR\"},{\"@type\":\"WebPage\",\"@id\":\"https:\/\/www.camarasmunicipal.com.br\/agenda\/prefeitura-abre-processo-seletivo-para-agente-de-saude-com-salario-de-r-3-242-veja-quantas-vagas\/\",\"url\":\"https:\/\/www.camarasmunicipal.com.br\/agenda\/prefeitura-abre-processo-seletivo-para-agente-de-saude-com-salario-de-r-3-242-veja-quantas-vagas\/\",\"name\":\"Prefeitura abre processo seletivo para Agente de Sa\u00fade com sal\u00e1rio de R$ 3.242; veja quantas vagas - C\u00e2maraMunicipal.com.br\",\"isPartOf\":{\"@id\":\"https:\/\/www.camaramunicipal.com.br\/agenda\/#website\"},\"primaryImageOfPage\":{\"@id\":\"https:\/\/www.camarasmunicipal.com.br\/agenda\/prefeitura-abre-processo-seletivo-para-agente-de-saude-com-salario-de-r-3-242-veja-quantas-vagas\/#primaryimage\"},\"image\":{\"@id\":\"https:\/\/www.camarasmunicipal.com.br\/agenda\/prefeitura-abre-processo-seletivo-para-agente-de-saude-com-salario-de-r-3-242-veja-quantas-vagas\/#primaryimage\"},\"thumbnailUrl\":\"https:\/\/www.camarasmunicipal.com.br\/agenda\/content-wp\/uploads\/2026\/08\/prefeitura-abre-processo-seletivo-para-agente-de-saude-com-salario-de-r-3-242-veja-quantas-vagas.webp\",\"datePublished\":\"2026-08-30T13:27:46+00:00\",\"author\":{\"@id\":\"https:\/\/www.camaramunicipal.com.br\/agenda\/#\/schema\/person\/b33233bc7bcf00f56cf13c5e8705b814\"},\"breadcrumb\":{\"@id\":\"https:\/\/www.camarasmunicipal.com.br\/agenda\/prefeitura-abre-processo-seletivo-para-agente-de-saude-com-salario-de-r-3-242-veja-quantas-vagas\/#breadcrumb\"},\"inLanguage\":\"pt-BR\",\"potentialAction\":[{\"@type\":\"ReadAction\",\"target\":[\"https:\/\/www.camarasmunicipal.com.br\/agenda\/prefeitura-abre-processo-seletivo-para-agente-de-saude-com-salario-de-r-3-242-veja-quantas-vagas\/\"]}]},{\"@type\":\"ImageObject\",\"inLanguage\":\"pt-BR\",\"@id\":\"https:\/\/www.camarasmunicipal.com.br\/agenda\/prefeitura-abre-processo-seletivo-para-agente-de-saude-com-salario-de-r-3-242-veja-quantas-vagas\/#primaryimage\",\"url\":\"https:\/\/www.camarasmunicipal.com.br\/agenda\/content-wp\/uploads\/2026\/08\/prefeitura-abre-processo-seletivo-para-agente-de-saude-com-salario-de-r-3-242-veja-quantas-vagas.webp\",\"contentUrl\":\"https:\/\/www.camarasmunicipal.com.br\/agenda\/content-wp\/uploads\/2026\/08\/prefeitura-abre-processo-seletivo-para-agente-de-saude-com-salario-de-r-3-242-veja-quantas-vagas.webp\",\"width\":280,\"height\":280,\"caption\":\"processo seletivo\"},{\"@type\":\"BreadcrumbList\",\"@id\":\"https:\/\/www.camarasmunicipal.com.br\/agenda\/prefeitura-abre-processo-seletivo-para-agente-de-saude-com-salario-de-r-3-242-veja-quantas-vagas\/#breadcrumb\",\"itemListElement\":[{\"@type\":\"ListItem\",\"position\":1,\"name\":\"In\u00edcio\",\"item\":\"https:\/\/www.camaramunicipal.com.br\/agenda\/\"},{\"@type\":\"ListItem\",\"position\":2,\"name\":\"Prefeitura abre processo seletivo para Agente de Sa\u00fade com sal\u00e1rio de R$ 3.242; veja quantas vagas\"}]},{\"@type\":\"WebSite\",\"@id\":\"https:\/\/www.camaramunicipal.com.br\/agenda\/#website\",\"url\":\"https:\/\/www.camaramunicipal.com.br\/agenda\/\",\"name\":\"C\u00e2maraMunicipal.com.br\",\"description\":\"C\u00e2mara Municipal\",\"potentialAction\":[{\"@type\":\"SearchAction\",\"target\":{\"@type\":\"EntryPoint\",\"urlTemplate\":\"https:\/\/www.camaramunicipal.com.br\/agenda\/?s={search_term_string}\"},\"query-input\":{\"@type\":\"PropertyValueSpecification\",\"valueRequired\":true,\"valueName\":\"search_term_string\"}}],\"inLanguage\":\"pt-BR\"},{\"@type\":\"Person\",\"@id\":\"https:\/\/www.camaramunicipal.com.br\/agenda\/#\/schema\/person\/b33233bc7bcf00f56cf13c5e8705b814\",\"name\":\"Lucas Silva\",\"image\":{\"@type\":\"ImageObject\",\"inLanguage\":\"pt-BR\",\"@id\":\"https:\/\/www.camaramunicipal.com.br\/agenda\/#\/schema\/person\/image\/\",\"url\":\"https:\/\/secure.gravatar.com\/avatar\/ca2e4cb40c39e0d0bee2b480a0b1693f2920bad4758fd663c8d874d0051d7665?s=96&d=mm&r=g\",\"contentUrl\":\"https:\/\/secure.gravatar.com\/avatar\/ca2e4cb40c39e0d0bee2b480a0b1693f2920bad4758fd663c8d874d0051d7665?s=96&d=mm&r=g\",\"caption\":\"Lucas Silva\"},\"description\":\"\ud83d\udc49 Ol\u00e1, meu nome \u00e9 Lucas Silva, editor do portal CamarasMunicipal.com.br. Sou especializado em concursos p\u00fablicos, trazendo not\u00edcias atualizadas, editais e oportunidades em todo o Brasil.\",\"sameAs\":[\"https:\/\/www.camaramunicipal.com.br\/agenda\/\"],\"url\":\"https:\/\/www.camarasmunicipal.com.br\/agenda\/author\/encontra\/\"}]}<\/script>\n<!-- \/ Yoast SEO plugin. -->","yoast_head_json":{"title":"Prefeitura abre processo seletivo para Agente de Sa\u00fade com sal\u00e1rio de R$ 3.242; veja quantas vagas - C\u00e2maraMunicipal.com.br","robots":{"index":"index","follow":"follow","max-snippet":"max-snippet:-1","max-image-preview":"max-image-preview:large","max-video-preview":"max-video-preview:-1"},"canonical":"https:\/\/www.camarasmunicipal.com.br\/agenda\/prefeitura-abre-processo-seletivo-para-agente-de-saude-com-salario-de-r-3-242-veja-quantas-vagas\/","og_locale":"pt_BR","og_type":"article","og_title":"Prefeitura abre processo seletivo para Agente de Sa\u00fade com sal\u00e1rio de R$ 3.242; veja quantas vagas - C\u00e2maraMunicipal.com.br","og_description":"Confira o processo seletivo para Agente de Sa\u00fade e saiba mais sobre sal\u00e1rios e vagas dispon\u00edveis.","og_url":"https:\/\/www.camarasmunicipal.com.br\/agenda\/prefeitura-abre-processo-seletivo-para-agente-de-saude-com-salario-de-r-3-242-veja-quantas-vagas\/","og_site_name":"C\u00e2maraMunicipal.com.br","article_published_time":"2026-08-30T13:27:46+00:00","og_image":[{"url":"https:\/\/www.camarasmunicipal.com.br\/agenda\/content-wp\/uploads\/2026\/08\/banner-concurso-10.webp","width":1,"height":1,"type":"image\/webp"}],"author":"Lucas Silva","twitter_card":"summary_large_image","twitter_misc":{"Escrito por":"Lucas Silva","Est. tempo de leitura":"3 minutos"},"schema":{"@context":"https:\/\/schema.org","@graph":[{"@type":"Article","@id":"https:\/\/www.camarasmunicipal.com.br\/agenda\/prefeitura-abre-processo-seletivo-para-agente-de-saude-com-salario-de-r-3-242-veja-quantas-vagas\/#article","isPartOf":{"@id":"https:\/\/www.camarasmunicipal.com.br\/agenda\/prefeitura-abre-processo-seletivo-para-agente-de-saude-com-salario-de-r-3-242-veja-quantas-vagas\/"},"author":{"name":"Lucas Silva","@id":"https:\/\/www.camaramunicipal.com.br\/agenda\/#\/schema\/person\/b33233bc7bcf00f56cf13c5e8705b814"},"headline":"Prefeitura abre processo seletivo para Agente de Sa\u00fade com sal\u00e1rio de R$ 3.242; veja quantas vagas","datePublished":"2026-08-30T13:27:46+00:00","mainEntityOfPage":{"@id":"https:\/\/www.camarasmunicipal.com.br\/agenda\/prefeitura-abre-processo-seletivo-para-agente-de-saude-com-salario-de-r-3-242-veja-quantas-vagas\/"},"wordCount":665,"image":{"@id":"https:\/\/www.camarasmunicipal.com.br\/agenda\/prefeitura-abre-processo-seletivo-para-agente-de-saude-com-salario-de-r-3-242-veja-quantas-vagas\/#primaryimage"},"thumbnailUrl":"https:\/\/www.camarasmunicipal.com.br\/agenda\/content-wp\/uploads\/2026\/08\/prefeitura-abre-processo-seletivo-para-agente-de-saude-com-salario-de-r-3-242-veja-quantas-vagas.webp","articleSection":["Concursos Aprovados"],"inLanguage":"pt-BR"},{"@type":"WebPage","@id":"https:\/\/www.camarasmunicipal.com.br\/agenda\/prefeitura-abre-processo-seletivo-para-agente-de-saude-com-salario-de-r-3-242-veja-quantas-vagas\/","url":"https:\/\/www.camarasmunicipal.com.br\/agenda\/prefeitura-abre-processo-seletivo-para-agente-de-saude-com-salario-de-r-3-242-veja-quantas-vagas\/","name":"Prefeitura abre processo seletivo para Agente de Sa\u00fade com sal\u00e1rio de R$ 3.242; veja quantas vagas - C\u00e2maraMunicipal.com.br","isPartOf":{"@id":"https:\/\/www.camaramunicipal.com.br\/agenda\/#website"},"primaryImageOfPage":{"@id":"https:\/\/www.camarasmunicipal.com.br\/agenda\/prefeitura-abre-processo-seletivo-para-agente-de-saude-com-salario-de-r-3-242-veja-quantas-vagas\/#primaryimage"},"image":{"@id":"https:\/\/www.camarasmunicipal.com.br\/agenda\/prefeitura-abre-processo-seletivo-para-agente-de-saude-com-salario-de-r-3-242-veja-quantas-vagas\/#primaryimage"},"thumbnailUrl":"https:\/\/www.camarasmunicipal.com.br\/agenda\/content-wp\/uploads\/2026\/08\/prefeitura-abre-processo-seletivo-para-agente-de-saude-com-salario-de-r-3-242-veja-quantas-vagas.webp","datePublished":"2026-08-30T13:27:46+00:00","author":{"@id":"https:\/\/www.camaramunicipal.com.br\/agenda\/#\/schema\/person\/b33233bc7bcf00f56cf13c5e8705b814"},"breadcrumb":{"@id":"https:\/\/www.camarasmunicipal.com.br\/agenda\/prefeitura-abre-processo-seletivo-para-agente-de-saude-com-salario-de-r-3-242-veja-quantas-vagas\/#breadcrumb"},"inLanguage":"pt-BR","potentialAction":[{"@type":"ReadAction","target":["https:\/\/www.camarasmunicipal.com.br\/agenda\/prefeitura-abre-processo-seletivo-para-agente-de-saude-com-salario-de-r-3-242-veja-quantas-vagas\/"]}]},{"@type":"ImageObject","inLanguage":"pt-BR","@id":"https:\/\/www.camarasmunicipal.com.br\/agenda\/prefeitura-abre-processo-seletivo-para-agente-de-saude-com-salario-de-r-3-242-veja-quantas-vagas\/#primaryimage","url":"https:\/\/www.camarasmunicipal.com.br\/agenda\/content-wp\/uploads\/2026\/08\/prefeitura-abre-processo-seletivo-para-agente-de-saude-com-salario-de-r-3-242-veja-quantas-vagas.webp","contentUrl":"https:\/\/www.camarasmunicipal.com.br\/agenda\/content-wp\/uploads\/2026\/08\/prefeitura-abre-processo-seletivo-para-agente-de-saude-com-salario-de-r-3-242-veja-quantas-vagas.webp","width":280,"height":280,"caption":"processo seletivo"},{"@type":"BreadcrumbList","@id":"https:\/\/www.camarasmunicipal.com.br\/agenda\/prefeitura-abre-processo-seletivo-para-agente-de-saude-com-salario-de-r-3-242-veja-quantas-vagas\/#breadcrumb","itemListElement":[{"@type":"ListItem","position":1,"name":"In\u00edcio","item":"https:\/\/www.camaramunicipal.com.br\/agenda\/"},{"@type":"ListItem","position":2,"name":"Prefeitura abre processo seletivo para Agente de Sa\u00fade com sal\u00e1rio de R$ 3.242; veja quantas vagas"}]},{"@type":"WebSite","@id":"https:\/\/www.camaramunicipal.com.br\/agenda\/#website","url":"https:\/\/www.camaramunicipal.com.br\/agenda\/","name":"C\u00e2maraMunicipal.com.br","description":"C\u00e2mara Municipal","potentialAction":[{"@type":"SearchAction","target":{"@type":"EntryPoint","urlTemplate":"https:\/\/www.camaramunicipal.com.br\/agenda\/?s={search_term_string}"},"query-input":{"@type":"PropertyValueSpecification","valueRequired":true,"valueName":"search_term_string"}}],"inLanguage":"pt-BR"},{"@type":"Person","@id":"https:\/\/www.camaramunicipal.com.br\/agenda\/#\/schema\/person\/b33233bc7bcf00f56cf13c5e8705b814","name":"Lucas Silva","image":{"@type":"ImageObject","inLanguage":"pt-BR","@id":"https:\/\/www.camaramunicipal.com.br\/agenda\/#\/schema\/person\/image\/","url":"https:\/\/secure.gravatar.com\/avatar\/ca2e4cb40c39e0d0bee2b480a0b1693f2920bad4758fd663c8d874d0051d7665?s=96&d=mm&r=g","contentUrl":"https:\/\/secure.gravatar.com\/avatar\/ca2e4cb40c39e0d0bee2b480a0b1693f2920bad4758fd663c8d874d0051d7665?s=96&d=mm&r=g","caption":"Lucas Silva"},"description":"\ud83d\udc49 Ol\u00e1, meu nome \u00e9 Lucas Silva, editor do portal CamarasMunicipal.com.br. Sou especializado em concursos p\u00fablicos, trazendo not\u00edcias atualizadas, editais e oportunidades em todo o Brasil.","sameAs":["https:\/\/www.camaramunicipal.com.br\/agenda\/"],"url":"https:\/\/www.camarasmunicipal.com.br\/agenda\/author\/encontra\/"}]}},"_links":{"self":[{"href":"https:\/\/www.camarasmunicipal.com.br\/agenda\/wp-json\/wp\/v2\/posts\/3909","targetHints":{"allow":["GET"]}}],"collection":[{"href":"https:\/\/www.camarasmunicipal.com.br\/agenda\/wp-json\/wp\/v2\/posts"}],"about":[{"href":"https:\/\/www.camarasmunicipal.com.br\/agenda\/wp-json\/wp\/v2\/types\/post"}],"author":[{"embeddable":true,"href":"https:\/\/www.camarasmunicipal.com.br\/agenda\/wp-json\/wp\/v2\/users\/1"}],"replies":[{"embeddable":true,"href":"https:\/\/www.camarasmunicipal.com.br\/agenda\/wp-json\/wp\/v2\/comments?post=3909"}],"version-history":[{"count":0,"href":"https:\/\/www.camarasmunicipal.com.br\/agenda\/wp-json\/wp\/v2\/posts\/3909\/revisions"}],"wp:featuredmedia":[{"embeddable":true,"href":"https:\/\/www.camarasmunicipal.com.br\/agenda\/wp-json\/wp\/v2\/media\/3908"}],"wp:attachment":[{"href":"https:\/\/www.camarasmunicipal.com.br\/agenda\/wp-json\/wp\/v2\/media?parent=3909"}],"wp:term":[{"taxonomy":"category","embeddable":true,"href":"https:\/\/www.camarasmunicipal.com.br\/agenda\/wp-json\/wp\/v2\/categories?post=3909"},{"taxonomy":"post_tag","embeddable":true,"href":"https:\/\/www.camarasmunicipal.com.br\/agenda\/wp-json\/wp\/v2\/tags?post=3909"}],"curies":[{"name":"wp","href":"https:\/\/api.w.org\/{rel}","templated":true}]}}