{"id":3906,"date":"2026-08-30T10:26:58","date_gmt":"2026-08-30T13:26:58","guid":{"rendered":"https:\/\/www.camarasmunicipal.com.br\/agenda\/concurso-seduc-am-cesgranrio-e-a-banca-para-7-862-vagas\/"},"modified":"2026-08-30T10:26:58","modified_gmt":"2026-08-30T13:26:58","slug":"concurso-seduc-am-cesgranrio-e-a-banca-para-7-862-vagas","status":"publish","type":"post","link":"https:\/\/www.camarasmunicipal.com.br\/agenda\/concurso-seduc-am-cesgranrio-e-a-banca-para-7-862-vagas\/","title":{"rendered":"Concurso SEDUC AM: Cesgranrio \u00e9 a banca para 7.862 vagas"},"content":{"rendered":"<h2>Overview do Concurso SEDUC AM<\/h2>\n<p>O <strong>novo Concurso SEDUC AM<\/strong> (Secretaria de Estado de Educa\u00e7\u00e3o do Amazonas) est\u00e1 tomando forma com a defini\u00e7\u00e3o da <strong>Funda\u00e7\u00e3o Cesgranrio<\/strong> como a banca organizadora. Este concurso oferece um total de <strong>7.862 vagas<\/strong>, abrangendo cargos permanentes na educa\u00e7\u00e3o, tanto para a capital quanto para diversas localidades do interior do estado.<\/p>\n<h2>Quem \u00e9 a Funda\u00e7\u00e3o Cesgranrio?<\/h2>\n<p>A <strong>Funda\u00e7\u00e3o Cesgranrio<\/strong> \u00e9 uma entidade de grande credibilidade no Brasil, reconhecida pela sua experi\u00eancia em organizar avalia\u00e7\u00f5es e concursos para as esferas p\u00fablica e privada. Com uma trajet\u00f3ria consolidada, a funda\u00e7\u00e3o tem o compromisso de realizar um processo seletivo justo e transparente, proporcionando aos candidatos oportunidades reais de ingresso no servi\u00e7o p\u00fablico.<\/p>\n<h2>Vagas Dispon\u00edveis e Cargos<\/h2>\n<p>No total, o concurso disponibiliza <strong>7.862 vagas<\/strong>, divididas entre diversas fun\u00e7\u00f5es, sendo as principais:<\/p>\n<p><img decoding=\"async\" src=\"https:\/\/www.camarasmunicipal.com.br\/agenda\/content-wp\/uploads\/2026\/08\/concurso-seduc-am-cesgranrio-e-a-banca-para-7-862-vagas.webp\" alt=\"Concurso SEDUC AM\" loading=\"lazy\" \/><\/p>\n<ul>\n<li><strong>Professor 20h<\/strong>: 2.146 vagas na capital e 3.028 no interior.<\/li>\n<li><strong>Professor 20h Ind\u00edgena<\/strong>: 1.148 vagas no interior.<\/li>\n<li><strong>Professor 40h<\/strong>: 70 vagas na capital e 30 no interior.<\/li>\n<li><strong>Pedagogo 20h<\/strong>: 100 vagas na capital e 266 no interior.<\/li>\n<li><strong>Pedagogo 20h Ind\u00edgena<\/strong>: 37 vagas no interior.<\/li>\n<li><strong>Pedagogo 40h<\/strong>: 20 vagas na capital e 10 no interior.<\/li>\n<li><strong>Assistente Social<\/strong>: 2 vagas na capital e 8 no interior.<\/li>\n<li><strong>Bibliotec\u00e1rio<\/strong>: 7 vagas na capital e 88 no interior.<\/li>\n<li><strong>Contador<\/strong>: 6 vagas na capital.<\/li>\n<li><strong>Engenheiro Civil<\/strong>: 5 vagas na capital.<\/li>\n<li><strong>Engenheiro Eletricista<\/strong>: 2 vagas na capital.<\/li>\n<li><strong>Estat\u00edstico<\/strong>: 3 vagas na capital.<\/li>\n<li><strong>Nutricionista<\/strong>: 2 vagas na capital e 25 no interior.<\/li>\n<li><strong>Psic\u00f3logo<\/strong>: 2 vagas na capital e 11 no interior.<\/li>\n<li><strong>Assistente T\u00e9cnico<\/strong>: 135 vagas na capital e 347 no interior.<\/li>\n<li><strong>Merendeiro<\/strong>: 122 vagas na capital e 173 no interior.<\/li>\n<\/ul>\n<h2>Processo de Inscri\u00e7\u00e3o<\/h2>\n<p>Os candidatos interessados poder\u00e3o se inscrever para o concurso assim que o edital for publicado. Esse documento oficial ir\u00e1 cont\u00ea-los prazos, informa\u00e7\u00f5es pertinentes \u00e0s etapas do concurso e a forma correta de realizar a inscri\u00e7\u00e3o, que geralmente \u00e9 feita online.<\/p>\n<h2>Cronograma e Datas Importantes<\/h2>\n<p>O cronograma do concurso ainda ser\u00e1 definido, mas elementos essenciais como as datas de inscri\u00e7\u00e3o e realiza\u00e7\u00e3o das provas estar\u00e3o claramente descritos no edital. \u00c9 fundamental que os candidatos acompanhem a publica\u00e7\u00e3o para n\u00e3o perder prazos importantes.<\/p>\n<h2>Taxa de Inscri\u00e7\u00e3o e Pagamento<\/h2>\n<p>As taxas para participa\u00e7\u00e3o no concurso variam de acordo com o cargo pretendido, e ser\u00e3o detalhadas no edital. A regulariza\u00e7\u00e3o do pagamento da taxa \u00e9 uma etapa preliminar para garantir a participa\u00e7\u00e3o no certame.<\/p>\n<h2>Crit\u00e9rios de Sele\u00e7\u00e3o<\/h2>\n<p>A sele\u00e7\u00e3o dos candidatos ser\u00e1 feita atrav\u00e9s de provas objetivas, que avaliar\u00e3o conhecimentos espec\u00edficos e gerais de acordo com o cargo solicitado. Al\u00e9m disso, pode haver a aplica\u00e7\u00e3o de provas pr\u00e1ticas ou de t\u00edtulos, dependendo da fun\u00e7\u00e3o a que o candidato se inscreveu.<\/p>\n<h2>Cadastro Reserva e Oportunidades Futuras<\/h2>\n<p>Al\u00e9m das vagas imediatas, o concurso prev\u00ea a forma\u00e7\u00e3o de um <strong>amplo cadastro reserva<\/strong>. Isso significa que, mesmo ap\u00f3s o preenchimento das vagas inicialmente dispon\u00edveis, candidatos aprovados poder\u00e3o ser convocados ao longo da validade do concurso, que \u00e9 de 12 meses, podendo ser prorrogada.<\/p>\n<h2>Prepara\u00e7\u00e3o para o Concurso<\/h2>\n<p>Para se sair bem nesse concurso, \u00e9 essencial que os candidatos se preparem adequadamente. Isso inclui estudar o conte\u00fado program\u00e1tico, fazer cursinhos preparat\u00f3rios, resolver provas anteriores e participar de grupos de estudo. A pr\u00e1tica vai aumentar a confian\u00e7a e a chance de sucesso na sele\u00e7\u00e3o.<\/p>\n<h2>Dicas para Candidatos<\/h2>\n<p>Abaixo est\u00e3o algumas dicas essenciais para quem est\u00e1 pensando em participar do Concurso SEDUC AM:<\/p>\n<ul>\n<li><strong>Mantenha-se atualizado:<\/strong> Acompanhe not\u00edcias sobre o concurso e a publica\u00e7\u00e3o de editais.<\/li>\n<li><strong>Estude com anteced\u00eancia:<\/strong> Comece a estudar o quanto antes, focando nas disciplinas mais exigidas.<\/li>\n<li><strong>Simulados:<\/strong> Realizar simulados o ajudar\u00e1 a entender o formato da prova e a administrar melhor o tempo durante a avalia\u00e7\u00e3o.<\/li>\n<li><strong>Cuide da sa\u00fade:<\/strong> A prepara\u00e7\u00e3o mental e f\u00edsica \u00e9 crucial, portanto, n\u00e3o negligencie o autocuidado.<\/li>\n<\/ul>\n","protected":false},"excerpt":{"rendered":"<p>Concurso SEDUC AM oferece 7.862 vagas com Cesgranrio como organizadora.<\/p>\n","protected":false},"author":1,"featured_media":3905,"comment_status":"closed","ping_status":"","sticky":false,"template":"","format":"standard","meta":{"footnotes":""},"categories":[8],"tags":[],"class_list":["post-3906","post","type-post","status-publish","format-standard","has-post-thumbnail","hentry","category-concurso-publico","has_thumb"],"yoast_head":"<!-- This site is optimized with the Yoast SEO plugin v27.0 - https:\/\/yoast.com\/product\/yoast-seo-wordpress\/ -->\n<title>Concurso SEDUC AM: Cesgranrio \u00e9 a banca para 7.862 vagas - C\u00e2maraMunicipal.com.br<\/title>\n<meta name=\"robots\" content=\"index, follow, max-snippet:-1, max-image-preview:large, max-video-preview:-1\" \/>\n<link rel=\"canonical\" href=\"https:\/\/www.camarasmunicipal.com.br\/agenda\/concurso-seduc-am-cesgranrio-e-a-banca-para-7-862-vagas\/\" \/>\n<meta property=\"og:locale\" content=\"pt_BR\" \/>\n<meta property=\"og:type\" content=\"article\" \/>\n<meta property=\"og:title\" content=\"Concurso SEDUC AM: Cesgranrio \u00e9 a banca para 7.862 vagas - C\u00e2maraMunicipal.com.br\" \/>\n<meta property=\"og:description\" content=\"Concurso SEDUC AM oferece 7.862 vagas com Cesgranrio como organizadora.\" \/>\n<meta property=\"og:url\" content=\"https:\/\/www.camarasmunicipal.com.br\/agenda\/concurso-seduc-am-cesgranrio-e-a-banca-para-7-862-vagas\/\" \/>\n<meta property=\"og:site_name\" content=\"C\u00e2maraMunicipal.com.br\" \/>\n<meta property=\"article:published_time\" content=\"2026-08-30T13:26:58+00:00\" \/>\n<meta property=\"og:image\" content=\"https:\/\/www.camarasmunicipal.com.br\/agenda\/content-wp\/uploads\/2026\/08\/banner-concurso-4.webp\" \/>\n\t<meta property=\"og:image:width\" content=\"1\" \/>\n\t<meta property=\"og:image:height\" content=\"1\" \/>\n\t<meta property=\"og:image:type\" content=\"image\/webp\" \/>\n<meta name=\"author\" content=\"Lucas Silva\" \/>\n<meta name=\"twitter:card\" content=\"summary_large_image\" \/>\n<meta name=\"twitter:label1\" content=\"Escrito por\" \/>\n\t<meta name=\"twitter:data1\" content=\"Lucas Silva\" \/>\n\t<meta name=\"twitter:label2\" content=\"Est. tempo de leitura\" \/>\n\t<meta name=\"twitter:data2\" content=\"3 minutos\" \/>\n<script type=\"application\/ld+json\" class=\"yoast-schema-graph\">{\"@context\":\"https:\/\/schema.org\",\"@graph\":[{\"@type\":\"Article\",\"@id\":\"https:\/\/www.camarasmunicipal.com.br\/agenda\/concurso-seduc-am-cesgranrio-e-a-banca-para-7-862-vagas\/#article\",\"isPartOf\":{\"@id\":\"https:\/\/www.camarasmunicipal.com.br\/agenda\/concurso-seduc-am-cesgranrio-e-a-banca-para-7-862-vagas\/\"},\"author\":{\"name\":\"Lucas Silva\",\"@id\":\"https:\/\/www.camaramunicipal.com.br\/agenda\/#\/schema\/person\/b33233bc7bcf00f56cf13c5e8705b814\"},\"headline\":\"Concurso SEDUC AM: Cesgranrio \u00e9 a banca para 7.862 vagas\",\"datePublished\":\"2026-08-30T13:26:58+00:00\",\"mainEntityOfPage\":{\"@id\":\"https:\/\/www.camarasmunicipal.com.br\/agenda\/concurso-seduc-am-cesgranrio-e-a-banca-para-7-862-vagas\/\"},\"wordCount\":648,\"image\":{\"@id\":\"https:\/\/www.camarasmunicipal.com.br\/agenda\/concurso-seduc-am-cesgranrio-e-a-banca-para-7-862-vagas\/#primaryimage\"},\"thumbnailUrl\":\"https:\/\/www.camarasmunicipal.com.br\/agenda\/content-wp\/uploads\/2026\/08\/concurso-seduc-am-cesgranrio-e-a-banca-para-7-862-vagas.webp\",\"articleSection\":[\"Concurso P\u00fablico\"],\"inLanguage\":\"pt-BR\"},{\"@type\":\"WebPage\",\"@id\":\"https:\/\/www.camarasmunicipal.com.br\/agenda\/concurso-seduc-am-cesgranrio-e-a-banca-para-7-862-vagas\/\",\"url\":\"https:\/\/www.camarasmunicipal.com.br\/agenda\/concurso-seduc-am-cesgranrio-e-a-banca-para-7-862-vagas\/\",\"name\":\"Concurso SEDUC AM: Cesgranrio \u00e9 a banca para 7.862 vagas - C\u00e2maraMunicipal.com.br\",\"isPartOf\":{\"@id\":\"https:\/\/www.camaramunicipal.com.br\/agenda\/#website\"},\"primaryImageOfPage\":{\"@id\":\"https:\/\/www.camarasmunicipal.com.br\/agenda\/concurso-seduc-am-cesgranrio-e-a-banca-para-7-862-vagas\/#primaryimage\"},\"image\":{\"@id\":\"https:\/\/www.camarasmunicipal.com.br\/agenda\/concurso-seduc-am-cesgranrio-e-a-banca-para-7-862-vagas\/#primaryimage\"},\"thumbnailUrl\":\"https:\/\/www.camarasmunicipal.com.br\/agenda\/content-wp\/uploads\/2026\/08\/concurso-seduc-am-cesgranrio-e-a-banca-para-7-862-vagas.webp\",\"datePublished\":\"2026-08-30T13:26:58+00:00\",\"author\":{\"@id\":\"https:\/\/www.camaramunicipal.com.br\/agenda\/#\/schema\/person\/b33233bc7bcf00f56cf13c5e8705b814\"},\"breadcrumb\":{\"@id\":\"https:\/\/www.camarasmunicipal.com.br\/agenda\/concurso-seduc-am-cesgranrio-e-a-banca-para-7-862-vagas\/#breadcrumb\"},\"inLanguage\":\"pt-BR\",\"potentialAction\":[{\"@type\":\"ReadAction\",\"target\":[\"https:\/\/www.camarasmunicipal.com.br\/agenda\/concurso-seduc-am-cesgranrio-e-a-banca-para-7-862-vagas\/\"]}]},{\"@type\":\"ImageObject\",\"inLanguage\":\"pt-BR\",\"@id\":\"https:\/\/www.camarasmunicipal.com.br\/agenda\/concurso-seduc-am-cesgranrio-e-a-banca-para-7-862-vagas\/#primaryimage\",\"url\":\"https:\/\/www.camarasmunicipal.com.br\/agenda\/content-wp\/uploads\/2026\/08\/concurso-seduc-am-cesgranrio-e-a-banca-para-7-862-vagas.webp\",\"contentUrl\":\"https:\/\/www.camarasmunicipal.com.br\/agenda\/content-wp\/uploads\/2026\/08\/concurso-seduc-am-cesgranrio-e-a-banca-para-7-862-vagas.webp\",\"width\":280,\"height\":280,\"caption\":\"Concurso SEDUC AM\"},{\"@type\":\"BreadcrumbList\",\"@id\":\"https:\/\/www.camarasmunicipal.com.br\/agenda\/concurso-seduc-am-cesgranrio-e-a-banca-para-7-862-vagas\/#breadcrumb\",\"itemListElement\":[{\"@type\":\"ListItem\",\"position\":1,\"name\":\"In\u00edcio\",\"item\":\"https:\/\/www.camaramunicipal.com.br\/agenda\/\"},{\"@type\":\"ListItem\",\"position\":2,\"name\":\"Concurso SEDUC AM: Cesgranrio \u00e9 a banca para 7.862 vagas\"}]},{\"@type\":\"WebSite\",\"@id\":\"https:\/\/www.camaramunicipal.com.br\/agenda\/#website\",\"url\":\"https:\/\/www.camaramunicipal.com.br\/agenda\/\",\"name\":\"C\u00e2maraMunicipal.com.br\",\"description\":\"C\u00e2mara Municipal\",\"potentialAction\":[{\"@type\":\"SearchAction\",\"target\":{\"@type\":\"EntryPoint\",\"urlTemplate\":\"https:\/\/www.camaramunicipal.com.br\/agenda\/?s={search_term_string}\"},\"query-input\":{\"@type\":\"PropertyValueSpecification\",\"valueRequired\":true,\"valueName\":\"search_term_string\"}}],\"inLanguage\":\"pt-BR\"},{\"@type\":\"Person\",\"@id\":\"https:\/\/www.camaramunicipal.com.br\/agenda\/#\/schema\/person\/b33233bc7bcf00f56cf13c5e8705b814\",\"name\":\"Lucas Silva\",\"image\":{\"@type\":\"ImageObject\",\"inLanguage\":\"pt-BR\",\"@id\":\"https:\/\/www.camaramunicipal.com.br\/agenda\/#\/schema\/person\/image\/\",\"url\":\"https:\/\/secure.gravatar.com\/avatar\/ca2e4cb40c39e0d0bee2b480a0b1693f2920bad4758fd663c8d874d0051d7665?s=96&d=mm&r=g\",\"contentUrl\":\"https:\/\/secure.gravatar.com\/avatar\/ca2e4cb40c39e0d0bee2b480a0b1693f2920bad4758fd663c8d874d0051d7665?s=96&d=mm&r=g\",\"caption\":\"Lucas Silva\"},\"description\":\"\ud83d\udc49 Ol\u00e1, meu nome \u00e9 Lucas Silva, editor do portal CamarasMunicipal.com.br. Sou especializado em concursos p\u00fablicos, trazendo not\u00edcias atualizadas, editais e oportunidades em todo o Brasil.\",\"sameAs\":[\"https:\/\/www.camaramunicipal.com.br\/agenda\/\"],\"url\":\"https:\/\/www.camarasmunicipal.com.br\/agenda\/author\/encontra\/\"}]}<\/script>\n<!-- \/ Yoast SEO plugin. -->","yoast_head_json":{"title":"Concurso SEDUC AM: Cesgranrio \u00e9 a banca para 7.862 vagas - C\u00e2maraMunicipal.com.br","robots":{"index":"index","follow":"follow","max-snippet":"max-snippet:-1","max-image-preview":"max-image-preview:large","max-video-preview":"max-video-preview:-1"},"canonical":"https:\/\/www.camarasmunicipal.com.br\/agenda\/concurso-seduc-am-cesgranrio-e-a-banca-para-7-862-vagas\/","og_locale":"pt_BR","og_type":"article","og_title":"Concurso SEDUC AM: Cesgranrio \u00e9 a banca para 7.862 vagas - C\u00e2maraMunicipal.com.br","og_description":"Concurso SEDUC AM oferece 7.862 vagas com Cesgranrio como organizadora.","og_url":"https:\/\/www.camarasmunicipal.com.br\/agenda\/concurso-seduc-am-cesgranrio-e-a-banca-para-7-862-vagas\/","og_site_name":"C\u00e2maraMunicipal.com.br","article_published_time":"2026-08-30T13:26:58+00:00","og_image":[{"url":"https:\/\/www.camarasmunicipal.com.br\/agenda\/content-wp\/uploads\/2026\/08\/banner-concurso-4.webp","width":1,"height":1,"type":"image\/webp"}],"author":"Lucas Silva","twitter_card":"summary_large_image","twitter_misc":{"Escrito por":"Lucas Silva","Est. tempo de leitura":"3 minutos"},"schema":{"@context":"https:\/\/schema.org","@graph":[{"@type":"Article","@id":"https:\/\/www.camarasmunicipal.com.br\/agenda\/concurso-seduc-am-cesgranrio-e-a-banca-para-7-862-vagas\/#article","isPartOf":{"@id":"https:\/\/www.camarasmunicipal.com.br\/agenda\/concurso-seduc-am-cesgranrio-e-a-banca-para-7-862-vagas\/"},"author":{"name":"Lucas Silva","@id":"https:\/\/www.camaramunicipal.com.br\/agenda\/#\/schema\/person\/b33233bc7bcf00f56cf13c5e8705b814"},"headline":"Concurso SEDUC AM: Cesgranrio \u00e9 a banca para 7.862 vagas","datePublished":"2026-08-30T13:26:58+00:00","mainEntityOfPage":{"@id":"https:\/\/www.camarasmunicipal.com.br\/agenda\/concurso-seduc-am-cesgranrio-e-a-banca-para-7-862-vagas\/"},"wordCount":648,"image":{"@id":"https:\/\/www.camarasmunicipal.com.br\/agenda\/concurso-seduc-am-cesgranrio-e-a-banca-para-7-862-vagas\/#primaryimage"},"thumbnailUrl":"https:\/\/www.camarasmunicipal.com.br\/agenda\/content-wp\/uploads\/2026\/08\/concurso-seduc-am-cesgranrio-e-a-banca-para-7-862-vagas.webp","articleSection":["Concurso P\u00fablico"],"inLanguage":"pt-BR"},{"@type":"WebPage","@id":"https:\/\/www.camarasmunicipal.com.br\/agenda\/concurso-seduc-am-cesgranrio-e-a-banca-para-7-862-vagas\/","url":"https:\/\/www.camarasmunicipal.com.br\/agenda\/concurso-seduc-am-cesgranrio-e-a-banca-para-7-862-vagas\/","name":"Concurso SEDUC AM: Cesgranrio \u00e9 a banca para 7.862 vagas - C\u00e2maraMunicipal.com.br","isPartOf":{"@id":"https:\/\/www.camaramunicipal.com.br\/agenda\/#website"},"primaryImageOfPage":{"@id":"https:\/\/www.camarasmunicipal.com.br\/agenda\/concurso-seduc-am-cesgranrio-e-a-banca-para-7-862-vagas\/#primaryimage"},"image":{"@id":"https:\/\/www.camarasmunicipal.com.br\/agenda\/concurso-seduc-am-cesgranrio-e-a-banca-para-7-862-vagas\/#primaryimage"},"thumbnailUrl":"https:\/\/www.camarasmunicipal.com.br\/agenda\/content-wp\/uploads\/2026\/08\/concurso-seduc-am-cesgranrio-e-a-banca-para-7-862-vagas.webp","datePublished":"2026-08-30T13:26:58+00:00","author":{"@id":"https:\/\/www.camaramunicipal.com.br\/agenda\/#\/schema\/person\/b33233bc7bcf00f56cf13c5e8705b814"},"breadcrumb":{"@id":"https:\/\/www.camarasmunicipal.com.br\/agenda\/concurso-seduc-am-cesgranrio-e-a-banca-para-7-862-vagas\/#breadcrumb"},"inLanguage":"pt-BR","potentialAction":[{"@type":"ReadAction","target":["https:\/\/www.camarasmunicipal.com.br\/agenda\/concurso-seduc-am-cesgranrio-e-a-banca-para-7-862-vagas\/"]}]},{"@type":"ImageObject","inLanguage":"pt-BR","@id":"https:\/\/www.camarasmunicipal.com.br\/agenda\/concurso-seduc-am-cesgranrio-e-a-banca-para-7-862-vagas\/#primaryimage","url":"https:\/\/www.camarasmunicipal.com.br\/agenda\/content-wp\/uploads\/2026\/08\/concurso-seduc-am-cesgranrio-e-a-banca-para-7-862-vagas.webp","contentUrl":"https:\/\/www.camarasmunicipal.com.br\/agenda\/content-wp\/uploads\/2026\/08\/concurso-seduc-am-cesgranrio-e-a-banca-para-7-862-vagas.webp","width":280,"height":280,"caption":"Concurso SEDUC AM"},{"@type":"BreadcrumbList","@id":"https:\/\/www.camarasmunicipal.com.br\/agenda\/concurso-seduc-am-cesgranrio-e-a-banca-para-7-862-vagas\/#breadcrumb","itemListElement":[{"@type":"ListItem","position":1,"name":"In\u00edcio","item":"https:\/\/www.camaramunicipal.com.br\/agenda\/"},{"@type":"ListItem","position":2,"name":"Concurso SEDUC AM: Cesgranrio \u00e9 a banca para 7.862 vagas"}]},{"@type":"WebSite","@id":"https:\/\/www.camaramunicipal.com.br\/agenda\/#website","url":"https:\/\/www.camaramunicipal.com.br\/agenda\/","name":"C\u00e2maraMunicipal.com.br","description":"C\u00e2mara Municipal","potentialAction":[{"@type":"SearchAction","target":{"@type":"EntryPoint","urlTemplate":"https:\/\/www.camaramunicipal.com.br\/agenda\/?s={search_term_string}"},"query-input":{"@type":"PropertyValueSpecification","valueRequired":true,"valueName":"search_term_string"}}],"inLanguage":"pt-BR"},{"@type":"Person","@id":"https:\/\/www.camaramunicipal.com.br\/agenda\/#\/schema\/person\/b33233bc7bcf00f56cf13c5e8705b814","name":"Lucas Silva","image":{"@type":"ImageObject","inLanguage":"pt-BR","@id":"https:\/\/www.camaramunicipal.com.br\/agenda\/#\/schema\/person\/image\/","url":"https:\/\/secure.gravatar.com\/avatar\/ca2e4cb40c39e0d0bee2b480a0b1693f2920bad4758fd663c8d874d0051d7665?s=96&d=mm&r=g","contentUrl":"https:\/\/secure.gravatar.com\/avatar\/ca2e4cb40c39e0d0bee2b480a0b1693f2920bad4758fd663c8d874d0051d7665?s=96&d=mm&r=g","caption":"Lucas Silva"},"description":"\ud83d\udc49 Ol\u00e1, meu nome \u00e9 Lucas Silva, editor do portal CamarasMunicipal.com.br. Sou especializado em concursos p\u00fablicos, trazendo not\u00edcias atualizadas, editais e oportunidades em todo o Brasil.","sameAs":["https:\/\/www.camaramunicipal.com.br\/agenda\/"],"url":"https:\/\/www.camarasmunicipal.com.br\/agenda\/author\/encontra\/"}]}},"_links":{"self":[{"href":"https:\/\/www.camarasmunicipal.com.br\/agenda\/wp-json\/wp\/v2\/posts\/3906","targetHints":{"allow":["GET"]}}],"collection":[{"href":"https:\/\/www.camarasmunicipal.com.br\/agenda\/wp-json\/wp\/v2\/posts"}],"about":[{"href":"https:\/\/www.camarasmunicipal.com.br\/agenda\/wp-json\/wp\/v2\/types\/post"}],"author":[{"embeddable":true,"href":"https:\/\/www.camarasmunicipal.com.br\/agenda\/wp-json\/wp\/v2\/users\/1"}],"replies":[{"embeddable":true,"href":"https:\/\/www.camarasmunicipal.com.br\/agenda\/wp-json\/wp\/v2\/comments?post=3906"}],"version-history":[{"count":0,"href":"https:\/\/www.camarasmunicipal.com.br\/agenda\/wp-json\/wp\/v2\/posts\/3906\/revisions"}],"wp:featuredmedia":[{"embeddable":true,"href":"https:\/\/www.camarasmunicipal.com.br\/agenda\/wp-json\/wp\/v2\/media\/3905"}],"wp:attachment":[{"href":"https:\/\/www.camarasmunicipal.com.br\/agenda\/wp-json\/wp\/v2\/media?parent=3906"}],"wp:term":[{"taxonomy":"category","embeddable":true,"href":"https:\/\/www.camarasmunicipal.com.br\/agenda\/wp-json\/wp\/v2\/categories?post=3906"},{"taxonomy":"post_tag","embeddable":true,"href":"https:\/\/www.camarasmunicipal.com.br\/agenda\/wp-json\/wp\/v2\/tags?post=3906"}],"curies":[{"name":"wp","href":"https:\/\/api.w.org\/{rel}","templated":true}]}}