{"id":3903,"date":"2026-08-30T10:26:09","date_gmt":"2026-08-30T13:26:09","guid":{"rendered":"https:\/\/www.camarasmunicipal.com.br\/agenda\/simulado-final-para-o-concurso-sedes-df-2026\/"},"modified":"2026-08-30T10:26:09","modified_gmt":"2026-08-30T13:26:09","slug":"simulado-final-para-o-concurso-sedes-df-2026","status":"publish","type":"post","link":"https:\/\/www.camarasmunicipal.com.br\/agenda\/simulado-final-para-o-concurso-sedes-df-2026\/","title":{"rendered":"Simulado Final para o Concurso Sedes DF 2026!"},"content":{"rendered":"<h2>Simulado Final para o Concurso Sedes DF 2026<\/h2>\n<p>Participe gratuitamente do simulado final para o concurso da Secretaria de Desenvolvimento Social do Distrito Federal, programado para este s\u00e1bado, dia 29 de agosto. Este teste \u00e9 uma grande oportunidade de se preparar adequadamente para o exame que conta com mais de 4,7 mil vagas dispon\u00edveis e atrai a concorr\u00eancia de mais de 210 mil inscritos.<\/p>\n<h2>Como Participar do Simulado<\/h2>\n<p>O evento ser\u00e1 realizado no formato online, permitindo que voc\u00ea escolha seu cargo e participe de forma interativa. A escolha do cargo \u00e9 fundamental para garantir que voc\u00ea receba as quest\u00f5es espec\u00edficas relacionadas \u00e0 sua fun\u00e7\u00e3o desejada, proporcionando uma experi\u00eancia mais direcionada e eficaz na prepara\u00e7\u00e3o. Para se inscrever, basta seguir as instru\u00e7\u00f5es dispon\u00edveis na plataforma.<\/p>\n<h2>O Que Esperar do Simulado Final<\/h2>\n<p>Os participantes ter\u00e3o \u00e0 disposi\u00e7\u00e3o 60 quest\u00f5es de m\u00faltipla escolha (com cinco alternativas) e tamb\u00e9m uma se\u00e7\u00e3o discursiva. O tempo total para a realiza\u00e7\u00e3o do simulado ser\u00e1 de 4 horas. \u00c9 uma simula\u00e7\u00e3o pr\u00e1tica que busca replicar o ambiente real do concurso, ajudando voc\u00ea a gerenciar melhor seu tempo durante a prova.<\/p>\n<p><img decoding=\"async\" src=\"https:\/\/www.camarasmunicipal.com.br\/agenda\/content-wp\/uploads\/2026\/08\/simulado-final-para-o-concurso-sedes-df-2026.webp\" alt=\"Simulado Final para o Concurso Sedes DF 2026\" loading=\"lazy\" \/><\/p>\n<h2>Cronograma de Aplica\u00e7\u00e3o do Simulado<\/h2>\n<ul>\n<li><strong>Hor\u00e1rio de Aplica\u00e7\u00e3o:<\/strong> 08h \u00e0s 12h<\/li>\n<li><strong>Corre\u00e7\u00e3o ao Vivo:<\/strong> a partir das 14h<\/li>\n<\/ul>\n<h2>Dicas para um Desempenho Brilhante<\/h2>\n<p>Para garantir um bom desempenho, \u00e9 essencial que voc\u00ea esteja bem preparado. Algumas dicas \u00fateis incluem:<\/p>\n<ul>\n<li><strong>Revis\u00e3o de Conte\u00fado:<\/strong> Revise os principais t\u00f3picos que s\u00e3o frequentemente abordados no concurso. Isso inclui n\u00e3o apenas a teoria, mas tamb\u00e9m a pr\u00e1tica.<\/li>\n<li><strong>Simulados Anteriores:<\/strong> Realizar simulados de provas anteriores pode ajudar a entender o estilo das perguntas e a estrutura do exame.<\/li>\n<li><strong>Gerenciamento do Tempo:<\/strong> Durante o simulado, fa\u00e7a um planejamento de quanto tempo gastar em cada quest\u00e3o para evitar ficar sem tempo no final.<\/li>\n<li><strong>Cuidado com Distratores:<\/strong> Preste aten\u00e7\u00e3o especial nas alternativas, pois muitas vezes as quest\u00f5es podem conter op\u00e7\u00f5es que parecem corretas, mas que na verdade n\u00e3o s\u00e3o.<\/li>\n<\/ul>\n<h2>Prepara\u00e7\u00e3o para o Concurso Sedes DF<\/h2>\n<p>A prepara\u00e7\u00e3o \u00e9 essencial para qualquer concurso. Dedique um tempo relevante do seu dia para estudar e revisar. Utilize fontes de qualidade e materiais que realmente ajudem a solidificar seu conhecimento. O estudo cont\u00ednuo, aliado a pr\u00e1ticas como participar de simulados, proporcionar\u00e1 um entendimento mais profundo e um aumento consider\u00e1vel em suas chances de sucesso.<\/p>\n<h2>Estrat\u00e9gias de Estudo Eficazes<\/h2>\n<p>Algumas estrat\u00e9gias que podem otimizar sua jornada de estudos incluem:<\/p>\n<ul>\n<li><strong>Divis\u00e3o de T\u00f3picos:<\/strong> Separe os conte\u00fados em t\u00f3picos espec\u00edficos e estude um por um. Isso facilita a absor\u00e7\u00e3o das informa\u00e7\u00f5es.<\/li>\n<li><strong>Grupos de Estudo:<\/strong> Participar de grupos de estudo pode oferecer novas perspectivas e discutir conte\u00fados complexos com outros estudantes.<\/li>\n<li><strong>T\u00e9cnicas de Memoriza\u00e7\u00e3o:<\/strong> Utilize m\u00e9todos como mapas mentais e flashcards para ajudar na memoriza\u00e7\u00e3o de conte\u00fados importantes.<\/li>\n<\/ul>\n<h2>Fique por Dentro das Vagas Dispon\u00edveis<\/h2>\n<p>Com uma oferta de mais de 4,7 mil vagas, \u00e9 importante que voc\u00ea fique atento ao edital e \u00e0s especifica\u00e7\u00f5es de cada cargo. O concurso abrange diversas \u00e1reas, oferecendo oportunidades em setores variados. As informa\u00e7\u00f5es sobre a quantidade de vagas, requisitos e perfil de cada cargo podem ser acessadas atrav\u00e9s do site oficial da Secretaria de Desenvolvimento Social do DF.<\/p>\n<h2>Import\u00e2ncia da Pr\u00e1tica de Simulados<\/h2>\n<p>Realizar simulados tem um papel fundamental na prepara\u00e7\u00e3o para concursos. Estas pr\u00e1ticas ajudam a familiarizar-se com o formato da prova, a pressionar voc\u00ea a trabalhar sob tempo e a identificar \u00e1reas onde voc\u00ea pode precisar de mais estudo. Al\u00e9m disso, a corre\u00e7\u00e3o imediata das quest\u00f5es ajuda a entender onde voc\u00ea errou, permitindo um aprendizado mais eficaz.<\/p>\n<h2>Resultados e Feedbacks dos Participantes<\/h2>\n<p>Ap\u00f3s a realiza\u00e7\u00e3o do simulado, os resultados ser\u00e3o dispon\u00edveis, permitindo que voc\u00ea identifique seus pontos fortes e fracos. O feedback \u00e9 fundamental para aprimorar seu desempenho em futuras provas.<\/p>\n<h2>A Melhor Maneira de Utilizar o Simulado<\/h2>\n<p>Para maximizar os benef\u00edcios do simulado final, fa\u00e7a uma an\u00e1lise detalhada dos seus resultados. Isto ajudar\u00e1 voc\u00ea a ajustar seu foco de estudo e a refor\u00e7ar os conte\u00fados que mais necessitam de aten\u00e7\u00e3o. Prepare-se para enfrentar com confian\u00e7a os desafios do concurso.<\/p>\n<h2>Importante<\/h2>\n<p>Garanta que est\u00e1 participando do simulado e utilize esse tempo para an\u00e1lise e revis\u00e3o. Os gabaritos dos simulados ser\u00e3o divulgados junto com cadernos de provas comentados exclusivamente na \u00e1rea do aluno, proporcionando um recurso adicional para o seu aprendizado. Aproveite essa oportunidade para alavancar sua prepara\u00e7\u00e3o e obter o melhor resultado poss\u00edvel no concurso Sedes DF 2026!<\/p>\n","protected":false},"excerpt":{"rendered":"<p>Participe do Simulado Final para o Concurso Sedes DF 2026 e aumente suas chances!<\/p>\n","protected":false},"author":1,"featured_media":3902,"comment_status":"closed","ping_status":"","sticky":false,"template":"","format":"standard","meta":{"footnotes":""},"categories":[8],"tags":[],"class_list":["post-3903","post","type-post","status-publish","format-standard","has-post-thumbnail","hentry","category-concurso-publico","has_thumb"],"yoast_head":"<!-- This site is optimized with the Yoast SEO plugin v27.0 - https:\/\/yoast.com\/product\/yoast-seo-wordpress\/ -->\n<title>Simulado Final para o Concurso Sedes DF 2026! - C\u00e2maraMunicipal.com.br<\/title>\n<meta name=\"robots\" content=\"index, follow, max-snippet:-1, max-image-preview:large, max-video-preview:-1\" \/>\n<link rel=\"canonical\" href=\"https:\/\/www.camarasmunicipal.com.br\/agenda\/simulado-final-para-o-concurso-sedes-df-2026\/\" \/>\n<meta property=\"og:locale\" content=\"pt_BR\" \/>\n<meta property=\"og:type\" content=\"article\" \/>\n<meta property=\"og:title\" content=\"Simulado Final para o Concurso Sedes DF 2026! - C\u00e2maraMunicipal.com.br\" \/>\n<meta property=\"og:description\" content=\"Participe do Simulado Final para o Concurso Sedes DF 2026 e aumente suas chances!\" \/>\n<meta property=\"og:url\" content=\"https:\/\/www.camarasmunicipal.com.br\/agenda\/simulado-final-para-o-concurso-sedes-df-2026\/\" \/>\n<meta property=\"og:site_name\" content=\"C\u00e2maraMunicipal.com.br\" \/>\n<meta property=\"article:published_time\" content=\"2026-08-30T13:26:09+00:00\" \/>\n<meta property=\"og:image\" content=\"https:\/\/www.camarasmunicipal.com.br\/agenda\/content-wp\/uploads\/2026\/08\/banner-concurso-8.webp\" \/>\n\t<meta property=\"og:image:width\" content=\"1\" \/>\n\t<meta property=\"og:image:height\" content=\"1\" \/>\n\t<meta property=\"og:image:type\" content=\"image\/webp\" \/>\n<meta name=\"author\" content=\"Lucas Silva\" \/>\n<meta name=\"twitter:card\" content=\"summary_large_image\" \/>\n<meta name=\"twitter:label1\" content=\"Escrito por\" \/>\n\t<meta name=\"twitter:data1\" content=\"Lucas Silva\" \/>\n\t<meta name=\"twitter:label2\" content=\"Est. tempo de leitura\" \/>\n\t<meta name=\"twitter:data2\" content=\"4 minutos\" \/>\n<script type=\"application\/ld+json\" class=\"yoast-schema-graph\">{\"@context\":\"https:\/\/schema.org\",\"@graph\":[{\"@type\":\"Article\",\"@id\":\"https:\/\/www.camarasmunicipal.com.br\/agenda\/simulado-final-para-o-concurso-sedes-df-2026\/#article\",\"isPartOf\":{\"@id\":\"https:\/\/www.camarasmunicipal.com.br\/agenda\/simulado-final-para-o-concurso-sedes-df-2026\/\"},\"author\":{\"name\":\"Lucas Silva\",\"@id\":\"https:\/\/www.camaramunicipal.com.br\/agenda\/#\/schema\/person\/b33233bc7bcf00f56cf13c5e8705b814\"},\"headline\":\"Simulado Final para o Concurso Sedes DF 2026!\",\"datePublished\":\"2026-08-30T13:26:09+00:00\",\"mainEntityOfPage\":{\"@id\":\"https:\/\/www.camarasmunicipal.com.br\/agenda\/simulado-final-para-o-concurso-sedes-df-2026\/\"},\"wordCount\":785,\"image\":{\"@id\":\"https:\/\/www.camarasmunicipal.com.br\/agenda\/simulado-final-para-o-concurso-sedes-df-2026\/#primaryimage\"},\"thumbnailUrl\":\"https:\/\/www.camarasmunicipal.com.br\/agenda\/content-wp\/uploads\/2026\/08\/simulado-final-para-o-concurso-sedes-df-2026.webp\",\"articleSection\":[\"Concurso P\u00fablico\"],\"inLanguage\":\"pt-BR\"},{\"@type\":\"WebPage\",\"@id\":\"https:\/\/www.camarasmunicipal.com.br\/agenda\/simulado-final-para-o-concurso-sedes-df-2026\/\",\"url\":\"https:\/\/www.camarasmunicipal.com.br\/agenda\/simulado-final-para-o-concurso-sedes-df-2026\/\",\"name\":\"Simulado Final para o Concurso Sedes DF 2026! - C\u00e2maraMunicipal.com.br\",\"isPartOf\":{\"@id\":\"https:\/\/www.camaramunicipal.com.br\/agenda\/#website\"},\"primaryImageOfPage\":{\"@id\":\"https:\/\/www.camarasmunicipal.com.br\/agenda\/simulado-final-para-o-concurso-sedes-df-2026\/#primaryimage\"},\"image\":{\"@id\":\"https:\/\/www.camarasmunicipal.com.br\/agenda\/simulado-final-para-o-concurso-sedes-df-2026\/#primaryimage\"},\"thumbnailUrl\":\"https:\/\/www.camarasmunicipal.com.br\/agenda\/content-wp\/uploads\/2026\/08\/simulado-final-para-o-concurso-sedes-df-2026.webp\",\"datePublished\":\"2026-08-30T13:26:09+00:00\",\"author\":{\"@id\":\"https:\/\/www.camaramunicipal.com.br\/agenda\/#\/schema\/person\/b33233bc7bcf00f56cf13c5e8705b814\"},\"breadcrumb\":{\"@id\":\"https:\/\/www.camarasmunicipal.com.br\/agenda\/simulado-final-para-o-concurso-sedes-df-2026\/#breadcrumb\"},\"inLanguage\":\"pt-BR\",\"potentialAction\":[{\"@type\":\"ReadAction\",\"target\":[\"https:\/\/www.camarasmunicipal.com.br\/agenda\/simulado-final-para-o-concurso-sedes-df-2026\/\"]}]},{\"@type\":\"ImageObject\",\"inLanguage\":\"pt-BR\",\"@id\":\"https:\/\/www.camarasmunicipal.com.br\/agenda\/simulado-final-para-o-concurso-sedes-df-2026\/#primaryimage\",\"url\":\"https:\/\/www.camarasmunicipal.com.br\/agenda\/content-wp\/uploads\/2026\/08\/simulado-final-para-o-concurso-sedes-df-2026.webp\",\"contentUrl\":\"https:\/\/www.camarasmunicipal.com.br\/agenda\/content-wp\/uploads\/2026\/08\/simulado-final-para-o-concurso-sedes-df-2026.webp\",\"width\":280,\"height\":280,\"caption\":\"Simulado Final para o Concurso Sedes DF 2026\"},{\"@type\":\"BreadcrumbList\",\"@id\":\"https:\/\/www.camarasmunicipal.com.br\/agenda\/simulado-final-para-o-concurso-sedes-df-2026\/#breadcrumb\",\"itemListElement\":[{\"@type\":\"ListItem\",\"position\":1,\"name\":\"In\u00edcio\",\"item\":\"https:\/\/www.camaramunicipal.com.br\/agenda\/\"},{\"@type\":\"ListItem\",\"position\":2,\"name\":\"Simulado Final para o Concurso Sedes DF 2026!\"}]},{\"@type\":\"WebSite\",\"@id\":\"https:\/\/www.camaramunicipal.com.br\/agenda\/#website\",\"url\":\"https:\/\/www.camaramunicipal.com.br\/agenda\/\",\"name\":\"C\u00e2maraMunicipal.com.br\",\"description\":\"C\u00e2mara Municipal\",\"potentialAction\":[{\"@type\":\"SearchAction\",\"target\":{\"@type\":\"EntryPoint\",\"urlTemplate\":\"https:\/\/www.camaramunicipal.com.br\/agenda\/?s={search_term_string}\"},\"query-input\":{\"@type\":\"PropertyValueSpecification\",\"valueRequired\":true,\"valueName\":\"search_term_string\"}}],\"inLanguage\":\"pt-BR\"},{\"@type\":\"Person\",\"@id\":\"https:\/\/www.camaramunicipal.com.br\/agenda\/#\/schema\/person\/b33233bc7bcf00f56cf13c5e8705b814\",\"name\":\"Lucas Silva\",\"image\":{\"@type\":\"ImageObject\",\"inLanguage\":\"pt-BR\",\"@id\":\"https:\/\/www.camaramunicipal.com.br\/agenda\/#\/schema\/person\/image\/\",\"url\":\"https:\/\/secure.gravatar.com\/avatar\/ca2e4cb40c39e0d0bee2b480a0b1693f2920bad4758fd663c8d874d0051d7665?s=96&d=mm&r=g\",\"contentUrl\":\"https:\/\/secure.gravatar.com\/avatar\/ca2e4cb40c39e0d0bee2b480a0b1693f2920bad4758fd663c8d874d0051d7665?s=96&d=mm&r=g\",\"caption\":\"Lucas Silva\"},\"description\":\"\ud83d\udc49 Ol\u00e1, meu nome \u00e9 Lucas Silva, editor do portal CamarasMunicipal.com.br. Sou especializado em concursos p\u00fablicos, trazendo not\u00edcias atualizadas, editais e oportunidades em todo o Brasil.\",\"sameAs\":[\"https:\/\/www.camaramunicipal.com.br\/agenda\/\"],\"url\":\"https:\/\/www.camarasmunicipal.com.br\/agenda\/author\/encontra\/\"}]}<\/script>\n<!-- \/ Yoast SEO plugin. -->","yoast_head_json":{"title":"Simulado Final para o Concurso Sedes DF 2026! - C\u00e2maraMunicipal.com.br","robots":{"index":"index","follow":"follow","max-snippet":"max-snippet:-1","max-image-preview":"max-image-preview:large","max-video-preview":"max-video-preview:-1"},"canonical":"https:\/\/www.camarasmunicipal.com.br\/agenda\/simulado-final-para-o-concurso-sedes-df-2026\/","og_locale":"pt_BR","og_type":"article","og_title":"Simulado Final para o Concurso Sedes DF 2026! - C\u00e2maraMunicipal.com.br","og_description":"Participe do Simulado Final para o Concurso Sedes DF 2026 e aumente suas chances!","og_url":"https:\/\/www.camarasmunicipal.com.br\/agenda\/simulado-final-para-o-concurso-sedes-df-2026\/","og_site_name":"C\u00e2maraMunicipal.com.br","article_published_time":"2026-08-30T13:26:09+00:00","og_image":[{"url":"https:\/\/www.camarasmunicipal.com.br\/agenda\/content-wp\/uploads\/2026\/08\/banner-concurso-8.webp","width":1,"height":1,"type":"image\/webp"}],"author":"Lucas Silva","twitter_card":"summary_large_image","twitter_misc":{"Escrito por":"Lucas Silva","Est. tempo de leitura":"4 minutos"},"schema":{"@context":"https:\/\/schema.org","@graph":[{"@type":"Article","@id":"https:\/\/www.camarasmunicipal.com.br\/agenda\/simulado-final-para-o-concurso-sedes-df-2026\/#article","isPartOf":{"@id":"https:\/\/www.camarasmunicipal.com.br\/agenda\/simulado-final-para-o-concurso-sedes-df-2026\/"},"author":{"name":"Lucas Silva","@id":"https:\/\/www.camaramunicipal.com.br\/agenda\/#\/schema\/person\/b33233bc7bcf00f56cf13c5e8705b814"},"headline":"Simulado Final para o Concurso Sedes DF 2026!","datePublished":"2026-08-30T13:26:09+00:00","mainEntityOfPage":{"@id":"https:\/\/www.camarasmunicipal.com.br\/agenda\/simulado-final-para-o-concurso-sedes-df-2026\/"},"wordCount":785,"image":{"@id":"https:\/\/www.camarasmunicipal.com.br\/agenda\/simulado-final-para-o-concurso-sedes-df-2026\/#primaryimage"},"thumbnailUrl":"https:\/\/www.camarasmunicipal.com.br\/agenda\/content-wp\/uploads\/2026\/08\/simulado-final-para-o-concurso-sedes-df-2026.webp","articleSection":["Concurso P\u00fablico"],"inLanguage":"pt-BR"},{"@type":"WebPage","@id":"https:\/\/www.camarasmunicipal.com.br\/agenda\/simulado-final-para-o-concurso-sedes-df-2026\/","url":"https:\/\/www.camarasmunicipal.com.br\/agenda\/simulado-final-para-o-concurso-sedes-df-2026\/","name":"Simulado Final para o Concurso Sedes DF 2026! - C\u00e2maraMunicipal.com.br","isPartOf":{"@id":"https:\/\/www.camaramunicipal.com.br\/agenda\/#website"},"primaryImageOfPage":{"@id":"https:\/\/www.camarasmunicipal.com.br\/agenda\/simulado-final-para-o-concurso-sedes-df-2026\/#primaryimage"},"image":{"@id":"https:\/\/www.camarasmunicipal.com.br\/agenda\/simulado-final-para-o-concurso-sedes-df-2026\/#primaryimage"},"thumbnailUrl":"https:\/\/www.camarasmunicipal.com.br\/agenda\/content-wp\/uploads\/2026\/08\/simulado-final-para-o-concurso-sedes-df-2026.webp","datePublished":"2026-08-30T13:26:09+00:00","author":{"@id":"https:\/\/www.camaramunicipal.com.br\/agenda\/#\/schema\/person\/b33233bc7bcf00f56cf13c5e8705b814"},"breadcrumb":{"@id":"https:\/\/www.camarasmunicipal.com.br\/agenda\/simulado-final-para-o-concurso-sedes-df-2026\/#breadcrumb"},"inLanguage":"pt-BR","potentialAction":[{"@type":"ReadAction","target":["https:\/\/www.camarasmunicipal.com.br\/agenda\/simulado-final-para-o-concurso-sedes-df-2026\/"]}]},{"@type":"ImageObject","inLanguage":"pt-BR","@id":"https:\/\/www.camarasmunicipal.com.br\/agenda\/simulado-final-para-o-concurso-sedes-df-2026\/#primaryimage","url":"https:\/\/www.camarasmunicipal.com.br\/agenda\/content-wp\/uploads\/2026\/08\/simulado-final-para-o-concurso-sedes-df-2026.webp","contentUrl":"https:\/\/www.camarasmunicipal.com.br\/agenda\/content-wp\/uploads\/2026\/08\/simulado-final-para-o-concurso-sedes-df-2026.webp","width":280,"height":280,"caption":"Simulado Final para o Concurso Sedes DF 2026"},{"@type":"BreadcrumbList","@id":"https:\/\/www.camarasmunicipal.com.br\/agenda\/simulado-final-para-o-concurso-sedes-df-2026\/#breadcrumb","itemListElement":[{"@type":"ListItem","position":1,"name":"In\u00edcio","item":"https:\/\/www.camaramunicipal.com.br\/agenda\/"},{"@type":"ListItem","position":2,"name":"Simulado Final para o Concurso Sedes DF 2026!"}]},{"@type":"WebSite","@id":"https:\/\/www.camaramunicipal.com.br\/agenda\/#website","url":"https:\/\/www.camaramunicipal.com.br\/agenda\/","name":"C\u00e2maraMunicipal.com.br","description":"C\u00e2mara Municipal","potentialAction":[{"@type":"SearchAction","target":{"@type":"EntryPoint","urlTemplate":"https:\/\/www.camaramunicipal.com.br\/agenda\/?s={search_term_string}"},"query-input":{"@type":"PropertyValueSpecification","valueRequired":true,"valueName":"search_term_string"}}],"inLanguage":"pt-BR"},{"@type":"Person","@id":"https:\/\/www.camaramunicipal.com.br\/agenda\/#\/schema\/person\/b33233bc7bcf00f56cf13c5e8705b814","name":"Lucas Silva","image":{"@type":"ImageObject","inLanguage":"pt-BR","@id":"https:\/\/www.camaramunicipal.com.br\/agenda\/#\/schema\/person\/image\/","url":"https:\/\/secure.gravatar.com\/avatar\/ca2e4cb40c39e0d0bee2b480a0b1693f2920bad4758fd663c8d874d0051d7665?s=96&d=mm&r=g","contentUrl":"https:\/\/secure.gravatar.com\/avatar\/ca2e4cb40c39e0d0bee2b480a0b1693f2920bad4758fd663c8d874d0051d7665?s=96&d=mm&r=g","caption":"Lucas Silva"},"description":"\ud83d\udc49 Ol\u00e1, meu nome \u00e9 Lucas Silva, editor do portal CamarasMunicipal.com.br. Sou especializado em concursos p\u00fablicos, trazendo not\u00edcias atualizadas, editais e oportunidades em todo o Brasil.","sameAs":["https:\/\/www.camaramunicipal.com.br\/agenda\/"],"url":"https:\/\/www.camarasmunicipal.com.br\/agenda\/author\/encontra\/"}]}},"_links":{"self":[{"href":"https:\/\/www.camarasmunicipal.com.br\/agenda\/wp-json\/wp\/v2\/posts\/3903","targetHints":{"allow":["GET"]}}],"collection":[{"href":"https:\/\/www.camarasmunicipal.com.br\/agenda\/wp-json\/wp\/v2\/posts"}],"about":[{"href":"https:\/\/www.camarasmunicipal.com.br\/agenda\/wp-json\/wp\/v2\/types\/post"}],"author":[{"embeddable":true,"href":"https:\/\/www.camarasmunicipal.com.br\/agenda\/wp-json\/wp\/v2\/users\/1"}],"replies":[{"embeddable":true,"href":"https:\/\/www.camarasmunicipal.com.br\/agenda\/wp-json\/wp\/v2\/comments?post=3903"}],"version-history":[{"count":0,"href":"https:\/\/www.camarasmunicipal.com.br\/agenda\/wp-json\/wp\/v2\/posts\/3903\/revisions"}],"wp:featuredmedia":[{"embeddable":true,"href":"https:\/\/www.camarasmunicipal.com.br\/agenda\/wp-json\/wp\/v2\/media\/3902"}],"wp:attachment":[{"href":"https:\/\/www.camarasmunicipal.com.br\/agenda\/wp-json\/wp\/v2\/media?parent=3903"}],"wp:term":[{"taxonomy":"category","embeddable":true,"href":"https:\/\/www.camarasmunicipal.com.br\/agenda\/wp-json\/wp\/v2\/categories?post=3903"},{"taxonomy":"post_tag","embeddable":true,"href":"https:\/\/www.camarasmunicipal.com.br\/agenda\/wp-json\/wp\/v2\/tags?post=3903"}],"curies":[{"name":"wp","href":"https:\/\/api.w.org\/{rel}","templated":true}]}}