{"id":3900,"date":"2026-08-29T09:48:32","date_gmt":"2026-08-29T12:48:32","guid":{"rendered":"https:\/\/www.camarasmunicipal.com.br\/agenda\/pernambuco-cria-232-mil-empregos-e-mantem-3o-lugar-no-nordeste-em-2026\/"},"modified":"2026-08-29T09:48:32","modified_gmt":"2026-08-29T12:48:32","slug":"pernambuco-cria-232-mil-empregos-e-mantem-3o-lugar-no-nordeste-em-2026","status":"publish","type":"post","link":"https:\/\/www.camarasmunicipal.com.br\/agenda\/pernambuco-cria-232-mil-empregos-e-mantem-3o-lugar-no-nordeste-em-2026\/","title":{"rendered":"Pernambuco cria 23,2 mil empregos e mant\u00e9m 3\u00ba lugar no Nordeste em 2026"},"content":{"rendered":"<h2>Desempenho do Emprego em Pernambuco<\/h2>\n<p>No per\u00edodo entre janeiro e julho de 2026, Pernambuco totalizou a cria\u00e7\u00e3o de 23.273 novos postos de trabalho com carteira assinada, permanecendo assim na terceira posi\u00e7\u00e3o entre os estados nordestinos em termos de gera\u00e7\u00e3o de emprego formal. Esses dados foram extra\u00eddos do Novo Cadastro Geral de Empregados e Desempregados (Novo Caged), que foi publicado pelo Minist\u00e9rio do Trabalho e Emprego (MTE) no dia 28 de agosto de 2026.<\/p>\n<h2>Setores Impulsionadores da Gera\u00e7\u00e3o de Empregos<\/h2>\n<p>Em julho, o estado alcan\u00e7ou um saldo positivo com a abertura de 1.883 postos de trabalho. Essa quantia \u00e9 fruto da diferen\u00e7a entre as admiss\u00f5es e os desligamentos informados pelos empregadores. A ind\u00fastria se destacou, liderando a cria\u00e7\u00e3o de vagas com 916 novas contrata\u00e7\u00f5es. Al\u00e9m dela, outros setores foram protagonistas na gera\u00e7\u00e3o de empregos, tais como a agropecu\u00e1ria, que adicionou 641 postos, os servi\u00e7os, que criaram 418 vagas, e a constru\u00e7\u00e3o civil, que fechou com 265 novas oportunidades.<\/p>\n<p>Por outro lado, o com\u00e9rcio se mostrou um caso \u00e0 parte, terminando o m\u00eas de julho com uma redu\u00e7\u00e3o de 357 postos de trabalho, representando o \u00fanico setor que apresentou d\u00e9ficit entre os grandes segmentos da economia pernambucana.<\/p>\n<p><img decoding=\"async\" src=\"https:\/\/www.camarasmunicipal.com.br\/agenda\/content-wp\/uploads\/2026\/08\/pernambuco-cria-23-2-mil-empregos-e-mantem-3-lugar-no-nordeste-em-2026.webp\" alt=\"Pernambuco empregos 2026\" loading=\"lazy\" \/><\/p>\n<h2>Comparativo com Outros Estados do Nordeste<\/h2>\n<p>Pernambuco se destaca com seu saldo positivo em compara\u00e7\u00e3o aos demais estados do Nordeste. Apesar de enfrentar desafios, como a queda no com\u00e9rcio, o estado conseguiu manter uma s\u00f3lida posi\u00e7\u00e3o de empregabilidade. O saldo de 23.273 novos empregos fez com que Pernambuco contribu\u00edsse com aproximadamente 2,4% do total de postos de trabalho criados em \u00e2mbito nacional, onde o Brasil, no geral, viu a gera\u00e7\u00e3o de 58.568 empregos formais no m\u00eas de julho de 2026, um dos resultados mais baixos desde 2020.<\/p>\n<h2>An\u00e1lise do Setor Industrial em Pernambuco<\/h2>\n<p>A ind\u00fastria foi um dos principais motores por tr\u00e1s do crescimento do emprego em Pernambuco, mostrando um desempenho robusto mesmo em um cen\u00e1rio econ\u00f4mico desafiador. O setor industrial, respons\u00e1vel por muitas das vagas criadas, reflete a resili\u00eancia e a capacidade de adapta\u00e7\u00e3o da economia local. \u00c9 essencial que o estado continue a promover pol\u00edticas que incentivem a industrializa\u00e7\u00e3o e o fortalecimento do setor, visto que representa um pilar fundamental para o desenvolvimento econ\u00f4mico.<\/p>\n<h2>Impacto da Cria\u00e7\u00e3o de Empregos no Com\u00e9rcio<\/h2>\n<p>A cria\u00e7\u00e3o de empregos na ind\u00fastria e nos servi\u00e7os, por um lado, contrastou com o desempenho negativo do com\u00e9rcio. Este \u00faltimo setor, vital para a economia local, precisar\u00e1 se reinventar para offsetar as perdas e buscar novas maneiras de atrair consumidores. A diminui\u00e7\u00e3o de postos no com\u00e9rcio coloca em evid\u00eancia a necessidade de uma resposta estrat\u00e9gica que possa revitalizar o segmento e, consequentemente, impactar positivamente a gera\u00e7\u00e3o de empregos.<\/p>\n<h2>Cidades com Maior Cria\u00e7\u00e3o de Empregos<\/h2>\n<p>Entre os munic\u00edpios do estado, Petrolina foi o destaque de julho, com um saldo de 863 novos empregos, batendo Recife, que ficou em segundo lugar com 482. Outros munic\u00edpios que tamb\u00e9m se destacaram foram Igarassu com 268 novas vagas, Caruaru com 265, e Paulista com 177. Esses dados demonstram que o crescimento econ\u00f4mico n\u00e3o \u00e9 exclusivo da capital, e que outras cidades est\u00e3o contribuindo ativamente para a melhoria do cen\u00e1rio de empregos em Pernambuco.<\/p>\n<h2>Desafios Enfrentados pelo Com\u00e9rcio<\/h2>\n<p>A crise enfrentada pelo com\u00e9rcio \u00e9 um dos pontos cr\u00edticos na agenda econ\u00f4mica de Pernambuco. O fechamento de 357 postos em julho sinaliza a necessidade urgente de reverter essa situa\u00e7\u00e3o, buscando alternativas que incentivem o consumo, reestruturem o varejo e fomentem o com\u00e9rcio local. A intera\u00e7\u00e3o entre setores, a inova\u00e7\u00e3o nos servi\u00e7os e uma vis\u00e3o mais ampla sobre o que pode ser feito para ajudar o com\u00e9rcio a se adaptar \u00e0s novas demandas do mercado s\u00e3o essenciais nesse momento.<\/p>\n<h2>Tend\u00eancias de Emprego em 2026<\/h2>\n<p>A expectativa para o restante de 2026 \u00e9 que a economia pernambucana possa apresentar uma recupera\u00e7\u00e3o gradual, especialmente no setor industrial e de servi\u00e7os. As novas estrat\u00e9gias em ado\u00e7\u00e3o para atrair investimentos e capacitar a for\u00e7a de trabalho local s\u00e3o promissoras. Al\u00e9m disso, h\u00e1 uma crescente necessidade por habilidades t\u00e9cnicas, o que poder\u00e1 direcionar as forma\u00e7\u00f5es oferecidas por institui\u00e7\u00f5es de ensino e treinamento profissional.<\/p>\n<h2>O Papel da Ind\u00fastria no Desenvolvimento Econ\u00f4mico<\/h2>\n<p>A ind\u00fastria n\u00e3o apenas gera empregos, como tamb\u00e9m desempenha um papel crucial na forma\u00e7\u00e3o de uma economia diversificada e resiliente. O fortalecimento do setor industrial proporciona uma plataforma para as pequenas e m\u00e9dias empresas, al\u00e9m de estimular a inova\u00e7\u00e3o e a competitividade. Assim, o investimento cont\u00ednuo em infraestrutura e tecnologia ser\u00e1 fundamental para o crescimento sustent\u00e1vel no estado.<\/p>\n<h2>Perspectivas Futuras para o Mercado de Trabalho<\/h2>\n<p>O futuro do mercado de trabalho em Pernambuco aponta para um cen\u00e1rio de otimismo, mas suporta tamb\u00e9m v\u00e1rios desafios. As pol\u00edticas p\u00fablicas que buscam conter os efeitos da desempregabilidade, a requalifica\u00e7\u00e3o da for\u00e7a de trabalho e a capacita\u00e7\u00e3o em novas tecnologias s\u00e3o necess\u00e1rias para preparar a popula\u00e7\u00e3o para um mercado em constante transforma\u00e7\u00e3o. O papel ativo do governo e da iniciativa privada nessa tarefa ser\u00e1 determinante para assegurar resultados positivos e uma maior gera\u00e7\u00e3o de empregos.<\/p>\n","protected":false},"excerpt":{"rendered":"<p>Pernambuco impulsiona a cria\u00e7\u00e3o de 23,2 mil empregos, mantendo-se forte no Nordeste.<\/p>\n","protected":false},"author":1,"featured_media":3899,"comment_status":"closed","ping_status":"","sticky":false,"template":"","format":"standard","meta":{"footnotes":""},"categories":[11],"tags":[],"class_list":["post-3900","post","type-post","status-publish","format-standard","has-post-thumbnail","hentry","category-concursos-aprovados","has_thumb"],"yoast_head":"<!-- This site is optimized with the Yoast SEO plugin v27.0 - https:\/\/yoast.com\/product\/yoast-seo-wordpress\/ -->\n<title>Pernambuco cria 23,2 mil empregos e mant\u00e9m 3\u00ba lugar no Nordeste em 2026 - C\u00e2maraMunicipal.com.br<\/title>\n<meta name=\"robots\" content=\"index, follow, max-snippet:-1, max-image-preview:large, max-video-preview:-1\" \/>\n<link rel=\"canonical\" href=\"https:\/\/www.camarasmunicipal.com.br\/agenda\/pernambuco-cria-232-mil-empregos-e-mantem-3o-lugar-no-nordeste-em-2026\/\" \/>\n<meta property=\"og:locale\" content=\"pt_BR\" \/>\n<meta property=\"og:type\" content=\"article\" \/>\n<meta property=\"og:title\" content=\"Pernambuco cria 23,2 mil empregos e mant\u00e9m 3\u00ba lugar no Nordeste em 2026 - C\u00e2maraMunicipal.com.br\" \/>\n<meta property=\"og:description\" content=\"Pernambuco impulsiona a cria\u00e7\u00e3o de 23,2 mil empregos, mantendo-se forte no Nordeste.\" \/>\n<meta property=\"og:url\" content=\"https:\/\/www.camarasmunicipal.com.br\/agenda\/pernambuco-cria-232-mil-empregos-e-mantem-3o-lugar-no-nordeste-em-2026\/\" \/>\n<meta property=\"og:site_name\" content=\"C\u00e2maraMunicipal.com.br\" \/>\n<meta property=\"article:published_time\" content=\"2026-08-29T12:48:32+00:00\" \/>\n<meta property=\"og:image\" content=\"https:\/\/www.camarasmunicipal.com.br\/agenda\/content-wp\/uploads\/2026\/08\/banner-concurso-1.webp\" \/>\n\t<meta property=\"og:image:width\" content=\"1\" \/>\n\t<meta property=\"og:image:height\" content=\"1\" \/>\n\t<meta property=\"og:image:type\" content=\"image\/webp\" \/>\n<meta name=\"author\" content=\"Lucas Silva\" \/>\n<meta name=\"twitter:card\" content=\"summary_large_image\" \/>\n<meta name=\"twitter:label1\" content=\"Escrito por\" \/>\n\t<meta name=\"twitter:data1\" content=\"Lucas Silva\" \/>\n\t<meta name=\"twitter:label2\" content=\"Est. tempo de leitura\" \/>\n\t<meta name=\"twitter:data2\" content=\"4 minutos\" \/>\n<script type=\"application\/ld+json\" class=\"yoast-schema-graph\">{\"@context\":\"https:\/\/schema.org\",\"@graph\":[{\"@type\":\"Article\",\"@id\":\"https:\/\/www.camarasmunicipal.com.br\/agenda\/pernambuco-cria-232-mil-empregos-e-mantem-3o-lugar-no-nordeste-em-2026\/#article\",\"isPartOf\":{\"@id\":\"https:\/\/www.camarasmunicipal.com.br\/agenda\/pernambuco-cria-232-mil-empregos-e-mantem-3o-lugar-no-nordeste-em-2026\/\"},\"author\":{\"name\":\"Lucas Silva\",\"@id\":\"https:\/\/www.camaramunicipal.com.br\/agenda\/#\/schema\/person\/b33233bc7bcf00f56cf13c5e8705b814\"},\"headline\":\"Pernambuco cria 23,2 mil empregos e mant\u00e9m 3\u00ba lugar no Nordeste em 2026\",\"datePublished\":\"2026-08-29T12:48:32+00:00\",\"mainEntityOfPage\":{\"@id\":\"https:\/\/www.camarasmunicipal.com.br\/agenda\/pernambuco-cria-232-mil-empregos-e-mantem-3o-lugar-no-nordeste-em-2026\/\"},\"wordCount\":905,\"image\":{\"@id\":\"https:\/\/www.camarasmunicipal.com.br\/agenda\/pernambuco-cria-232-mil-empregos-e-mantem-3o-lugar-no-nordeste-em-2026\/#primaryimage\"},\"thumbnailUrl\":\"https:\/\/www.camarasmunicipal.com.br\/agenda\/content-wp\/uploads\/2026\/08\/pernambuco-cria-23-2-mil-empregos-e-mantem-3-lugar-no-nordeste-em-2026.webp\",\"articleSection\":[\"Concursos Aprovados\"],\"inLanguage\":\"pt-BR\"},{\"@type\":\"WebPage\",\"@id\":\"https:\/\/www.camarasmunicipal.com.br\/agenda\/pernambuco-cria-232-mil-empregos-e-mantem-3o-lugar-no-nordeste-em-2026\/\",\"url\":\"https:\/\/www.camarasmunicipal.com.br\/agenda\/pernambuco-cria-232-mil-empregos-e-mantem-3o-lugar-no-nordeste-em-2026\/\",\"name\":\"Pernambuco cria 23,2 mil empregos e mant\u00e9m 3\u00ba lugar no Nordeste em 2026 - C\u00e2maraMunicipal.com.br\",\"isPartOf\":{\"@id\":\"https:\/\/www.camaramunicipal.com.br\/agenda\/#website\"},\"primaryImageOfPage\":{\"@id\":\"https:\/\/www.camarasmunicipal.com.br\/agenda\/pernambuco-cria-232-mil-empregos-e-mantem-3o-lugar-no-nordeste-em-2026\/#primaryimage\"},\"image\":{\"@id\":\"https:\/\/www.camarasmunicipal.com.br\/agenda\/pernambuco-cria-232-mil-empregos-e-mantem-3o-lugar-no-nordeste-em-2026\/#primaryimage\"},\"thumbnailUrl\":\"https:\/\/www.camarasmunicipal.com.br\/agenda\/content-wp\/uploads\/2026\/08\/pernambuco-cria-23-2-mil-empregos-e-mantem-3-lugar-no-nordeste-em-2026.webp\",\"datePublished\":\"2026-08-29T12:48:32+00:00\",\"author\":{\"@id\":\"https:\/\/www.camaramunicipal.com.br\/agenda\/#\/schema\/person\/b33233bc7bcf00f56cf13c5e8705b814\"},\"breadcrumb\":{\"@id\":\"https:\/\/www.camarasmunicipal.com.br\/agenda\/pernambuco-cria-232-mil-empregos-e-mantem-3o-lugar-no-nordeste-em-2026\/#breadcrumb\"},\"inLanguage\":\"pt-BR\",\"potentialAction\":[{\"@type\":\"ReadAction\",\"target\":[\"https:\/\/www.camarasmunicipal.com.br\/agenda\/pernambuco-cria-232-mil-empregos-e-mantem-3o-lugar-no-nordeste-em-2026\/\"]}]},{\"@type\":\"ImageObject\",\"inLanguage\":\"pt-BR\",\"@id\":\"https:\/\/www.camarasmunicipal.com.br\/agenda\/pernambuco-cria-232-mil-empregos-e-mantem-3o-lugar-no-nordeste-em-2026\/#primaryimage\",\"url\":\"https:\/\/www.camarasmunicipal.com.br\/agenda\/content-wp\/uploads\/2026\/08\/pernambuco-cria-23-2-mil-empregos-e-mantem-3-lugar-no-nordeste-em-2026.webp\",\"contentUrl\":\"https:\/\/www.camarasmunicipal.com.br\/agenda\/content-wp\/uploads\/2026\/08\/pernambuco-cria-23-2-mil-empregos-e-mantem-3-lugar-no-nordeste-em-2026.webp\",\"width\":280,\"height\":280,\"caption\":\"Pernambuco empregos 2026\"},{\"@type\":\"BreadcrumbList\",\"@id\":\"https:\/\/www.camarasmunicipal.com.br\/agenda\/pernambuco-cria-232-mil-empregos-e-mantem-3o-lugar-no-nordeste-em-2026\/#breadcrumb\",\"itemListElement\":[{\"@type\":\"ListItem\",\"position\":1,\"name\":\"In\u00edcio\",\"item\":\"https:\/\/www.camaramunicipal.com.br\/agenda\/\"},{\"@type\":\"ListItem\",\"position\":2,\"name\":\"Pernambuco cria 23,2 mil empregos e mant\u00e9m 3\u00ba lugar no Nordeste em 2026\"}]},{\"@type\":\"WebSite\",\"@id\":\"https:\/\/www.camaramunicipal.com.br\/agenda\/#website\",\"url\":\"https:\/\/www.camaramunicipal.com.br\/agenda\/\",\"name\":\"C\u00e2maraMunicipal.com.br\",\"description\":\"C\u00e2mara Municipal\",\"potentialAction\":[{\"@type\":\"SearchAction\",\"target\":{\"@type\":\"EntryPoint\",\"urlTemplate\":\"https:\/\/www.camaramunicipal.com.br\/agenda\/?s={search_term_string}\"},\"query-input\":{\"@type\":\"PropertyValueSpecification\",\"valueRequired\":true,\"valueName\":\"search_term_string\"}}],\"inLanguage\":\"pt-BR\"},{\"@type\":\"Person\",\"@id\":\"https:\/\/www.camaramunicipal.com.br\/agenda\/#\/schema\/person\/b33233bc7bcf00f56cf13c5e8705b814\",\"name\":\"Lucas Silva\",\"image\":{\"@type\":\"ImageObject\",\"inLanguage\":\"pt-BR\",\"@id\":\"https:\/\/www.camaramunicipal.com.br\/agenda\/#\/schema\/person\/image\/\",\"url\":\"https:\/\/secure.gravatar.com\/avatar\/ca2e4cb40c39e0d0bee2b480a0b1693f2920bad4758fd663c8d874d0051d7665?s=96&d=mm&r=g\",\"contentUrl\":\"https:\/\/secure.gravatar.com\/avatar\/ca2e4cb40c39e0d0bee2b480a0b1693f2920bad4758fd663c8d874d0051d7665?s=96&d=mm&r=g\",\"caption\":\"Lucas Silva\"},\"description\":\"\ud83d\udc49 Ol\u00e1, meu nome \u00e9 Lucas Silva, editor do portal CamarasMunicipal.com.br. Sou especializado em concursos p\u00fablicos, trazendo not\u00edcias atualizadas, editais e oportunidades em todo o Brasil.\",\"sameAs\":[\"https:\/\/www.camaramunicipal.com.br\/agenda\/\"],\"url\":\"https:\/\/www.camarasmunicipal.com.br\/agenda\/author\/encontra\/\"}]}<\/script>\n<!-- \/ Yoast SEO plugin. -->","yoast_head_json":{"title":"Pernambuco cria 23,2 mil empregos e mant\u00e9m 3\u00ba lugar no Nordeste em 2026 - C\u00e2maraMunicipal.com.br","robots":{"index":"index","follow":"follow","max-snippet":"max-snippet:-1","max-image-preview":"max-image-preview:large","max-video-preview":"max-video-preview:-1"},"canonical":"https:\/\/www.camarasmunicipal.com.br\/agenda\/pernambuco-cria-232-mil-empregos-e-mantem-3o-lugar-no-nordeste-em-2026\/","og_locale":"pt_BR","og_type":"article","og_title":"Pernambuco cria 23,2 mil empregos e mant\u00e9m 3\u00ba lugar no Nordeste em 2026 - C\u00e2maraMunicipal.com.br","og_description":"Pernambuco impulsiona a cria\u00e7\u00e3o de 23,2 mil empregos, mantendo-se forte no Nordeste.","og_url":"https:\/\/www.camarasmunicipal.com.br\/agenda\/pernambuco-cria-232-mil-empregos-e-mantem-3o-lugar-no-nordeste-em-2026\/","og_site_name":"C\u00e2maraMunicipal.com.br","article_published_time":"2026-08-29T12:48:32+00:00","og_image":[{"url":"https:\/\/www.camarasmunicipal.com.br\/agenda\/content-wp\/uploads\/2026\/08\/banner-concurso-1.webp","width":1,"height":1,"type":"image\/webp"}],"author":"Lucas Silva","twitter_card":"summary_large_image","twitter_misc":{"Escrito por":"Lucas Silva","Est. tempo de leitura":"4 minutos"},"schema":{"@context":"https:\/\/schema.org","@graph":[{"@type":"Article","@id":"https:\/\/www.camarasmunicipal.com.br\/agenda\/pernambuco-cria-232-mil-empregos-e-mantem-3o-lugar-no-nordeste-em-2026\/#article","isPartOf":{"@id":"https:\/\/www.camarasmunicipal.com.br\/agenda\/pernambuco-cria-232-mil-empregos-e-mantem-3o-lugar-no-nordeste-em-2026\/"},"author":{"name":"Lucas Silva","@id":"https:\/\/www.camaramunicipal.com.br\/agenda\/#\/schema\/person\/b33233bc7bcf00f56cf13c5e8705b814"},"headline":"Pernambuco cria 23,2 mil empregos e mant\u00e9m 3\u00ba lugar no Nordeste em 2026","datePublished":"2026-08-29T12:48:32+00:00","mainEntityOfPage":{"@id":"https:\/\/www.camarasmunicipal.com.br\/agenda\/pernambuco-cria-232-mil-empregos-e-mantem-3o-lugar-no-nordeste-em-2026\/"},"wordCount":905,"image":{"@id":"https:\/\/www.camarasmunicipal.com.br\/agenda\/pernambuco-cria-232-mil-empregos-e-mantem-3o-lugar-no-nordeste-em-2026\/#primaryimage"},"thumbnailUrl":"https:\/\/www.camarasmunicipal.com.br\/agenda\/content-wp\/uploads\/2026\/08\/pernambuco-cria-23-2-mil-empregos-e-mantem-3-lugar-no-nordeste-em-2026.webp","articleSection":["Concursos Aprovados"],"inLanguage":"pt-BR"},{"@type":"WebPage","@id":"https:\/\/www.camarasmunicipal.com.br\/agenda\/pernambuco-cria-232-mil-empregos-e-mantem-3o-lugar-no-nordeste-em-2026\/","url":"https:\/\/www.camarasmunicipal.com.br\/agenda\/pernambuco-cria-232-mil-empregos-e-mantem-3o-lugar-no-nordeste-em-2026\/","name":"Pernambuco cria 23,2 mil empregos e mant\u00e9m 3\u00ba lugar no Nordeste em 2026 - C\u00e2maraMunicipal.com.br","isPartOf":{"@id":"https:\/\/www.camaramunicipal.com.br\/agenda\/#website"},"primaryImageOfPage":{"@id":"https:\/\/www.camarasmunicipal.com.br\/agenda\/pernambuco-cria-232-mil-empregos-e-mantem-3o-lugar-no-nordeste-em-2026\/#primaryimage"},"image":{"@id":"https:\/\/www.camarasmunicipal.com.br\/agenda\/pernambuco-cria-232-mil-empregos-e-mantem-3o-lugar-no-nordeste-em-2026\/#primaryimage"},"thumbnailUrl":"https:\/\/www.camarasmunicipal.com.br\/agenda\/content-wp\/uploads\/2026\/08\/pernambuco-cria-23-2-mil-empregos-e-mantem-3-lugar-no-nordeste-em-2026.webp","datePublished":"2026-08-29T12:48:32+00:00","author":{"@id":"https:\/\/www.camaramunicipal.com.br\/agenda\/#\/schema\/person\/b33233bc7bcf00f56cf13c5e8705b814"},"breadcrumb":{"@id":"https:\/\/www.camarasmunicipal.com.br\/agenda\/pernambuco-cria-232-mil-empregos-e-mantem-3o-lugar-no-nordeste-em-2026\/#breadcrumb"},"inLanguage":"pt-BR","potentialAction":[{"@type":"ReadAction","target":["https:\/\/www.camarasmunicipal.com.br\/agenda\/pernambuco-cria-232-mil-empregos-e-mantem-3o-lugar-no-nordeste-em-2026\/"]}]},{"@type":"ImageObject","inLanguage":"pt-BR","@id":"https:\/\/www.camarasmunicipal.com.br\/agenda\/pernambuco-cria-232-mil-empregos-e-mantem-3o-lugar-no-nordeste-em-2026\/#primaryimage","url":"https:\/\/www.camarasmunicipal.com.br\/agenda\/content-wp\/uploads\/2026\/08\/pernambuco-cria-23-2-mil-empregos-e-mantem-3-lugar-no-nordeste-em-2026.webp","contentUrl":"https:\/\/www.camarasmunicipal.com.br\/agenda\/content-wp\/uploads\/2026\/08\/pernambuco-cria-23-2-mil-empregos-e-mantem-3-lugar-no-nordeste-em-2026.webp","width":280,"height":280,"caption":"Pernambuco empregos 2026"},{"@type":"BreadcrumbList","@id":"https:\/\/www.camarasmunicipal.com.br\/agenda\/pernambuco-cria-232-mil-empregos-e-mantem-3o-lugar-no-nordeste-em-2026\/#breadcrumb","itemListElement":[{"@type":"ListItem","position":1,"name":"In\u00edcio","item":"https:\/\/www.camaramunicipal.com.br\/agenda\/"},{"@type":"ListItem","position":2,"name":"Pernambuco cria 23,2 mil empregos e mant\u00e9m 3\u00ba lugar no Nordeste em 2026"}]},{"@type":"WebSite","@id":"https:\/\/www.camaramunicipal.com.br\/agenda\/#website","url":"https:\/\/www.camaramunicipal.com.br\/agenda\/","name":"C\u00e2maraMunicipal.com.br","description":"C\u00e2mara Municipal","potentialAction":[{"@type":"SearchAction","target":{"@type":"EntryPoint","urlTemplate":"https:\/\/www.camaramunicipal.com.br\/agenda\/?s={search_term_string}"},"query-input":{"@type":"PropertyValueSpecification","valueRequired":true,"valueName":"search_term_string"}}],"inLanguage":"pt-BR"},{"@type":"Person","@id":"https:\/\/www.camaramunicipal.com.br\/agenda\/#\/schema\/person\/b33233bc7bcf00f56cf13c5e8705b814","name":"Lucas Silva","image":{"@type":"ImageObject","inLanguage":"pt-BR","@id":"https:\/\/www.camaramunicipal.com.br\/agenda\/#\/schema\/person\/image\/","url":"https:\/\/secure.gravatar.com\/avatar\/ca2e4cb40c39e0d0bee2b480a0b1693f2920bad4758fd663c8d874d0051d7665?s=96&d=mm&r=g","contentUrl":"https:\/\/secure.gravatar.com\/avatar\/ca2e4cb40c39e0d0bee2b480a0b1693f2920bad4758fd663c8d874d0051d7665?s=96&d=mm&r=g","caption":"Lucas Silva"},"description":"\ud83d\udc49 Ol\u00e1, meu nome \u00e9 Lucas Silva, editor do portal CamarasMunicipal.com.br. Sou especializado em concursos p\u00fablicos, trazendo not\u00edcias atualizadas, editais e oportunidades em todo o Brasil.","sameAs":["https:\/\/www.camaramunicipal.com.br\/agenda\/"],"url":"https:\/\/www.camarasmunicipal.com.br\/agenda\/author\/encontra\/"}]}},"_links":{"self":[{"href":"https:\/\/www.camarasmunicipal.com.br\/agenda\/wp-json\/wp\/v2\/posts\/3900","targetHints":{"allow":["GET"]}}],"collection":[{"href":"https:\/\/www.camarasmunicipal.com.br\/agenda\/wp-json\/wp\/v2\/posts"}],"about":[{"href":"https:\/\/www.camarasmunicipal.com.br\/agenda\/wp-json\/wp\/v2\/types\/post"}],"author":[{"embeddable":true,"href":"https:\/\/www.camarasmunicipal.com.br\/agenda\/wp-json\/wp\/v2\/users\/1"}],"replies":[{"embeddable":true,"href":"https:\/\/www.camarasmunicipal.com.br\/agenda\/wp-json\/wp\/v2\/comments?post=3900"}],"version-history":[{"count":0,"href":"https:\/\/www.camarasmunicipal.com.br\/agenda\/wp-json\/wp\/v2\/posts\/3900\/revisions"}],"wp:featuredmedia":[{"embeddable":true,"href":"https:\/\/www.camarasmunicipal.com.br\/agenda\/wp-json\/wp\/v2\/media\/3899"}],"wp:attachment":[{"href":"https:\/\/www.camarasmunicipal.com.br\/agenda\/wp-json\/wp\/v2\/media?parent=3900"}],"wp:term":[{"taxonomy":"category","embeddable":true,"href":"https:\/\/www.camarasmunicipal.com.br\/agenda\/wp-json\/wp\/v2\/categories?post=3900"},{"taxonomy":"post_tag","embeddable":true,"href":"https:\/\/www.camarasmunicipal.com.br\/agenda\/wp-json\/wp\/v2\/tags?post=3900"}],"curies":[{"name":"wp","href":"https:\/\/api.w.org\/{rel}","templated":true}]}}