{"id":3891,"date":"2026-08-29T09:46:02","date_gmt":"2026-08-29T12:46:02","guid":{"rendered":"https:\/\/www.camarasmunicipal.com.br\/agenda\/concurso-prefeitura-curitiba-pr-2026-edital-iminente\/"},"modified":"2026-08-29T09:46:03","modified_gmt":"2026-08-29T12:46:03","slug":"concurso-prefeitura-curitiba-pr-2026-edital-iminente","status":"publish","type":"post","link":"https:\/\/www.camarasmunicipal.com.br\/agenda\/concurso-prefeitura-curitiba-pr-2026-edital-iminente\/","title":{"rendered":"Concurso Prefeitura Curitiba PR 2026: edital iminente!"},"content":{"rendered":"<h2>Concurso Prefeitura de Curitiba PR 2026: Atualiza\u00e7\u00e3o do Edital<\/h2>\n<p>A Prefeitura de Curitiba, no estado do Paran\u00e1, est\u00e1 se preparando para lan\u00e7ar um concurso p\u00fablico que visa preencher mais de 300 vagas em diversas fun\u00e7\u00f5es. A expectativa \u00e9 que o edital seja publicado j\u00e1 em setembro deste ano, conforme informa\u00e7\u00f5es filtradas de fontes internas relacionadas ao setor de gest\u00e3o p\u00fablica.<\/p>\n<h2>Progresso na Prepara\u00e7\u00e3o do Concurso<\/h2>\n<p>Embora ainda n\u00e3o haja uma data confirmada para o lan\u00e7amento oficial do edital, os passos administrativos est\u00e3o avan\u00e7ando conforme o planejado. Entre as etapas que precisam ser finalizadas est\u00e3o a entrega de documenta\u00e7\u00e3o necess\u00e1ria pelo munic\u00edpio e a finaliza\u00e7\u00e3o da contrata\u00e7\u00e3o de uma institui\u00e7\u00e3o financeira encarregada da administra\u00e7\u00e3o das taxas de inscri\u00e7\u00e3o.<\/p>\n<p>Adicionalmente, o prefeito de Curitiba deve assinar a autoriza\u00e7\u00e3o para a divulga\u00e7\u00e3o do edital. A Funda\u00e7\u00e3o FAFIPA j\u00e1 foi designada como a organizadora do certame, garantindo assim que os tr\u00e2mites burocr\u00e1ticos sejam conduzidos de maneira adequada.<\/p>\n<p><img decoding=\"async\" src=\"https:\/\/www.camarasmunicipal.com.br\/agenda\/content-wp\/uploads\/2026\/08\/concurso-prefeitura-curitiba-pr-2026-edital-iminente.webp\" alt=\"Concurso Prefeitura Curitiba PR 2026\" loading=\"lazy\" \/><\/p>\n<h2>Vagas e Cargos Dispon\u00edveis<\/h2>\n<p>As posi\u00e7\u00f5es que estar\u00e3o dispon\u00edveis no concurso incluem:<\/p>\n<ul>\n<li>Agente Administrativo<\/li>\n<li>Analista de Finan\u00e7as<\/li>\n<li>Analista Administrativo<\/li>\n<li>Assistente Social<\/li>\n<li>Auditor Fiscal de Tributos Municipais<\/li>\n<li>Contador<\/li>\n<li>Engenheiro Civil<\/li>\n<li>Fiscal de Obras e Posturas<\/li>\n<li>Fiscal<\/li>\n<li>Procurador do Munic\u00edpio<\/li>\n<\/ul>\n<h2>Concursos Anteriores e Suas Validades<\/h2>\n<p>Al\u00e9m do novo concurso, h\u00e1 uma informa\u00e7\u00e3o adicional importante: A Prefeitura de Curitiba prorrogou a validade de seis concursos que abrangerem 18 carreiras, extens\u00e3o v\u00e1lida at\u00e9 2027. Todos esses concursos estavam programados para expirar entre janeiro e junho de 2025.<\/p>\n<p>Os editais mencionados incluem vagas para diversas \u00e1reas, como Educa\u00e7\u00e3o, Sa\u00fade, e A\u00e7\u00e3o Social, corroborando com a disposi\u00e7\u00e3o da administra\u00e7\u00e3o em continuar chamando candidatos conforme a necessidade do munic\u00edpio.<\/p>\n<h2>Aspectos da Nova Carreira: Analista de Tecnologia da Informa\u00e7\u00e3o<\/h2>\n<p>Recentemente, a C\u00e2mara Municipal de Curitiba aprovou a cria\u00e7\u00e3o de uma nova carreira para Analista de Tecnologia da Informa\u00e7\u00e3o, com um total de 60 vagas dispon\u00edveis. O sal\u00e1rio inicial para esses profissionais ser\u00e1 de R$ 4.999,55, com jornada de trabalho de 40 horas semanais.<\/p>\n<p>Os requisitos para concorrer a essa fun\u00e7\u00e3o incluem forma\u00e7\u00e3o em n\u00edvel superior, com flexibiliza\u00e7\u00e3o nos crit\u00e9rios para candidatos que possuem cursos tecnol\u00f3gicos na \u00e1rea.<\/p>\n<h2>Sal\u00e1rios e Benef\u00edcios Oferecidos<\/h2>\n<p>A partir do \u00faltimo edital, as faixas salariais variam entre R$ 1.753,36 e R$ 6.627,27, dependendo da posi\u00e7\u00e3o e das qualifica\u00e7\u00f5es exigidas. Essa diversidade salarial \u00e9 um atrativo que reflete a estrat\u00e9gia da Prefeitura em atrair talentos qualificados para o servi\u00e7o p\u00fablico.<\/p>\n<h2>Estrutura das Provas e Etapas<\/h2>\n<p>Para os candidatos aos cargos que requerem n\u00edvel m\u00e9dio e t\u00e9cnico, est\u00e1 prevista uma \u00fanica fase, com provas objetivas compostas por 40 quest\u00f5es de m\u00faltipla escolha, abrangendo:<\/p>\n<ul>\n<li>L\u00edngua Portuguesa<\/li>\n<li>Racioc\u00ednio L\u00f3gico<\/li>\n<li>No\u00e7\u00f5es de Inform\u00e1tica<\/li>\n<li>Conhecimentos Espec\u00edficos<\/li>\n<li>Legisla\u00e7\u00e3o<\/li>\n<\/ul>\n<p>Para aqueles que concorrem a cargos de n\u00edvel superior (exceto Procurador), ser\u00e1 aplicada uma prova objetivo com 40 quest\u00f5es, al\u00e9m de uma fase adicional que envolve a an\u00e1lise de t\u00edtulos, contribuindo para a classifica\u00e7\u00e3o final.<\/p>\n<h2>Documenta\u00e7\u00e3o Necess\u00e1ria para Inscri\u00e7\u00e3o<\/h2>\n<p>Os candidatos devem estar atentes \u00e0s documenta\u00e7\u00f5es que ser\u00e3o exigidas no momento da inscri\u00e7\u00e3o. Al\u00e9m dos documentos de identifica\u00e7\u00e3o pessoal, \u00e9 prov\u00e1vel que seja necess\u00e1rio apresentar comprovantes relacionados \u00e0 forma\u00e7\u00e3o acad\u00eamica e, dependendo do cargo, certifica\u00e7\u00f5es espec\u00edficas.<\/p>\n<h2>A Import\u00e2ncia do Concurso para a Administra\u00e7\u00e3o Municipal<\/h2>\n<p>Este concurso \u00e9 de grande relev\u00e2ncia para a Prefeitura, pois permitir\u00e1 a contrata\u00e7\u00e3o de novos servidores que contribuir\u00e3o diretamente para a melhoria dos servi\u00e7os p\u00fablicos oferecidos \u00e0 popula\u00e7\u00e3o. A continuidade das opera\u00e7\u00f5es administrativas depende da renova\u00e7\u00e3o e capacita\u00e7\u00e3o cont\u00ednua do quadro funcional, e essa \u00e9 uma oportunidade para que os cidad\u00e3os possam se integrar ao servi\u00e7o p\u00fablico.<\/p>\n<h2>Acompanhamento da Situa\u00e7\u00e3o do Concurso<\/h2>\n<p>Os interessados em participar do concurso devem ficar atentos a todas as atualiza\u00e7\u00f5es referentes a datas de inscri\u00e7\u00e3o, conte\u00fado program\u00e1tico e outras informa\u00e7\u00f5es pertinentes que ser\u00e3o divulgadas no site oficial da Prefeitura de Curitiba e em canais de comunica\u00e7\u00e3o da Funda\u00e7\u00e3o FAFIPA.<\/p>\n","protected":false},"excerpt":{"rendered":"<p>Concurso Prefeitura Curitiba PR 2026 traz oportunidades para n\u00edvel superior e muito mais.<\/p>\n","protected":false},"author":1,"featured_media":3890,"comment_status":"closed","ping_status":"","sticky":false,"template":"","format":"standard","meta":{"footnotes":""},"categories":[8],"tags":[],"class_list":["post-3891","post","type-post","status-publish","format-standard","has-post-thumbnail","hentry","category-concurso-publico","has_thumb"],"yoast_head":"<!-- This site is optimized with the Yoast SEO plugin v27.0 - https:\/\/yoast.com\/product\/yoast-seo-wordpress\/ -->\n<title>Concurso Prefeitura Curitiba PR 2026: edital iminente! - C\u00e2maraMunicipal.com.br<\/title>\n<meta name=\"robots\" content=\"index, follow, max-snippet:-1, max-image-preview:large, max-video-preview:-1\" \/>\n<link rel=\"canonical\" href=\"https:\/\/www.camarasmunicipal.com.br\/agenda\/concurso-prefeitura-curitiba-pr-2026-edital-iminente\/\" \/>\n<meta property=\"og:locale\" content=\"pt_BR\" \/>\n<meta property=\"og:type\" content=\"article\" \/>\n<meta property=\"og:title\" content=\"Concurso Prefeitura Curitiba PR 2026: edital iminente! - C\u00e2maraMunicipal.com.br\" \/>\n<meta property=\"og:description\" content=\"Concurso Prefeitura Curitiba PR 2026 traz oportunidades para n\u00edvel superior e muito mais.\" \/>\n<meta property=\"og:url\" content=\"https:\/\/www.camarasmunicipal.com.br\/agenda\/concurso-prefeitura-curitiba-pr-2026-edital-iminente\/\" \/>\n<meta property=\"og:site_name\" content=\"C\u00e2maraMunicipal.com.br\" \/>\n<meta property=\"article:published_time\" content=\"2026-08-29T12:46:02+00:00\" \/>\n<meta property=\"article:modified_time\" content=\"2026-08-29T12:46:03+00:00\" \/>\n<meta property=\"og:image\" content=\"https:\/\/www.camarasmunicipal.com.br\/agenda\/content-wp\/uploads\/2026\/08\/banner-concurso-11.webp\" \/>\n\t<meta property=\"og:image:width\" content=\"1\" \/>\n\t<meta property=\"og:image:height\" content=\"1\" \/>\n\t<meta property=\"og:image:type\" content=\"image\/webp\" \/>\n<meta name=\"author\" content=\"Lucas Silva\" \/>\n<meta name=\"twitter:card\" content=\"summary_large_image\" \/>\n<meta name=\"twitter:label1\" content=\"Escrito por\" \/>\n\t<meta name=\"twitter:data1\" content=\"Lucas Silva\" \/>\n\t<meta name=\"twitter:label2\" content=\"Est. tempo de leitura\" \/>\n\t<meta name=\"twitter:data2\" content=\"4 minutos\" \/>\n<script type=\"application\/ld+json\" class=\"yoast-schema-graph\">{\"@context\":\"https:\/\/schema.org\",\"@graph\":[{\"@type\":\"Article\",\"@id\":\"https:\/\/www.camarasmunicipal.com.br\/agenda\/concurso-prefeitura-curitiba-pr-2026-edital-iminente\/#article\",\"isPartOf\":{\"@id\":\"https:\/\/www.camarasmunicipal.com.br\/agenda\/concurso-prefeitura-curitiba-pr-2026-edital-iminente\/\"},\"author\":{\"name\":\"Lucas Silva\",\"@id\":\"https:\/\/www.camaramunicipal.com.br\/agenda\/#\/schema\/person\/b33233bc7bcf00f56cf13c5e8705b814\"},\"headline\":\"Concurso Prefeitura Curitiba PR 2026: edital iminente!\",\"datePublished\":\"2026-08-29T12:46:02+00:00\",\"dateModified\":\"2026-08-29T12:46:03+00:00\",\"mainEntityOfPage\":{\"@id\":\"https:\/\/www.camarasmunicipal.com.br\/agenda\/concurso-prefeitura-curitiba-pr-2026-edital-iminente\/\"},\"wordCount\":722,\"image\":{\"@id\":\"https:\/\/www.camarasmunicipal.com.br\/agenda\/concurso-prefeitura-curitiba-pr-2026-edital-iminente\/#primaryimage\"},\"thumbnailUrl\":\"https:\/\/www.camarasmunicipal.com.br\/agenda\/content-wp\/uploads\/2026\/08\/concurso-prefeitura-curitiba-pr-2026-edital-iminente.webp\",\"articleSection\":[\"Concurso P\u00fablico\"],\"inLanguage\":\"pt-BR\"},{\"@type\":\"WebPage\",\"@id\":\"https:\/\/www.camarasmunicipal.com.br\/agenda\/concurso-prefeitura-curitiba-pr-2026-edital-iminente\/\",\"url\":\"https:\/\/www.camarasmunicipal.com.br\/agenda\/concurso-prefeitura-curitiba-pr-2026-edital-iminente\/\",\"name\":\"Concurso Prefeitura Curitiba PR 2026: edital iminente! - C\u00e2maraMunicipal.com.br\",\"isPartOf\":{\"@id\":\"https:\/\/www.camaramunicipal.com.br\/agenda\/#website\"},\"primaryImageOfPage\":{\"@id\":\"https:\/\/www.camarasmunicipal.com.br\/agenda\/concurso-prefeitura-curitiba-pr-2026-edital-iminente\/#primaryimage\"},\"image\":{\"@id\":\"https:\/\/www.camarasmunicipal.com.br\/agenda\/concurso-prefeitura-curitiba-pr-2026-edital-iminente\/#primaryimage\"},\"thumbnailUrl\":\"https:\/\/www.camarasmunicipal.com.br\/agenda\/content-wp\/uploads\/2026\/08\/concurso-prefeitura-curitiba-pr-2026-edital-iminente.webp\",\"datePublished\":\"2026-08-29T12:46:02+00:00\",\"dateModified\":\"2026-08-29T12:46:03+00:00\",\"author\":{\"@id\":\"https:\/\/www.camaramunicipal.com.br\/agenda\/#\/schema\/person\/b33233bc7bcf00f56cf13c5e8705b814\"},\"breadcrumb\":{\"@id\":\"https:\/\/www.camarasmunicipal.com.br\/agenda\/concurso-prefeitura-curitiba-pr-2026-edital-iminente\/#breadcrumb\"},\"inLanguage\":\"pt-BR\",\"potentialAction\":[{\"@type\":\"ReadAction\",\"target\":[\"https:\/\/www.camarasmunicipal.com.br\/agenda\/concurso-prefeitura-curitiba-pr-2026-edital-iminente\/\"]}]},{\"@type\":\"ImageObject\",\"inLanguage\":\"pt-BR\",\"@id\":\"https:\/\/www.camarasmunicipal.com.br\/agenda\/concurso-prefeitura-curitiba-pr-2026-edital-iminente\/#primaryimage\",\"url\":\"https:\/\/www.camarasmunicipal.com.br\/agenda\/content-wp\/uploads\/2026\/08\/concurso-prefeitura-curitiba-pr-2026-edital-iminente.webp\",\"contentUrl\":\"https:\/\/www.camarasmunicipal.com.br\/agenda\/content-wp\/uploads\/2026\/08\/concurso-prefeitura-curitiba-pr-2026-edital-iminente.webp\",\"width\":280,\"height\":280,\"caption\":\"Concurso Prefeitura Curitiba PR 2026\"},{\"@type\":\"BreadcrumbList\",\"@id\":\"https:\/\/www.camarasmunicipal.com.br\/agenda\/concurso-prefeitura-curitiba-pr-2026-edital-iminente\/#breadcrumb\",\"itemListElement\":[{\"@type\":\"ListItem\",\"position\":1,\"name\":\"In\u00edcio\",\"item\":\"https:\/\/www.camaramunicipal.com.br\/agenda\/\"},{\"@type\":\"ListItem\",\"position\":2,\"name\":\"Concurso Prefeitura Curitiba PR 2026: edital iminente!\"}]},{\"@type\":\"WebSite\",\"@id\":\"https:\/\/www.camaramunicipal.com.br\/agenda\/#website\",\"url\":\"https:\/\/www.camaramunicipal.com.br\/agenda\/\",\"name\":\"C\u00e2maraMunicipal.com.br\",\"description\":\"C\u00e2mara Municipal\",\"potentialAction\":[{\"@type\":\"SearchAction\",\"target\":{\"@type\":\"EntryPoint\",\"urlTemplate\":\"https:\/\/www.camaramunicipal.com.br\/agenda\/?s={search_term_string}\"},\"query-input\":{\"@type\":\"PropertyValueSpecification\",\"valueRequired\":true,\"valueName\":\"search_term_string\"}}],\"inLanguage\":\"pt-BR\"},{\"@type\":\"Person\",\"@id\":\"https:\/\/www.camaramunicipal.com.br\/agenda\/#\/schema\/person\/b33233bc7bcf00f56cf13c5e8705b814\",\"name\":\"Lucas Silva\",\"image\":{\"@type\":\"ImageObject\",\"inLanguage\":\"pt-BR\",\"@id\":\"https:\/\/www.camaramunicipal.com.br\/agenda\/#\/schema\/person\/image\/\",\"url\":\"https:\/\/secure.gravatar.com\/avatar\/ca2e4cb40c39e0d0bee2b480a0b1693f2920bad4758fd663c8d874d0051d7665?s=96&d=mm&r=g\",\"contentUrl\":\"https:\/\/secure.gravatar.com\/avatar\/ca2e4cb40c39e0d0bee2b480a0b1693f2920bad4758fd663c8d874d0051d7665?s=96&d=mm&r=g\",\"caption\":\"Lucas Silva\"},\"description\":\"\ud83d\udc49 Ol\u00e1, meu nome \u00e9 Lucas Silva, editor do portal CamarasMunicipal.com.br. Sou especializado em concursos p\u00fablicos, trazendo not\u00edcias atualizadas, editais e oportunidades em todo o Brasil.\",\"sameAs\":[\"https:\/\/www.camaramunicipal.com.br\/agenda\/\"],\"url\":\"https:\/\/www.camarasmunicipal.com.br\/agenda\/author\/encontra\/\"}]}<\/script>\n<!-- \/ Yoast SEO plugin. -->","yoast_head_json":{"title":"Concurso Prefeitura Curitiba PR 2026: edital iminente! - C\u00e2maraMunicipal.com.br","robots":{"index":"index","follow":"follow","max-snippet":"max-snippet:-1","max-image-preview":"max-image-preview:large","max-video-preview":"max-video-preview:-1"},"canonical":"https:\/\/www.camarasmunicipal.com.br\/agenda\/concurso-prefeitura-curitiba-pr-2026-edital-iminente\/","og_locale":"pt_BR","og_type":"article","og_title":"Concurso Prefeitura Curitiba PR 2026: edital iminente! - C\u00e2maraMunicipal.com.br","og_description":"Concurso Prefeitura Curitiba PR 2026 traz oportunidades para n\u00edvel superior e muito mais.","og_url":"https:\/\/www.camarasmunicipal.com.br\/agenda\/concurso-prefeitura-curitiba-pr-2026-edital-iminente\/","og_site_name":"C\u00e2maraMunicipal.com.br","article_published_time":"2026-08-29T12:46:02+00:00","article_modified_time":"2026-08-29T12:46:03+00:00","og_image":[{"url":"https:\/\/www.camarasmunicipal.com.br\/agenda\/content-wp\/uploads\/2026\/08\/banner-concurso-11.webp","width":1,"height":1,"type":"image\/webp"}],"author":"Lucas Silva","twitter_card":"summary_large_image","twitter_misc":{"Escrito por":"Lucas Silva","Est. tempo de leitura":"4 minutos"},"schema":{"@context":"https:\/\/schema.org","@graph":[{"@type":"Article","@id":"https:\/\/www.camarasmunicipal.com.br\/agenda\/concurso-prefeitura-curitiba-pr-2026-edital-iminente\/#article","isPartOf":{"@id":"https:\/\/www.camarasmunicipal.com.br\/agenda\/concurso-prefeitura-curitiba-pr-2026-edital-iminente\/"},"author":{"name":"Lucas Silva","@id":"https:\/\/www.camaramunicipal.com.br\/agenda\/#\/schema\/person\/b33233bc7bcf00f56cf13c5e8705b814"},"headline":"Concurso Prefeitura Curitiba PR 2026: edital iminente!","datePublished":"2026-08-29T12:46:02+00:00","dateModified":"2026-08-29T12:46:03+00:00","mainEntityOfPage":{"@id":"https:\/\/www.camarasmunicipal.com.br\/agenda\/concurso-prefeitura-curitiba-pr-2026-edital-iminente\/"},"wordCount":722,"image":{"@id":"https:\/\/www.camarasmunicipal.com.br\/agenda\/concurso-prefeitura-curitiba-pr-2026-edital-iminente\/#primaryimage"},"thumbnailUrl":"https:\/\/www.camarasmunicipal.com.br\/agenda\/content-wp\/uploads\/2026\/08\/concurso-prefeitura-curitiba-pr-2026-edital-iminente.webp","articleSection":["Concurso P\u00fablico"],"inLanguage":"pt-BR"},{"@type":"WebPage","@id":"https:\/\/www.camarasmunicipal.com.br\/agenda\/concurso-prefeitura-curitiba-pr-2026-edital-iminente\/","url":"https:\/\/www.camarasmunicipal.com.br\/agenda\/concurso-prefeitura-curitiba-pr-2026-edital-iminente\/","name":"Concurso Prefeitura Curitiba PR 2026: edital iminente! - C\u00e2maraMunicipal.com.br","isPartOf":{"@id":"https:\/\/www.camaramunicipal.com.br\/agenda\/#website"},"primaryImageOfPage":{"@id":"https:\/\/www.camarasmunicipal.com.br\/agenda\/concurso-prefeitura-curitiba-pr-2026-edital-iminente\/#primaryimage"},"image":{"@id":"https:\/\/www.camarasmunicipal.com.br\/agenda\/concurso-prefeitura-curitiba-pr-2026-edital-iminente\/#primaryimage"},"thumbnailUrl":"https:\/\/www.camarasmunicipal.com.br\/agenda\/content-wp\/uploads\/2026\/08\/concurso-prefeitura-curitiba-pr-2026-edital-iminente.webp","datePublished":"2026-08-29T12:46:02+00:00","dateModified":"2026-08-29T12:46:03+00:00","author":{"@id":"https:\/\/www.camaramunicipal.com.br\/agenda\/#\/schema\/person\/b33233bc7bcf00f56cf13c5e8705b814"},"breadcrumb":{"@id":"https:\/\/www.camarasmunicipal.com.br\/agenda\/concurso-prefeitura-curitiba-pr-2026-edital-iminente\/#breadcrumb"},"inLanguage":"pt-BR","potentialAction":[{"@type":"ReadAction","target":["https:\/\/www.camarasmunicipal.com.br\/agenda\/concurso-prefeitura-curitiba-pr-2026-edital-iminente\/"]}]},{"@type":"ImageObject","inLanguage":"pt-BR","@id":"https:\/\/www.camarasmunicipal.com.br\/agenda\/concurso-prefeitura-curitiba-pr-2026-edital-iminente\/#primaryimage","url":"https:\/\/www.camarasmunicipal.com.br\/agenda\/content-wp\/uploads\/2026\/08\/concurso-prefeitura-curitiba-pr-2026-edital-iminente.webp","contentUrl":"https:\/\/www.camarasmunicipal.com.br\/agenda\/content-wp\/uploads\/2026\/08\/concurso-prefeitura-curitiba-pr-2026-edital-iminente.webp","width":280,"height":280,"caption":"Concurso Prefeitura Curitiba PR 2026"},{"@type":"BreadcrumbList","@id":"https:\/\/www.camarasmunicipal.com.br\/agenda\/concurso-prefeitura-curitiba-pr-2026-edital-iminente\/#breadcrumb","itemListElement":[{"@type":"ListItem","position":1,"name":"In\u00edcio","item":"https:\/\/www.camaramunicipal.com.br\/agenda\/"},{"@type":"ListItem","position":2,"name":"Concurso Prefeitura Curitiba PR 2026: edital iminente!"}]},{"@type":"WebSite","@id":"https:\/\/www.camaramunicipal.com.br\/agenda\/#website","url":"https:\/\/www.camaramunicipal.com.br\/agenda\/","name":"C\u00e2maraMunicipal.com.br","description":"C\u00e2mara Municipal","potentialAction":[{"@type":"SearchAction","target":{"@type":"EntryPoint","urlTemplate":"https:\/\/www.camaramunicipal.com.br\/agenda\/?s={search_term_string}"},"query-input":{"@type":"PropertyValueSpecification","valueRequired":true,"valueName":"search_term_string"}}],"inLanguage":"pt-BR"},{"@type":"Person","@id":"https:\/\/www.camaramunicipal.com.br\/agenda\/#\/schema\/person\/b33233bc7bcf00f56cf13c5e8705b814","name":"Lucas Silva","image":{"@type":"ImageObject","inLanguage":"pt-BR","@id":"https:\/\/www.camaramunicipal.com.br\/agenda\/#\/schema\/person\/image\/","url":"https:\/\/secure.gravatar.com\/avatar\/ca2e4cb40c39e0d0bee2b480a0b1693f2920bad4758fd663c8d874d0051d7665?s=96&d=mm&r=g","contentUrl":"https:\/\/secure.gravatar.com\/avatar\/ca2e4cb40c39e0d0bee2b480a0b1693f2920bad4758fd663c8d874d0051d7665?s=96&d=mm&r=g","caption":"Lucas Silva"},"description":"\ud83d\udc49 Ol\u00e1, meu nome \u00e9 Lucas Silva, editor do portal CamarasMunicipal.com.br. Sou especializado em concursos p\u00fablicos, trazendo not\u00edcias atualizadas, editais e oportunidades em todo o Brasil.","sameAs":["https:\/\/www.camaramunicipal.com.br\/agenda\/"],"url":"https:\/\/www.camarasmunicipal.com.br\/agenda\/author\/encontra\/"}]}},"_links":{"self":[{"href":"https:\/\/www.camarasmunicipal.com.br\/agenda\/wp-json\/wp\/v2\/posts\/3891","targetHints":{"allow":["GET"]}}],"collection":[{"href":"https:\/\/www.camarasmunicipal.com.br\/agenda\/wp-json\/wp\/v2\/posts"}],"about":[{"href":"https:\/\/www.camarasmunicipal.com.br\/agenda\/wp-json\/wp\/v2\/types\/post"}],"author":[{"embeddable":true,"href":"https:\/\/www.camarasmunicipal.com.br\/agenda\/wp-json\/wp\/v2\/users\/1"}],"replies":[{"embeddable":true,"href":"https:\/\/www.camarasmunicipal.com.br\/agenda\/wp-json\/wp\/v2\/comments?post=3891"}],"version-history":[{"count":0,"href":"https:\/\/www.camarasmunicipal.com.br\/agenda\/wp-json\/wp\/v2\/posts\/3891\/revisions"}],"wp:featuredmedia":[{"embeddable":true,"href":"https:\/\/www.camarasmunicipal.com.br\/agenda\/wp-json\/wp\/v2\/media\/3890"}],"wp:attachment":[{"href":"https:\/\/www.camarasmunicipal.com.br\/agenda\/wp-json\/wp\/v2\/media?parent=3891"}],"wp:term":[{"taxonomy":"category","embeddable":true,"href":"https:\/\/www.camarasmunicipal.com.br\/agenda\/wp-json\/wp\/v2\/categories?post=3891"},{"taxonomy":"post_tag","embeddable":true,"href":"https:\/\/www.camarasmunicipal.com.br\/agenda\/wp-json\/wp\/v2\/tags?post=3891"}],"curies":[{"name":"wp","href":"https:\/\/api.w.org\/{rel}","templated":true}]}}