{"id":3885,"date":"2026-08-28T09:47:54","date_gmt":"2026-08-28T12:47:54","guid":{"rendered":"https:\/\/www.camarasmunicipal.com.br\/agenda\/prefeitura-de-belo-jardim-abre-concurso-publico-com-150-vagas-imediatas-e-salarios-de-ate-r-45-mil-veja-cargos\/"},"modified":"2026-08-28T09:47:54","modified_gmt":"2026-08-28T12:47:54","slug":"prefeitura-de-belo-jardim-abre-concurso-publico-com-150-vagas-imediatas-e-salarios-de-ate-r-45-mil-veja-cargos","status":"publish","type":"post","link":"https:\/\/www.camarasmunicipal.com.br\/agenda\/prefeitura-de-belo-jardim-abre-concurso-publico-com-150-vagas-imediatas-e-salarios-de-ate-r-45-mil-veja-cargos\/","title":{"rendered":"Prefeitura de Belo Jardim abre concurso p\u00fablico com 150 vagas imediatas e sal\u00e1rios de at\u00e9 R$ 4,5 mil; veja cargos"},"content":{"rendered":"<h2>Detalhes do Concurso P\u00fablico<\/h2>\n<p>A Prefeitura de <strong>Belo Jardim<\/strong>, localizada no Agreste de Pernambuco, anunciou a abertura de um concurso p\u00fablico que visa preencher 150 vagas imediatas. Este \u00e9 o primeiro concurso do ano de 2026 e oferece oportunidades para candidatos com diferentes n\u00edveis de escolaridade, incluindo ensino fundamental, m\u00e9dio, t\u00e9cnico e superior.<\/p>\n<p>O <strong>edital<\/strong> n\u00ba 001\/2026 j\u00e1 est\u00e1 publicado e cont\u00e9m todas as informa\u00e7\u00f5es sobre os cargos dispon\u00edveis, requisitos para inscri\u00e7\u00e3o e os conte\u00fados a serem abordados nas provas. As inscri\u00e7\u00f5es estar\u00e3o abertas a partir do dia <strong>1\u00ba de setembro<\/strong> e v\u00e3o at\u00e9 <strong>4 de outubro de 2026<\/strong>.<\/p>\n<p>O concurso ser\u00e1 administrado pela <strong>Funda\u00e7\u00e3o Vale do Piau\u00ed (FUNVAPI)<\/strong>. Os interessados devem acessar o site da institui\u00e7\u00e3o para obter informa\u00e7\u00f5es adicionais e consultar o edital completo.<\/p>\n<p><img decoding=\"async\" src=\"https:\/\/www.camarasmunicipal.com.br\/agenda\/content-wp\/uploads\/2026\/08\/prefeitura-de-belo-jardim-abre-concurso-publico-com-150-vagas-imediatas-e-salarios-de-ate-r-4-5-mil-.webp\" alt=\"Concurso P\u00fablico Belo Jardim\" loading=\"lazy\" \/><\/p>\n<h2>Processo de Inscri\u00e7\u00e3o<\/h2>\n<p>Os candidatos interessados em participar do concurso dever\u00e3o realizar suas inscri\u00e7\u00f5es dentro do prazo estipulado, que inicia em <strong>1\u00ba de setembro<\/strong> e se encerra em <strong>4 de outubro de 2026<\/strong>. O processo de inscri\u00e7\u00e3o dever\u00e1 ser feito online, e o site da FUNVAPI ser\u00e1 o local adequado para isso. <\/p>\n<p>\u00c9 importante que os candidatos leiam o edital minuciosamente antes de efetuarem suas inscri\u00e7\u00f5es, uma vez que o documento cont\u00e9m informa\u00e7\u00f5es essenciais sobre os requisitos necess\u00e1rios para cada cargo e instru\u00e7\u00f5es para a realiza\u00e7\u00e3o das provas.<\/p>\n<h2>Vagas Dispon\u00edveis e Requisitos<\/h2>\n<p>O concurso oferece um total de 150 vagas, com cargos variados que atendem a diferentes n\u00edveis de escolaridade:<\/p>\n<ul>\n<li>Agente Administrativo (20 vagas)<\/li>\n<li>Analista de Licita\u00e7\u00e3o (2 vagas)<\/li>\n<li>Contador (2 vagas)<\/li>\n<li>Enfermeiro (1 vaga)<\/li>\n<li>T\u00e9cnico de Enfermagem (1 vaga)<\/li>\n<li>T\u00e9cnico de Laborat\u00f3rio (2 vagas)<\/li>\n<li>Arquiteto (3 vagas)<\/li>\n<li>Assistente Social (12 vagas)<\/li>\n<li>Motorista de \u00d4nibus Escolar (20 vagas)<\/li>\n<li>Professor nas \u00e1reas de Ci\u00eancias e Pedagogia (10 vagas)<\/li>\n<\/ul>\n<p>As descri\u00e7\u00f5es detalhadas dos cargos, incluindo requisitos e atribui\u00e7\u00f5es espec\u00edficas, podem ser consultadas no edital completo dispon\u00edvel no site da FUNVAPI.<\/p>\n<h2>Sal\u00e1rios e Taxas de Inscri\u00e7\u00e3o<\/h2>\n<p>Os sal\u00e1rios oferecidos para os diversos cargos variam entre <strong>R$ 1.621<\/strong> a <strong>R$ 4.500<\/strong>, dependendo da fun\u00e7\u00e3o. Para se inscrever, os candidatos ter\u00e3o que pagar uma taxa que varia conforme o n\u00edvel de escolaridade exigido pelo cargo escolhido:<\/p>\n<ul>\n<li>N\u00edvel Fundamental: R$ 78,50<\/li>\n<li>N\u00edvel M\u00e9dio: R$ 81,80<\/li>\n<li>N\u00edvel Superior: R$ 121,80<\/li>\n<\/ul>\n<p>Al\u00e9m disso, candidatos que se enquadrarem nas condi\u00e7\u00f5es estabelecidas no edital poder\u00e3o solicitar a isen\u00e7\u00e3o da taxa de inscri\u00e7\u00e3o. As datas para solicitar a isen\u00e7\u00e3o ser\u00e3o nos dias <strong>1\u00ba e 2 de setembro<\/strong>.<\/p>\n<h2>Prazos para Solicita\u00e7\u00e3o de Isen\u00e7\u00e3o<\/h2>\n<p>Os candidatos que desejam solicitar a isen\u00e7\u00e3o da taxa de inscri\u00e7\u00e3o devem observar as datas para fazer o pedido, que ocorrer\u00e3o nos dias <strong>1\u00ba e 2 de setembro<\/strong>, conforme estipulado no edital. \u00c9 recomend\u00e1vel que os interessados consultem os requisitos para tal solicita\u00e7\u00e3o no documento do edital para garantir que atendem \u00e0s condi\u00e7\u00f5es necess\u00e1rias.<\/p>\n<h2>Datas das Provas<\/h2>\n<p>As provas do concurso p\u00fablico de <strong>Belo Jardim<\/strong> est\u00e3o programadas para serem realizadas em dois dias, dependendo do cargo selecionado pelo candidato. As datas previstas s\u00e3o:<\/p>\n<ul>\n<li><strong>18 de outubro de 2026:<\/strong> Primeira data de aplica\u00e7\u00e3o das provas.<\/li>\n<li><strong>1\u00ba de novembro de 2026:<\/strong> Segunda data de aplica\u00e7\u00e3o das provas.<\/li>\n<\/ul>\n<p>\u00c9 essencial que os candidatos estejam atentos \u00e0s datas e hor\u00e1rios das provas, conforme definido no edital, para que possam se preparar adequadamente.<\/p>\n<h2>Dicas para a Prepara\u00e7\u00e3o<\/h2>\n<p>Para maximizar suas chances de sucesso no concurso, os candidatos devem considerar algumas dicas eficazes de prepara\u00e7\u00e3o:<\/p>\n<ul>\n<li><strong>Estudar o Conte\u00fado do Edital:<\/strong> O edital cont\u00e9m todos os t\u00f3picos que ser\u00e3o abordados nas provas, portanto, \u00e9 fundamental que os candidatos estudem detalhadamente esse material.<\/li>\n<li><strong>Realizar Simulados:<\/strong> Praticar com provas anteriores e simulados pode ajudar a entender a din\u00e2mica das quest\u00f5es e o n\u00edvel de dificuldade.<\/li>\n<li><strong>Organizar um Cronograma de Estudos:<\/strong> Planejar os hor\u00e1rios de estudo pode assegurar que o candidato cubra todos os conte\u00fados necess\u00e1rios antes das provas.<\/li>\n<li><strong>Cuidar da Sa\u00fade:<\/strong> Focar no bem-estar f\u00edsico e mental tamb\u00e9m \u00e9 crucial; boas noites de sono e alimenta\u00e7\u00e3o saud\u00e1vel s\u00e3o fundamentais para uma boa performance.<\/li>\n<\/ul>\n<h2>Recursos e Materiais de Estudo<\/h2>\n<p>Para orientar os estudos, recomenda-se o uso de materiais e recursos que estejam alinhados aos conte\u00fados exigidos no edital:<\/p>\n<ul>\n<li><strong>Apostilas e Livros:<\/strong> Utilize apostilas espec\u00edficas para concursos e livros que foquem nas disciplinas cobradas.<\/li>\n<li><strong>Cursos Online:<\/strong> Plataformas de estudos online podem oferecer cursos preparat\u00f3rios com aulas gravadas e material de apoio.<\/li>\n<li><strong>Grupos de Estudo:<\/strong> Participar de grupos de estudo pode ser uma maneira eficaz de aprender, j\u00e1 que permite a troca de conhecimento com outros candidatos.<\/li>\n<\/ul>\n<h2>O que Esperar do Concurso<\/h2>\n<p>Os candidatos devem estar cientes de que a prepara\u00e7\u00e3o para o concurso exige dedica\u00e7\u00e3o e compromisso. Espere um n\u00edvel de concorr\u00eancia significativo, uma vez que s\u00e3o 150 vagas e muitos candidatos. Al\u00e9m disso, \u00e9 importante manter uma atitude positiva e persistente durante todo o processo.<\/p>\n<h2>Pr\u00f3ximos Passos Ap\u00f3s a Inscri\u00e7\u00e3o<\/h2>\n<p>Ap\u00f3s efetuar a inscri\u00e7\u00e3o, os candidatos devem:<\/p>\n<ul>\n<li>Revisar cuidadosamente o edital e os requisitos para o cargo escolhido.<\/li>\n<li>Acompanhar as atualiza\u00e7\u00f5es e informa\u00e7\u00f5es divulgadas pela FUNVAPI sobre o andamento do concurso.<\/li>\n<li>Preparar-se para as provas com anteced\u00eancia, utilizando os recursos e dicas de estudo mencionados.<\/li>\n<li>Estar atento ao local de prova e outros detalhes log\u00edsticos.<\/li>\n<\/ul>\n<p>A participa\u00e7\u00e3o neste concurso representa uma oportunidade significativa para quem deseja ingressar no servi\u00e7o p\u00fablico de Belo Jardim. Boa sorte a todos os candidatos!<\/p>\n","protected":false},"excerpt":{"rendered":"<p>Concurso p\u00fablico em Belo Jardim oferece 150 vagas e sal\u00e1rios de at\u00e9 R$ 4,5 mil.<\/p>\n","protected":false},"author":1,"featured_media":3884,"comment_status":"closed","ping_status":"","sticky":false,"template":"","format":"standard","meta":{"footnotes":""},"categories":[11],"tags":[],"class_list":["post-3885","post","type-post","status-publish","format-standard","has-post-thumbnail","hentry","category-concursos-aprovados","has_thumb"],"yoast_head":"<!-- This site is optimized with the Yoast SEO plugin v27.0 - https:\/\/yoast.com\/product\/yoast-seo-wordpress\/ -->\n<title>Prefeitura de Belo Jardim abre concurso p\u00fablico com 150 vagas imediatas e sal\u00e1rios de at\u00e9 R$ 4,5 mil; veja cargos - C\u00e2maraMunicipal.com.br<\/title>\n<meta name=\"robots\" content=\"index, follow, max-snippet:-1, max-image-preview:large, max-video-preview:-1\" \/>\n<link rel=\"canonical\" href=\"https:\/\/www.camarasmunicipal.com.br\/agenda\/prefeitura-de-belo-jardim-abre-concurso-publico-com-150-vagas-imediatas-e-salarios-de-ate-r-45-mil-veja-cargos\/\" \/>\n<meta property=\"og:locale\" content=\"pt_BR\" \/>\n<meta property=\"og:type\" content=\"article\" \/>\n<meta property=\"og:title\" content=\"Prefeitura de Belo Jardim abre concurso p\u00fablico com 150 vagas imediatas e sal\u00e1rios de at\u00e9 R$ 4,5 mil; veja cargos - C\u00e2maraMunicipal.com.br\" \/>\n<meta property=\"og:description\" content=\"Concurso p\u00fablico em Belo Jardim oferece 150 vagas e sal\u00e1rios de at\u00e9 R$ 4,5 mil.\" \/>\n<meta property=\"og:url\" content=\"https:\/\/www.camarasmunicipal.com.br\/agenda\/prefeitura-de-belo-jardim-abre-concurso-publico-com-150-vagas-imediatas-e-salarios-de-ate-r-45-mil-veja-cargos\/\" \/>\n<meta property=\"og:site_name\" content=\"C\u00e2maraMunicipal.com.br\" \/>\n<meta property=\"article:published_time\" content=\"2026-08-28T12:47:54+00:00\" \/>\n<meta property=\"og:image\" content=\"https:\/\/www.camarasmunicipal.com.br\/agenda\/content-wp\/uploads\/2026\/08\/banner-concurso-9.webp\" \/>\n\t<meta property=\"og:image:width\" content=\"1\" \/>\n\t<meta property=\"og:image:height\" content=\"1\" \/>\n\t<meta property=\"og:image:type\" content=\"image\/webp\" \/>\n<meta name=\"author\" content=\"Lucas Silva\" \/>\n<meta name=\"twitter:card\" content=\"summary_large_image\" \/>\n<meta name=\"twitter:label1\" content=\"Escrito por\" \/>\n\t<meta name=\"twitter:data1\" content=\"Lucas Silva\" \/>\n\t<meta name=\"twitter:label2\" content=\"Est. tempo de leitura\" \/>\n\t<meta name=\"twitter:data2\" content=\"5 minutos\" \/>\n<script type=\"application\/ld+json\" class=\"yoast-schema-graph\">{\"@context\":\"https:\/\/schema.org\",\"@graph\":[{\"@type\":\"Article\",\"@id\":\"https:\/\/www.camarasmunicipal.com.br\/agenda\/prefeitura-de-belo-jardim-abre-concurso-publico-com-150-vagas-imediatas-e-salarios-de-ate-r-45-mil-veja-cargos\/#article\",\"isPartOf\":{\"@id\":\"https:\/\/www.camarasmunicipal.com.br\/agenda\/prefeitura-de-belo-jardim-abre-concurso-publico-com-150-vagas-imediatas-e-salarios-de-ate-r-45-mil-veja-cargos\/\"},\"author\":{\"name\":\"Lucas Silva\",\"@id\":\"https:\/\/www.camaramunicipal.com.br\/agenda\/#\/schema\/person\/b33233bc7bcf00f56cf13c5e8705b814\"},\"headline\":\"Prefeitura de Belo Jardim abre concurso p\u00fablico com 150 vagas imediatas e sal\u00e1rios de at\u00e9 R$ 4,5 mil; veja cargos\",\"datePublished\":\"2026-08-28T12:47:54+00:00\",\"mainEntityOfPage\":{\"@id\":\"https:\/\/www.camarasmunicipal.com.br\/agenda\/prefeitura-de-belo-jardim-abre-concurso-publico-com-150-vagas-imediatas-e-salarios-de-ate-r-45-mil-veja-cargos\/\"},\"wordCount\":943,\"image\":{\"@id\":\"https:\/\/www.camarasmunicipal.com.br\/agenda\/prefeitura-de-belo-jardim-abre-concurso-publico-com-150-vagas-imediatas-e-salarios-de-ate-r-45-mil-veja-cargos\/#primaryimage\"},\"thumbnailUrl\":\"https:\/\/www.camarasmunicipal.com.br\/agenda\/content-wp\/uploads\/2026\/08\/prefeitura-de-belo-jardim-abre-concurso-publico-com-150-vagas-imediatas-e-salarios-de-ate-r-4-5-mil-.webp\",\"articleSection\":[\"Concursos Aprovados\"],\"inLanguage\":\"pt-BR\"},{\"@type\":\"WebPage\",\"@id\":\"https:\/\/www.camarasmunicipal.com.br\/agenda\/prefeitura-de-belo-jardim-abre-concurso-publico-com-150-vagas-imediatas-e-salarios-de-ate-r-45-mil-veja-cargos\/\",\"url\":\"https:\/\/www.camarasmunicipal.com.br\/agenda\/prefeitura-de-belo-jardim-abre-concurso-publico-com-150-vagas-imediatas-e-salarios-de-ate-r-45-mil-veja-cargos\/\",\"name\":\"Prefeitura de Belo Jardim abre concurso p\u00fablico com 150 vagas imediatas e sal\u00e1rios de at\u00e9 R$ 4,5 mil; veja cargos - C\u00e2maraMunicipal.com.br\",\"isPartOf\":{\"@id\":\"https:\/\/www.camaramunicipal.com.br\/agenda\/#website\"},\"primaryImageOfPage\":{\"@id\":\"https:\/\/www.camarasmunicipal.com.br\/agenda\/prefeitura-de-belo-jardim-abre-concurso-publico-com-150-vagas-imediatas-e-salarios-de-ate-r-45-mil-veja-cargos\/#primaryimage\"},\"image\":{\"@id\":\"https:\/\/www.camarasmunicipal.com.br\/agenda\/prefeitura-de-belo-jardim-abre-concurso-publico-com-150-vagas-imediatas-e-salarios-de-ate-r-45-mil-veja-cargos\/#primaryimage\"},\"thumbnailUrl\":\"https:\/\/www.camarasmunicipal.com.br\/agenda\/content-wp\/uploads\/2026\/08\/prefeitura-de-belo-jardim-abre-concurso-publico-com-150-vagas-imediatas-e-salarios-de-ate-r-4-5-mil-.webp\",\"datePublished\":\"2026-08-28T12:47:54+00:00\",\"author\":{\"@id\":\"https:\/\/www.camaramunicipal.com.br\/agenda\/#\/schema\/person\/b33233bc7bcf00f56cf13c5e8705b814\"},\"breadcrumb\":{\"@id\":\"https:\/\/www.camarasmunicipal.com.br\/agenda\/prefeitura-de-belo-jardim-abre-concurso-publico-com-150-vagas-imediatas-e-salarios-de-ate-r-45-mil-veja-cargos\/#breadcrumb\"},\"inLanguage\":\"pt-BR\",\"potentialAction\":[{\"@type\":\"ReadAction\",\"target\":[\"https:\/\/www.camarasmunicipal.com.br\/agenda\/prefeitura-de-belo-jardim-abre-concurso-publico-com-150-vagas-imediatas-e-salarios-de-ate-r-45-mil-veja-cargos\/\"]}]},{\"@type\":\"ImageObject\",\"inLanguage\":\"pt-BR\",\"@id\":\"https:\/\/www.camarasmunicipal.com.br\/agenda\/prefeitura-de-belo-jardim-abre-concurso-publico-com-150-vagas-imediatas-e-salarios-de-ate-r-45-mil-veja-cargos\/#primaryimage\",\"url\":\"https:\/\/www.camarasmunicipal.com.br\/agenda\/content-wp\/uploads\/2026\/08\/prefeitura-de-belo-jardim-abre-concurso-publico-com-150-vagas-imediatas-e-salarios-de-ate-r-4-5-mil-.webp\",\"contentUrl\":\"https:\/\/www.camarasmunicipal.com.br\/agenda\/content-wp\/uploads\/2026\/08\/prefeitura-de-belo-jardim-abre-concurso-publico-com-150-vagas-imediatas-e-salarios-de-ate-r-4-5-mil-.webp\",\"width\":280,\"height\":280,\"caption\":\"Concurso P\u00fablico Belo Jardim\"},{\"@type\":\"BreadcrumbList\",\"@id\":\"https:\/\/www.camarasmunicipal.com.br\/agenda\/prefeitura-de-belo-jardim-abre-concurso-publico-com-150-vagas-imediatas-e-salarios-de-ate-r-45-mil-veja-cargos\/#breadcrumb\",\"itemListElement\":[{\"@type\":\"ListItem\",\"position\":1,\"name\":\"In\u00edcio\",\"item\":\"https:\/\/www.camaramunicipal.com.br\/agenda\/\"},{\"@type\":\"ListItem\",\"position\":2,\"name\":\"Prefeitura de Belo Jardim abre concurso p\u00fablico com 150 vagas imediatas e sal\u00e1rios de at\u00e9 R$ 4,5 mil; veja cargos\"}]},{\"@type\":\"WebSite\",\"@id\":\"https:\/\/www.camaramunicipal.com.br\/agenda\/#website\",\"url\":\"https:\/\/www.camaramunicipal.com.br\/agenda\/\",\"name\":\"C\u00e2maraMunicipal.com.br\",\"description\":\"C\u00e2mara Municipal\",\"potentialAction\":[{\"@type\":\"SearchAction\",\"target\":{\"@type\":\"EntryPoint\",\"urlTemplate\":\"https:\/\/www.camaramunicipal.com.br\/agenda\/?s={search_term_string}\"},\"query-input\":{\"@type\":\"PropertyValueSpecification\",\"valueRequired\":true,\"valueName\":\"search_term_string\"}}],\"inLanguage\":\"pt-BR\"},{\"@type\":\"Person\",\"@id\":\"https:\/\/www.camaramunicipal.com.br\/agenda\/#\/schema\/person\/b33233bc7bcf00f56cf13c5e8705b814\",\"name\":\"Lucas Silva\",\"image\":{\"@type\":\"ImageObject\",\"inLanguage\":\"pt-BR\",\"@id\":\"https:\/\/www.camaramunicipal.com.br\/agenda\/#\/schema\/person\/image\/\",\"url\":\"https:\/\/secure.gravatar.com\/avatar\/ca2e4cb40c39e0d0bee2b480a0b1693f2920bad4758fd663c8d874d0051d7665?s=96&d=mm&r=g\",\"contentUrl\":\"https:\/\/secure.gravatar.com\/avatar\/ca2e4cb40c39e0d0bee2b480a0b1693f2920bad4758fd663c8d874d0051d7665?s=96&d=mm&r=g\",\"caption\":\"Lucas Silva\"},\"description\":\"\ud83d\udc49 Ol\u00e1, meu nome \u00e9 Lucas Silva, editor do portal CamarasMunicipal.com.br. Sou especializado em concursos p\u00fablicos, trazendo not\u00edcias atualizadas, editais e oportunidades em todo o Brasil.\",\"sameAs\":[\"https:\/\/www.camaramunicipal.com.br\/agenda\/\"],\"url\":\"https:\/\/www.camarasmunicipal.com.br\/agenda\/author\/encontra\/\"}]}<\/script>\n<!-- \/ Yoast SEO plugin. -->","yoast_head_json":{"title":"Prefeitura de Belo Jardim abre concurso p\u00fablico com 150 vagas imediatas e sal\u00e1rios de at\u00e9 R$ 4,5 mil; veja cargos - C\u00e2maraMunicipal.com.br","robots":{"index":"index","follow":"follow","max-snippet":"max-snippet:-1","max-image-preview":"max-image-preview:large","max-video-preview":"max-video-preview:-1"},"canonical":"https:\/\/www.camarasmunicipal.com.br\/agenda\/prefeitura-de-belo-jardim-abre-concurso-publico-com-150-vagas-imediatas-e-salarios-de-ate-r-45-mil-veja-cargos\/","og_locale":"pt_BR","og_type":"article","og_title":"Prefeitura de Belo Jardim abre concurso p\u00fablico com 150 vagas imediatas e sal\u00e1rios de at\u00e9 R$ 4,5 mil; veja cargos - C\u00e2maraMunicipal.com.br","og_description":"Concurso p\u00fablico em Belo Jardim oferece 150 vagas e sal\u00e1rios de at\u00e9 R$ 4,5 mil.","og_url":"https:\/\/www.camarasmunicipal.com.br\/agenda\/prefeitura-de-belo-jardim-abre-concurso-publico-com-150-vagas-imediatas-e-salarios-de-ate-r-45-mil-veja-cargos\/","og_site_name":"C\u00e2maraMunicipal.com.br","article_published_time":"2026-08-28T12:47:54+00:00","og_image":[{"url":"https:\/\/www.camarasmunicipal.com.br\/agenda\/content-wp\/uploads\/2026\/08\/banner-concurso-9.webp","width":1,"height":1,"type":"image\/webp"}],"author":"Lucas Silva","twitter_card":"summary_large_image","twitter_misc":{"Escrito por":"Lucas Silva","Est. tempo de leitura":"5 minutos"},"schema":{"@context":"https:\/\/schema.org","@graph":[{"@type":"Article","@id":"https:\/\/www.camarasmunicipal.com.br\/agenda\/prefeitura-de-belo-jardim-abre-concurso-publico-com-150-vagas-imediatas-e-salarios-de-ate-r-45-mil-veja-cargos\/#article","isPartOf":{"@id":"https:\/\/www.camarasmunicipal.com.br\/agenda\/prefeitura-de-belo-jardim-abre-concurso-publico-com-150-vagas-imediatas-e-salarios-de-ate-r-45-mil-veja-cargos\/"},"author":{"name":"Lucas Silva","@id":"https:\/\/www.camaramunicipal.com.br\/agenda\/#\/schema\/person\/b33233bc7bcf00f56cf13c5e8705b814"},"headline":"Prefeitura de Belo Jardim abre concurso p\u00fablico com 150 vagas imediatas e sal\u00e1rios de at\u00e9 R$ 4,5 mil; veja cargos","datePublished":"2026-08-28T12:47:54+00:00","mainEntityOfPage":{"@id":"https:\/\/www.camarasmunicipal.com.br\/agenda\/prefeitura-de-belo-jardim-abre-concurso-publico-com-150-vagas-imediatas-e-salarios-de-ate-r-45-mil-veja-cargos\/"},"wordCount":943,"image":{"@id":"https:\/\/www.camarasmunicipal.com.br\/agenda\/prefeitura-de-belo-jardim-abre-concurso-publico-com-150-vagas-imediatas-e-salarios-de-ate-r-45-mil-veja-cargos\/#primaryimage"},"thumbnailUrl":"https:\/\/www.camarasmunicipal.com.br\/agenda\/content-wp\/uploads\/2026\/08\/prefeitura-de-belo-jardim-abre-concurso-publico-com-150-vagas-imediatas-e-salarios-de-ate-r-4-5-mil-.webp","articleSection":["Concursos Aprovados"],"inLanguage":"pt-BR"},{"@type":"WebPage","@id":"https:\/\/www.camarasmunicipal.com.br\/agenda\/prefeitura-de-belo-jardim-abre-concurso-publico-com-150-vagas-imediatas-e-salarios-de-ate-r-45-mil-veja-cargos\/","url":"https:\/\/www.camarasmunicipal.com.br\/agenda\/prefeitura-de-belo-jardim-abre-concurso-publico-com-150-vagas-imediatas-e-salarios-de-ate-r-45-mil-veja-cargos\/","name":"Prefeitura de Belo Jardim abre concurso p\u00fablico com 150 vagas imediatas e sal\u00e1rios de at\u00e9 R$ 4,5 mil; veja cargos - C\u00e2maraMunicipal.com.br","isPartOf":{"@id":"https:\/\/www.camaramunicipal.com.br\/agenda\/#website"},"primaryImageOfPage":{"@id":"https:\/\/www.camarasmunicipal.com.br\/agenda\/prefeitura-de-belo-jardim-abre-concurso-publico-com-150-vagas-imediatas-e-salarios-de-ate-r-45-mil-veja-cargos\/#primaryimage"},"image":{"@id":"https:\/\/www.camarasmunicipal.com.br\/agenda\/prefeitura-de-belo-jardim-abre-concurso-publico-com-150-vagas-imediatas-e-salarios-de-ate-r-45-mil-veja-cargos\/#primaryimage"},"thumbnailUrl":"https:\/\/www.camarasmunicipal.com.br\/agenda\/content-wp\/uploads\/2026\/08\/prefeitura-de-belo-jardim-abre-concurso-publico-com-150-vagas-imediatas-e-salarios-de-ate-r-4-5-mil-.webp","datePublished":"2026-08-28T12:47:54+00:00","author":{"@id":"https:\/\/www.camaramunicipal.com.br\/agenda\/#\/schema\/person\/b33233bc7bcf00f56cf13c5e8705b814"},"breadcrumb":{"@id":"https:\/\/www.camarasmunicipal.com.br\/agenda\/prefeitura-de-belo-jardim-abre-concurso-publico-com-150-vagas-imediatas-e-salarios-de-ate-r-45-mil-veja-cargos\/#breadcrumb"},"inLanguage":"pt-BR","potentialAction":[{"@type":"ReadAction","target":["https:\/\/www.camarasmunicipal.com.br\/agenda\/prefeitura-de-belo-jardim-abre-concurso-publico-com-150-vagas-imediatas-e-salarios-de-ate-r-45-mil-veja-cargos\/"]}]},{"@type":"ImageObject","inLanguage":"pt-BR","@id":"https:\/\/www.camarasmunicipal.com.br\/agenda\/prefeitura-de-belo-jardim-abre-concurso-publico-com-150-vagas-imediatas-e-salarios-de-ate-r-45-mil-veja-cargos\/#primaryimage","url":"https:\/\/www.camarasmunicipal.com.br\/agenda\/content-wp\/uploads\/2026\/08\/prefeitura-de-belo-jardim-abre-concurso-publico-com-150-vagas-imediatas-e-salarios-de-ate-r-4-5-mil-.webp","contentUrl":"https:\/\/www.camarasmunicipal.com.br\/agenda\/content-wp\/uploads\/2026\/08\/prefeitura-de-belo-jardim-abre-concurso-publico-com-150-vagas-imediatas-e-salarios-de-ate-r-4-5-mil-.webp","width":280,"height":280,"caption":"Concurso P\u00fablico Belo Jardim"},{"@type":"BreadcrumbList","@id":"https:\/\/www.camarasmunicipal.com.br\/agenda\/prefeitura-de-belo-jardim-abre-concurso-publico-com-150-vagas-imediatas-e-salarios-de-ate-r-45-mil-veja-cargos\/#breadcrumb","itemListElement":[{"@type":"ListItem","position":1,"name":"In\u00edcio","item":"https:\/\/www.camaramunicipal.com.br\/agenda\/"},{"@type":"ListItem","position":2,"name":"Prefeitura de Belo Jardim abre concurso p\u00fablico com 150 vagas imediatas e sal\u00e1rios de at\u00e9 R$ 4,5 mil; veja cargos"}]},{"@type":"WebSite","@id":"https:\/\/www.camaramunicipal.com.br\/agenda\/#website","url":"https:\/\/www.camaramunicipal.com.br\/agenda\/","name":"C\u00e2maraMunicipal.com.br","description":"C\u00e2mara Municipal","potentialAction":[{"@type":"SearchAction","target":{"@type":"EntryPoint","urlTemplate":"https:\/\/www.camaramunicipal.com.br\/agenda\/?s={search_term_string}"},"query-input":{"@type":"PropertyValueSpecification","valueRequired":true,"valueName":"search_term_string"}}],"inLanguage":"pt-BR"},{"@type":"Person","@id":"https:\/\/www.camaramunicipal.com.br\/agenda\/#\/schema\/person\/b33233bc7bcf00f56cf13c5e8705b814","name":"Lucas Silva","image":{"@type":"ImageObject","inLanguage":"pt-BR","@id":"https:\/\/www.camaramunicipal.com.br\/agenda\/#\/schema\/person\/image\/","url":"https:\/\/secure.gravatar.com\/avatar\/ca2e4cb40c39e0d0bee2b480a0b1693f2920bad4758fd663c8d874d0051d7665?s=96&d=mm&r=g","contentUrl":"https:\/\/secure.gravatar.com\/avatar\/ca2e4cb40c39e0d0bee2b480a0b1693f2920bad4758fd663c8d874d0051d7665?s=96&d=mm&r=g","caption":"Lucas Silva"},"description":"\ud83d\udc49 Ol\u00e1, meu nome \u00e9 Lucas Silva, editor do portal CamarasMunicipal.com.br. Sou especializado em concursos p\u00fablicos, trazendo not\u00edcias atualizadas, editais e oportunidades em todo o Brasil.","sameAs":["https:\/\/www.camaramunicipal.com.br\/agenda\/"],"url":"https:\/\/www.camarasmunicipal.com.br\/agenda\/author\/encontra\/"}]}},"_links":{"self":[{"href":"https:\/\/www.camarasmunicipal.com.br\/agenda\/wp-json\/wp\/v2\/posts\/3885","targetHints":{"allow":["GET"]}}],"collection":[{"href":"https:\/\/www.camarasmunicipal.com.br\/agenda\/wp-json\/wp\/v2\/posts"}],"about":[{"href":"https:\/\/www.camarasmunicipal.com.br\/agenda\/wp-json\/wp\/v2\/types\/post"}],"author":[{"embeddable":true,"href":"https:\/\/www.camarasmunicipal.com.br\/agenda\/wp-json\/wp\/v2\/users\/1"}],"replies":[{"embeddable":true,"href":"https:\/\/www.camarasmunicipal.com.br\/agenda\/wp-json\/wp\/v2\/comments?post=3885"}],"version-history":[{"count":0,"href":"https:\/\/www.camarasmunicipal.com.br\/agenda\/wp-json\/wp\/v2\/posts\/3885\/revisions"}],"wp:featuredmedia":[{"embeddable":true,"href":"https:\/\/www.camarasmunicipal.com.br\/agenda\/wp-json\/wp\/v2\/media\/3884"}],"wp:attachment":[{"href":"https:\/\/www.camarasmunicipal.com.br\/agenda\/wp-json\/wp\/v2\/media?parent=3885"}],"wp:term":[{"taxonomy":"category","embeddable":true,"href":"https:\/\/www.camarasmunicipal.com.br\/agenda\/wp-json\/wp\/v2\/categories?post=3885"},{"taxonomy":"post_tag","embeddable":true,"href":"https:\/\/www.camarasmunicipal.com.br\/agenda\/wp-json\/wp\/v2\/tags?post=3885"}],"curies":[{"name":"wp","href":"https:\/\/api.w.org\/{rel}","templated":true}]}}