{"id":3882,"date":"2026-08-28T09:47:03","date_gmt":"2026-08-28T12:47:03","guid":{"rendered":"https:\/\/www.camarasmunicipal.com.br\/agenda\/concurso-trt-8-contrato-com-a-fcc-assinado\/"},"modified":"2026-08-28T09:47:03","modified_gmt":"2026-08-28T12:47:03","slug":"concurso-trt-8-contrato-com-a-fcc-assinado","status":"publish","type":"post","link":"https:\/\/www.camarasmunicipal.com.br\/agenda\/concurso-trt-8-contrato-com-a-fcc-assinado\/","title":{"rendered":"Concurso TRT 8: contrato com a FCC assinado"},"content":{"rendered":"<h2>Oportunidades no Concurso TRT 8<\/h2>\n<p>O <strong>Tribunal Regional do Trabalho da 8\u00aa Regi\u00e3o (TRT-8)<\/strong> est\u00e1 se preparando para a realiza\u00e7\u00e3o de um novo concurso p\u00fablico, visando a contrata\u00e7\u00e3o de servidores para diferentes \u00e1reas. A institui\u00e7\u00e3o, que abrange os estados do <strong>Par\u00e1<\/strong> e <strong>Amap\u00e1<\/strong>, firmou um contrato com a <strong>Funda\u00e7\u00e3o Carlos Chagas (FCC)<\/strong>, que ser\u00e1 encarregada de organizar o certame.<\/p>\n<h2>O Que Esperar do Novo Concurso TRT 8<\/h2>\n<p>O concurso do TRT 8 ir\u00e1 proporcionar uma s\u00e9rie de oportunidades de emprego, com a expectativa de que os sal\u00e1rios iniciais cheguem at\u00e9 <strong>R$ 18.3 mil<\/strong>, dependendo da fun\u00e7\u00e3o. O pr\u00f3ximo passo importante \u00e9 a publica\u00e7\u00e3o do edital, que definir\u00e1 todos os detalhes sobre a sele\u00e7\u00e3o, incluindo vagas e requisitos.<\/p>\n<h2>Como se Preparar para as Provas do TRT 8<\/h2>\n<p>Para se preparar adequadamente para as provas do <strong>TRT 8<\/strong>, \u00e9 fundamental ter acesso aos melhores materiais e cursos preparat\u00f3rios. A abordagem deve incluir uma an\u00e1lise detalhada do conte\u00fado program\u00e1tico e a pr\u00e1tica com provas anteriores. Os candidatos devem se familiarizar com o estilo de quest\u00f5es que ser\u00e3o cobradas.<\/p>\n<p><img decoding=\"async\" src=\"https:\/\/www.camarasmunicipal.com.br\/agenda\/content-wp\/uploads\/2026\/08\/concurso-trt-8-contrato-com-a-fcc-assinado.webp\" alt=\"Concurso TRT 8\" loading=\"lazy\" \/><\/p>\n<h2>Sal\u00e1rios e Benef\u00edcios Oferecidos pelo TRT 8<\/h2>\n<p>Os sal\u00e1rios para os cargos de <strong>Analista Judici\u00e1rio<\/strong> e <strong>T\u00e9cnico Judici\u00e1rio<\/strong> variam, com os analistas recebendo remunera\u00e7\u00f5es que podem atingir at\u00e9 <strong>R$ 18.380,18<\/strong> em especializa\u00e7\u00f5es, enquanto os t\u00e9cnicos podem receber at\u00e9 <strong>R$ 9.776,71<\/strong>. Al\u00e9m do sal\u00e1rio, o TRT 8 oferece vantagens como aux\u00edlios e outros benef\u00edcios para melhorar a qualidade de vida dos servidores.<\/p>\n<h2>Vagas e Cargos Dispon\u00edveis no Concurso<\/h2>\n<p>Al\u00e9m das fun\u00e7\u00f5es de Analista e T\u00e9cnico Judici\u00e1rio, o concurso tamb\u00e9m contemplar\u00e1 cadastro de reserva para diversas especialidades. Os cargos dispon\u00edveis incluem:<\/p>\n<table>\n<thead>\n<tr>\n<th>Cargo<\/th>\n<th>\u00c1rea\/Especialidade<\/th>\n<th>Remunera\u00e7\u00e3o Inicial<\/th>\n<\/tr>\n<\/thead>\n<tbody>\n<tr>\n<td>Analista Judici\u00e1rio<\/td>\n<td>\u00c1rea Judici\u00e1ria<\/td>\n<td>R$ 16.040,88<\/td>\n<\/tr>\n<tr>\n<td>Analista Judici\u00e1rio<\/td>\n<td>\u00c1rea Judici\u00e1ria \u2013 Especialidade Oficial de Justi\u00e7a Avaliador Federal<\/td>\n<td>R$ 18.380,18<\/td>\n<\/tr>\n<tr>\n<td>T\u00e9cnico Judici\u00e1rio<\/td>\n<td>\u00c1rea Administrativa<\/td>\n<td>R$ 9.776,71<\/td>\n<\/tr>\n<tr>\n<td>T\u00e9cnico Judici\u00e1rio<\/td>\n<td>\u00c1rea Administrativa \u2013 Agente da Pol\u00edcia Judicial<\/td>\n<td>R$ 10.795,12<\/td>\n<\/tr>\n<\/tbody>\n<\/table>\n<h2>Entenda o Processo de Inscri\u00e7\u00e3o do TRT 8<\/h2>\n<p>Os interessados em participar do concurso devem ficar atentos \u00e0s orienta\u00e7\u00f5es que ser\u00e3o divulgadas no edital. As inscri\u00e7\u00f5es costumam ser feitas online, e o candidato deve cumprir todos os requisitos exigidos, al\u00e9m de efetuar o pagamento de uma taxa, que ser\u00e1 determinada no edital.<\/p>\n<h2>Dicas para Conquistar uma Vaga no TRT 8<\/h2>\n<p>Para aumentar suas chances de ser aprovado, sugere-se que os candidatos estudem com anteced\u00eancia e explorem diferentes materiais de estudo. Realizar simulados e resolver quest\u00f5es de concursos anteriores \u00e9 uma pr\u00e1tica efetiva para compreender melhor o estilo da banca organizadora.<\/p>\n<h2>Import\u00e2ncia da FCC na Organiza\u00e7\u00e3o do Certame<\/h2>\n<p>A <strong>Funda\u00e7\u00e3o Carlos Chagas (FCC)<\/strong> \u00e9 uma das organizadoras de concurso mais respeitadas do pa\u00eds, sendo respons\u00e1vel por garantir a imparcialidade e a qualidade do processo seletivo. A escolha da FCC para administrar este concurso \u00e9 um indicativo positivo para a transpar\u00eancia do certame.<\/p>\n<h2>Quando Ser\u00e1 a Publica\u00e7\u00e3o do Edital<\/h2>\n<p>Embora a data exata da publica\u00e7\u00e3o do edital ainda n\u00e3o tenha sido anunciada, a assinatura do contrato com a FCC sugere que o processo est\u00e1 avan\u00e7ando. Espera-se que a divulga\u00e7\u00e3o ocorra em breve, permitindo que os candidatos se preparem adequadamente.<\/p>\n<h2>Exig\u00eancias e Requisitos para Participa\u00e7\u00e3o<\/h2>\n<p>Candidatos ao concurso TRT 8 devem possuir diploma de n\u00edvel superior em qualquer \u00e1rea, al\u00e9m de comprovar que possuem a <strong>Carteira Nacional de Habilita\u00e7\u00e3o (CNH)<\/strong> na categoria \u201cB\u201d ou superior, para algumas das especialidades. Estar por dentro de todos os requisitos espec\u00edficos previstos no edital \u00e9 essencial para garantir a inscri\u00e7\u00e3o e participa\u00e7\u00e3o no processo seletivo.<\/p>\n","protected":false},"excerpt":{"rendered":"<p>Concurso TRT 8 promete sal\u00e1rios elevados e excelente benef\u00edcios, FCC j\u00e1 contratada!<\/p>\n","protected":false},"author":1,"featured_media":3881,"comment_status":"closed","ping_status":"","sticky":false,"template":"","format":"standard","meta":{"footnotes":""},"categories":[8],"tags":[],"class_list":["post-3882","post","type-post","status-publish","format-standard","has-post-thumbnail","hentry","category-concurso-publico","has_thumb"],"yoast_head":"<!-- This site is optimized with the Yoast SEO plugin v27.0 - https:\/\/yoast.com\/product\/yoast-seo-wordpress\/ -->\n<title>Concurso TRT 8: contrato com a FCC assinado - C\u00e2maraMunicipal.com.br<\/title>\n<meta name=\"robots\" content=\"index, follow, max-snippet:-1, max-image-preview:large, max-video-preview:-1\" \/>\n<link rel=\"canonical\" href=\"https:\/\/www.camarasmunicipal.com.br\/agenda\/concurso-trt-8-contrato-com-a-fcc-assinado\/\" \/>\n<meta property=\"og:locale\" content=\"pt_BR\" \/>\n<meta property=\"og:type\" content=\"article\" \/>\n<meta property=\"og:title\" content=\"Concurso TRT 8: contrato com a FCC assinado - C\u00e2maraMunicipal.com.br\" \/>\n<meta property=\"og:description\" content=\"Concurso TRT 8 promete sal\u00e1rios elevados e excelente benef\u00edcios, FCC j\u00e1 contratada!\" \/>\n<meta property=\"og:url\" content=\"https:\/\/www.camarasmunicipal.com.br\/agenda\/concurso-trt-8-contrato-com-a-fcc-assinado\/\" \/>\n<meta property=\"og:site_name\" content=\"C\u00e2maraMunicipal.com.br\" \/>\n<meta property=\"article:published_time\" content=\"2026-08-28T12:47:03+00:00\" \/>\n<meta property=\"og:image\" content=\"https:\/\/www.camarasmunicipal.com.br\/agenda\/content-wp\/uploads\/2026\/08\/banner-concurso-11.webp\" \/>\n\t<meta property=\"og:image:width\" content=\"1\" \/>\n\t<meta property=\"og:image:height\" content=\"1\" \/>\n\t<meta property=\"og:image:type\" content=\"image\/webp\" \/>\n<meta name=\"author\" content=\"Lucas Silva\" \/>\n<meta name=\"twitter:card\" content=\"summary_large_image\" \/>\n<meta name=\"twitter:label1\" content=\"Escrito por\" \/>\n\t<meta name=\"twitter:data1\" content=\"Lucas Silva\" \/>\n\t<meta name=\"twitter:label2\" content=\"Est. tempo de leitura\" \/>\n\t<meta name=\"twitter:data2\" content=\"3 minutos\" \/>\n<script type=\"application\/ld+json\" class=\"yoast-schema-graph\">{\"@context\":\"https:\/\/schema.org\",\"@graph\":[{\"@type\":\"Article\",\"@id\":\"https:\/\/www.camarasmunicipal.com.br\/agenda\/concurso-trt-8-contrato-com-a-fcc-assinado\/#article\",\"isPartOf\":{\"@id\":\"https:\/\/www.camarasmunicipal.com.br\/agenda\/concurso-trt-8-contrato-com-a-fcc-assinado\/\"},\"author\":{\"name\":\"Lucas Silva\",\"@id\":\"https:\/\/www.camaramunicipal.com.br\/agenda\/#\/schema\/person\/b33233bc7bcf00f56cf13c5e8705b814\"},\"headline\":\"Concurso TRT 8: contrato com a FCC assinado\",\"datePublished\":\"2026-08-28T12:47:03+00:00\",\"mainEntityOfPage\":{\"@id\":\"https:\/\/www.camarasmunicipal.com.br\/agenda\/concurso-trt-8-contrato-com-a-fcc-assinado\/\"},\"wordCount\":621,\"image\":{\"@id\":\"https:\/\/www.camarasmunicipal.com.br\/agenda\/concurso-trt-8-contrato-com-a-fcc-assinado\/#primaryimage\"},\"thumbnailUrl\":\"https:\/\/www.camarasmunicipal.com.br\/agenda\/content-wp\/uploads\/2026\/08\/concurso-trt-8-contrato-com-a-fcc-assinado.webp\",\"articleSection\":[\"Concurso P\u00fablico\"],\"inLanguage\":\"pt-BR\"},{\"@type\":\"WebPage\",\"@id\":\"https:\/\/www.camarasmunicipal.com.br\/agenda\/concurso-trt-8-contrato-com-a-fcc-assinado\/\",\"url\":\"https:\/\/www.camarasmunicipal.com.br\/agenda\/concurso-trt-8-contrato-com-a-fcc-assinado\/\",\"name\":\"Concurso TRT 8: contrato com a FCC assinado - C\u00e2maraMunicipal.com.br\",\"isPartOf\":{\"@id\":\"https:\/\/www.camaramunicipal.com.br\/agenda\/#website\"},\"primaryImageOfPage\":{\"@id\":\"https:\/\/www.camarasmunicipal.com.br\/agenda\/concurso-trt-8-contrato-com-a-fcc-assinado\/#primaryimage\"},\"image\":{\"@id\":\"https:\/\/www.camarasmunicipal.com.br\/agenda\/concurso-trt-8-contrato-com-a-fcc-assinado\/#primaryimage\"},\"thumbnailUrl\":\"https:\/\/www.camarasmunicipal.com.br\/agenda\/content-wp\/uploads\/2026\/08\/concurso-trt-8-contrato-com-a-fcc-assinado.webp\",\"datePublished\":\"2026-08-28T12:47:03+00:00\",\"author\":{\"@id\":\"https:\/\/www.camaramunicipal.com.br\/agenda\/#\/schema\/person\/b33233bc7bcf00f56cf13c5e8705b814\"},\"breadcrumb\":{\"@id\":\"https:\/\/www.camarasmunicipal.com.br\/agenda\/concurso-trt-8-contrato-com-a-fcc-assinado\/#breadcrumb\"},\"inLanguage\":\"pt-BR\",\"potentialAction\":[{\"@type\":\"ReadAction\",\"target\":[\"https:\/\/www.camarasmunicipal.com.br\/agenda\/concurso-trt-8-contrato-com-a-fcc-assinado\/\"]}]},{\"@type\":\"ImageObject\",\"inLanguage\":\"pt-BR\",\"@id\":\"https:\/\/www.camarasmunicipal.com.br\/agenda\/concurso-trt-8-contrato-com-a-fcc-assinado\/#primaryimage\",\"url\":\"https:\/\/www.camarasmunicipal.com.br\/agenda\/content-wp\/uploads\/2026\/08\/concurso-trt-8-contrato-com-a-fcc-assinado.webp\",\"contentUrl\":\"https:\/\/www.camarasmunicipal.com.br\/agenda\/content-wp\/uploads\/2026\/08\/concurso-trt-8-contrato-com-a-fcc-assinado.webp\",\"width\":280,\"height\":280,\"caption\":\"Concurso TRT 8\"},{\"@type\":\"BreadcrumbList\",\"@id\":\"https:\/\/www.camarasmunicipal.com.br\/agenda\/concurso-trt-8-contrato-com-a-fcc-assinado\/#breadcrumb\",\"itemListElement\":[{\"@type\":\"ListItem\",\"position\":1,\"name\":\"In\u00edcio\",\"item\":\"https:\/\/www.camaramunicipal.com.br\/agenda\/\"},{\"@type\":\"ListItem\",\"position\":2,\"name\":\"Concurso TRT 8: contrato com a FCC assinado\"}]},{\"@type\":\"WebSite\",\"@id\":\"https:\/\/www.camaramunicipal.com.br\/agenda\/#website\",\"url\":\"https:\/\/www.camaramunicipal.com.br\/agenda\/\",\"name\":\"C\u00e2maraMunicipal.com.br\",\"description\":\"C\u00e2mara Municipal\",\"potentialAction\":[{\"@type\":\"SearchAction\",\"target\":{\"@type\":\"EntryPoint\",\"urlTemplate\":\"https:\/\/www.camaramunicipal.com.br\/agenda\/?s={search_term_string}\"},\"query-input\":{\"@type\":\"PropertyValueSpecification\",\"valueRequired\":true,\"valueName\":\"search_term_string\"}}],\"inLanguage\":\"pt-BR\"},{\"@type\":\"Person\",\"@id\":\"https:\/\/www.camaramunicipal.com.br\/agenda\/#\/schema\/person\/b33233bc7bcf00f56cf13c5e8705b814\",\"name\":\"Lucas Silva\",\"image\":{\"@type\":\"ImageObject\",\"inLanguage\":\"pt-BR\",\"@id\":\"https:\/\/www.camaramunicipal.com.br\/agenda\/#\/schema\/person\/image\/\",\"url\":\"https:\/\/secure.gravatar.com\/avatar\/ca2e4cb40c39e0d0bee2b480a0b1693f2920bad4758fd663c8d874d0051d7665?s=96&d=mm&r=g\",\"contentUrl\":\"https:\/\/secure.gravatar.com\/avatar\/ca2e4cb40c39e0d0bee2b480a0b1693f2920bad4758fd663c8d874d0051d7665?s=96&d=mm&r=g\",\"caption\":\"Lucas Silva\"},\"description\":\"\ud83d\udc49 Ol\u00e1, meu nome \u00e9 Lucas Silva, editor do portal CamarasMunicipal.com.br. Sou especializado em concursos p\u00fablicos, trazendo not\u00edcias atualizadas, editais e oportunidades em todo o Brasil.\",\"sameAs\":[\"https:\/\/www.camaramunicipal.com.br\/agenda\/\"],\"url\":\"https:\/\/www.camarasmunicipal.com.br\/agenda\/author\/encontra\/\"}]}<\/script>\n<!-- \/ Yoast SEO plugin. -->","yoast_head_json":{"title":"Concurso TRT 8: contrato com a FCC assinado - C\u00e2maraMunicipal.com.br","robots":{"index":"index","follow":"follow","max-snippet":"max-snippet:-1","max-image-preview":"max-image-preview:large","max-video-preview":"max-video-preview:-1"},"canonical":"https:\/\/www.camarasmunicipal.com.br\/agenda\/concurso-trt-8-contrato-com-a-fcc-assinado\/","og_locale":"pt_BR","og_type":"article","og_title":"Concurso TRT 8: contrato com a FCC assinado - C\u00e2maraMunicipal.com.br","og_description":"Concurso TRT 8 promete sal\u00e1rios elevados e excelente benef\u00edcios, FCC j\u00e1 contratada!","og_url":"https:\/\/www.camarasmunicipal.com.br\/agenda\/concurso-trt-8-contrato-com-a-fcc-assinado\/","og_site_name":"C\u00e2maraMunicipal.com.br","article_published_time":"2026-08-28T12:47:03+00:00","og_image":[{"url":"https:\/\/www.camarasmunicipal.com.br\/agenda\/content-wp\/uploads\/2026\/08\/banner-concurso-11.webp","width":1,"height":1,"type":"image\/webp"}],"author":"Lucas Silva","twitter_card":"summary_large_image","twitter_misc":{"Escrito por":"Lucas Silva","Est. tempo de leitura":"3 minutos"},"schema":{"@context":"https:\/\/schema.org","@graph":[{"@type":"Article","@id":"https:\/\/www.camarasmunicipal.com.br\/agenda\/concurso-trt-8-contrato-com-a-fcc-assinado\/#article","isPartOf":{"@id":"https:\/\/www.camarasmunicipal.com.br\/agenda\/concurso-trt-8-contrato-com-a-fcc-assinado\/"},"author":{"name":"Lucas Silva","@id":"https:\/\/www.camaramunicipal.com.br\/agenda\/#\/schema\/person\/b33233bc7bcf00f56cf13c5e8705b814"},"headline":"Concurso TRT 8: contrato com a FCC assinado","datePublished":"2026-08-28T12:47:03+00:00","mainEntityOfPage":{"@id":"https:\/\/www.camarasmunicipal.com.br\/agenda\/concurso-trt-8-contrato-com-a-fcc-assinado\/"},"wordCount":621,"image":{"@id":"https:\/\/www.camarasmunicipal.com.br\/agenda\/concurso-trt-8-contrato-com-a-fcc-assinado\/#primaryimage"},"thumbnailUrl":"https:\/\/www.camarasmunicipal.com.br\/agenda\/content-wp\/uploads\/2026\/08\/concurso-trt-8-contrato-com-a-fcc-assinado.webp","articleSection":["Concurso P\u00fablico"],"inLanguage":"pt-BR"},{"@type":"WebPage","@id":"https:\/\/www.camarasmunicipal.com.br\/agenda\/concurso-trt-8-contrato-com-a-fcc-assinado\/","url":"https:\/\/www.camarasmunicipal.com.br\/agenda\/concurso-trt-8-contrato-com-a-fcc-assinado\/","name":"Concurso TRT 8: contrato com a FCC assinado - C\u00e2maraMunicipal.com.br","isPartOf":{"@id":"https:\/\/www.camaramunicipal.com.br\/agenda\/#website"},"primaryImageOfPage":{"@id":"https:\/\/www.camarasmunicipal.com.br\/agenda\/concurso-trt-8-contrato-com-a-fcc-assinado\/#primaryimage"},"image":{"@id":"https:\/\/www.camarasmunicipal.com.br\/agenda\/concurso-trt-8-contrato-com-a-fcc-assinado\/#primaryimage"},"thumbnailUrl":"https:\/\/www.camarasmunicipal.com.br\/agenda\/content-wp\/uploads\/2026\/08\/concurso-trt-8-contrato-com-a-fcc-assinado.webp","datePublished":"2026-08-28T12:47:03+00:00","author":{"@id":"https:\/\/www.camaramunicipal.com.br\/agenda\/#\/schema\/person\/b33233bc7bcf00f56cf13c5e8705b814"},"breadcrumb":{"@id":"https:\/\/www.camarasmunicipal.com.br\/agenda\/concurso-trt-8-contrato-com-a-fcc-assinado\/#breadcrumb"},"inLanguage":"pt-BR","potentialAction":[{"@type":"ReadAction","target":["https:\/\/www.camarasmunicipal.com.br\/agenda\/concurso-trt-8-contrato-com-a-fcc-assinado\/"]}]},{"@type":"ImageObject","inLanguage":"pt-BR","@id":"https:\/\/www.camarasmunicipal.com.br\/agenda\/concurso-trt-8-contrato-com-a-fcc-assinado\/#primaryimage","url":"https:\/\/www.camarasmunicipal.com.br\/agenda\/content-wp\/uploads\/2026\/08\/concurso-trt-8-contrato-com-a-fcc-assinado.webp","contentUrl":"https:\/\/www.camarasmunicipal.com.br\/agenda\/content-wp\/uploads\/2026\/08\/concurso-trt-8-contrato-com-a-fcc-assinado.webp","width":280,"height":280,"caption":"Concurso TRT 8"},{"@type":"BreadcrumbList","@id":"https:\/\/www.camarasmunicipal.com.br\/agenda\/concurso-trt-8-contrato-com-a-fcc-assinado\/#breadcrumb","itemListElement":[{"@type":"ListItem","position":1,"name":"In\u00edcio","item":"https:\/\/www.camaramunicipal.com.br\/agenda\/"},{"@type":"ListItem","position":2,"name":"Concurso TRT 8: contrato com a FCC assinado"}]},{"@type":"WebSite","@id":"https:\/\/www.camaramunicipal.com.br\/agenda\/#website","url":"https:\/\/www.camaramunicipal.com.br\/agenda\/","name":"C\u00e2maraMunicipal.com.br","description":"C\u00e2mara Municipal","potentialAction":[{"@type":"SearchAction","target":{"@type":"EntryPoint","urlTemplate":"https:\/\/www.camaramunicipal.com.br\/agenda\/?s={search_term_string}"},"query-input":{"@type":"PropertyValueSpecification","valueRequired":true,"valueName":"search_term_string"}}],"inLanguage":"pt-BR"},{"@type":"Person","@id":"https:\/\/www.camaramunicipal.com.br\/agenda\/#\/schema\/person\/b33233bc7bcf00f56cf13c5e8705b814","name":"Lucas Silva","image":{"@type":"ImageObject","inLanguage":"pt-BR","@id":"https:\/\/www.camaramunicipal.com.br\/agenda\/#\/schema\/person\/image\/","url":"https:\/\/secure.gravatar.com\/avatar\/ca2e4cb40c39e0d0bee2b480a0b1693f2920bad4758fd663c8d874d0051d7665?s=96&d=mm&r=g","contentUrl":"https:\/\/secure.gravatar.com\/avatar\/ca2e4cb40c39e0d0bee2b480a0b1693f2920bad4758fd663c8d874d0051d7665?s=96&d=mm&r=g","caption":"Lucas Silva"},"description":"\ud83d\udc49 Ol\u00e1, meu nome \u00e9 Lucas Silva, editor do portal CamarasMunicipal.com.br. Sou especializado em concursos p\u00fablicos, trazendo not\u00edcias atualizadas, editais e oportunidades em todo o Brasil.","sameAs":["https:\/\/www.camaramunicipal.com.br\/agenda\/"],"url":"https:\/\/www.camarasmunicipal.com.br\/agenda\/author\/encontra\/"}]}},"_links":{"self":[{"href":"https:\/\/www.camarasmunicipal.com.br\/agenda\/wp-json\/wp\/v2\/posts\/3882","targetHints":{"allow":["GET"]}}],"collection":[{"href":"https:\/\/www.camarasmunicipal.com.br\/agenda\/wp-json\/wp\/v2\/posts"}],"about":[{"href":"https:\/\/www.camarasmunicipal.com.br\/agenda\/wp-json\/wp\/v2\/types\/post"}],"author":[{"embeddable":true,"href":"https:\/\/www.camarasmunicipal.com.br\/agenda\/wp-json\/wp\/v2\/users\/1"}],"replies":[{"embeddable":true,"href":"https:\/\/www.camarasmunicipal.com.br\/agenda\/wp-json\/wp\/v2\/comments?post=3882"}],"version-history":[{"count":0,"href":"https:\/\/www.camarasmunicipal.com.br\/agenda\/wp-json\/wp\/v2\/posts\/3882\/revisions"}],"wp:featuredmedia":[{"embeddable":true,"href":"https:\/\/www.camarasmunicipal.com.br\/agenda\/wp-json\/wp\/v2\/media\/3881"}],"wp:attachment":[{"href":"https:\/\/www.camarasmunicipal.com.br\/agenda\/wp-json\/wp\/v2\/media?parent=3882"}],"wp:term":[{"taxonomy":"category","embeddable":true,"href":"https:\/\/www.camarasmunicipal.com.br\/agenda\/wp-json\/wp\/v2\/categories?post=3882"},{"taxonomy":"post_tag","embeddable":true,"href":"https:\/\/www.camarasmunicipal.com.br\/agenda\/wp-json\/wp\/v2\/tags?post=3882"}],"curies":[{"name":"wp","href":"https:\/\/api.w.org\/{rel}","templated":true}]}}