{"id":3879,"date":"2026-08-28T09:46:06","date_gmt":"2026-08-28T12:46:06","guid":{"rendered":"https:\/\/www.camarasmunicipal.com.br\/agenda\/concurso-previrio-e-previsto-para-2027-vagas-para-superior\/"},"modified":"2026-08-28T09:46:06","modified_gmt":"2026-08-28T12:46:06","slug":"concurso-previrio-e-previsto-para-2027-vagas-para-superior","status":"publish","type":"post","link":"https:\/\/www.camarasmunicipal.com.br\/agenda\/concurso-previrio-e-previsto-para-2027-vagas-para-superior\/","title":{"rendered":"Concurso PreviRio \u00e9 previsto para 2027; vagas para superior!"},"content":{"rendered":"<h2>O que \u00e9 o Concurso PreviRio?<\/h2>\n<p>O Concurso PreviRio \u00e9 uma iniciativa que visa a sele\u00e7\u00e3o de novos profissionais para o Instituto de Previd\u00eancia e Assist\u00eancia do Munic\u00edpio do Rio de Janeiro (PREVI-RIO), autarquia respons\u00e1vel pela gest\u00e3o previdenci\u00e1ria dos servidores municipais. A expectativa \u00e9 que novas vagas sejam abertas em 2027, promovendo a moderniza\u00e7\u00e3o e o fortalecimento da equipe da institui\u00e7\u00e3o.<\/p>\n<h2>Expectativas para o Concurso em 2027<\/h2>\n<p>O concurso aguardado para 2027 tem gerado grande expectativa entre os concurseiros. Essa expectativa se baseia na confirma\u00e7\u00e3o de um novo certame durante a aprova\u00e7\u00e3o da Lei Or\u00e7ament\u00e1ria Anual (LOA) para o mesmo ano, onde foi explicitamente mencionada a necessidade de suprir cargos vagos de n\u00edvel superior na autarquia.<\/p>\n<h2>Vagas e Cargos Dispon\u00edveis<\/h2>\n<p>Embora os detalhes espec\u00edficos sobre o n\u00famero de vagas e as especialidades dispon\u00edveis ainda n\u00e3o tenham sido divulgados, o or\u00e7amento controla essa reserva para garantir a realiza\u00e7\u00e3o do concurso. A expectativa \u00e9 que as vagas sejam destinadas a diversas \u00e1reas dentro da previd\u00eancia e assist\u00eancia, visando a aprimoramento do atendimento aos servidores.<\/p>\n<p><img decoding=\"async\" src=\"https:\/\/www.camarasmunicipal.com.br\/agenda\/content-wp\/uploads\/2026\/08\/concurso-previrio-e-previsto-para-2027-vagas-para-superior.webp\" alt=\"Concurso PreviRio 2027\" loading=\"lazy\" \/><\/p>\n<h2>Como se Preparar para o Concurso PreviRio<\/h2>\n<p>Preparar-se para o concurso PreviRio \u00e9 essencial para garantir uma boa coloca\u00e7\u00e3o. Os candidatos devem:<\/p>\n<ul>\n<li><strong>Estudar o Edital:<\/strong> Ficar atento ao edital \u00e9 fundamental para conhecer o conte\u00fado program\u00e1tico e as exig\u00eancias do concurso.<\/li>\n<li><strong>Praticar com Quest\u00f5es Anteriores:<\/strong> Resolver quest\u00f5es de concursos passados pode ajudar a entender o estilo da prova e as mat\u00e9rias mais cobradas.<\/li>\n<li><strong>Montar um Cronograma de Estudos:<\/strong> Organizar o tempo de estudo \u00e9 importante para abranger todo o conte\u00fado necess\u00e1rio antes da prova.<\/li>\n<\/ul>\n<h2>Import\u00e2ncia do N\u00edvel Superior nas Vagas<\/h2>\n<p>A inclus\u00e3o de vagas para cargos de n\u00edvel superior no concurso PreviRio reflete a crescente demanda por profissionais qualificados na administra\u00e7\u00e3o p\u00fablica. Os candidatos que possuem forma\u00e7\u00e3o superior t\u00eam mais oportunidades de contribuir com novos projetos e melhorias na gest\u00e3o do instituto, especialmente em \u00e1reas que exigem maior conhecimento t\u00e9cnico e estrat\u00e9gico.<\/p>\n<h2>Detalhes sobre o Or\u00e7amento para o Concurso<\/h2>\n<p>O or\u00e7amento para o PreviRio em 2027 foi estimado em aproximadamente R$ 127 milh\u00f5es. Essa quantia inclui a previs\u00e3o para o concurso e tamb\u00e9m para a sua manuten\u00e7\u00e3o operacional, assim como os reajustes que est\u00e3o previstos para os sal\u00e1rios, com um aumento de 5,16% programado para dezembro de 2027.<\/p>\n<h2>Reajustes Salariais Previstos<\/h2>\n<p>Al\u00e9m da realiza\u00e7\u00e3o do concurso, o or\u00e7amento aprovado pelo Conselho traz boas not\u00edcias para os servidores, com a defini\u00e7\u00e3o de um novo reajuste salarial. O aumento de 5,16% \u00e9 um passo importante para a valoriza\u00e7\u00e3o dos profissionais que atuam no PREVI-RIO.<\/p>\n<h2>Pr\u00f3ximos Passos Ap\u00f3s a Aprova\u00e7\u00e3o<\/h2>\n<p>Ap\u00f3s a aprova\u00e7\u00e3o da proposta da LOA, o pr\u00f3ximo passo ser\u00e1 a tramita\u00e7\u00e3o do projeto na C\u00e2mara Municipal do Rio de Janeiro. Nesse processo, os vereadores ter\u00e3o a oportunidade de fazer ajustes e altera\u00e7\u00f5es antes da san\u00e7\u00e3o final, o que \u00e9 comum em processos legislativos. Os concurseiros ter\u00e3o que acompanhar de perto essa etapa para se manter atualizados sobre quaisquer mudan\u00e7as.<\/p>\n<h2>Como Acompanhar as Novidades<\/h2>\n<p>Para aqueles interessados em participar do concurso PreviRio, \u00e9 fundamental acompanhar as atualiza\u00e7\u00f5es. Utilize os canais oficiais do PREVI-RIO, como o site e redes sociais, para n\u00e3o perder nenhuma informa\u00e7\u00e3o sobre a publica\u00e7\u00e3o do edital e demais novidades relacionadas ao concurso.<\/p>\n<h2>Dicas para o Sucesso em Concursos P\u00fablicos<\/h2>\n<p>Por fim, algumas dicas para se destacar nos concursos p\u00fablicos incluem:<\/p>\n<ul>\n<li><strong>Consist\u00eancia nos Estudos:<\/strong> Estudar regularmente e revisar o conte\u00fado \u00e9 crucial para a fixa\u00e7\u00e3o do conhecimento.<\/li>\n<li><strong>T\u00e9cnicas de Relaxamento:<\/strong> Praticar t\u00e9cnicas que ajudam a gerenciar a ansiedade na v\u00e9spera do exame pode fazer diferen\u00e7a.<\/li>\n<li><strong>Simulados:<\/strong> Fazer simulados com quest\u00f5es similares \u00e0s da prova ajuda a habituar-se ao formato e ao tempo de resposta exigido.<\/li>\n<\/ul>\n","protected":false},"excerpt":{"rendered":"<p>Concurso PreviRio 2027 promete vagas imperd\u00edveis para n\u00edvel superior.<\/p>\n","protected":false},"author":1,"featured_media":3878,"comment_status":"closed","ping_status":"","sticky":false,"template":"","format":"standard","meta":{"footnotes":""},"categories":[8],"tags":[],"class_list":["post-3879","post","type-post","status-publish","format-standard","has-post-thumbnail","hentry","category-concurso-publico","has_thumb"],"yoast_head":"<!-- This site is optimized with the Yoast SEO plugin v27.0 - https:\/\/yoast.com\/product\/yoast-seo-wordpress\/ -->\n<title>Concurso PreviRio \u00e9 previsto para 2027; vagas para superior! - C\u00e2maraMunicipal.com.br<\/title>\n<meta name=\"robots\" content=\"index, follow, max-snippet:-1, max-image-preview:large, max-video-preview:-1\" \/>\n<link rel=\"canonical\" href=\"https:\/\/www.camarasmunicipal.com.br\/agenda\/concurso-previrio-e-previsto-para-2027-vagas-para-superior\/\" \/>\n<meta property=\"og:locale\" content=\"pt_BR\" \/>\n<meta property=\"og:type\" content=\"article\" \/>\n<meta property=\"og:title\" content=\"Concurso PreviRio \u00e9 previsto para 2027; vagas para superior! - C\u00e2maraMunicipal.com.br\" \/>\n<meta property=\"og:description\" content=\"Concurso PreviRio 2027 promete vagas imperd\u00edveis para n\u00edvel superior.\" \/>\n<meta property=\"og:url\" content=\"https:\/\/www.camarasmunicipal.com.br\/agenda\/concurso-previrio-e-previsto-para-2027-vagas-para-superior\/\" \/>\n<meta property=\"og:site_name\" content=\"C\u00e2maraMunicipal.com.br\" \/>\n<meta property=\"article:published_time\" content=\"2026-08-28T12:46:06+00:00\" \/>\n<meta property=\"og:image\" content=\"https:\/\/www.camarasmunicipal.com.br\/agenda\/content-wp\/uploads\/2026\/08\/banner-concurso-10.webp\" \/>\n\t<meta property=\"og:image:width\" content=\"1\" \/>\n\t<meta property=\"og:image:height\" content=\"1\" \/>\n\t<meta property=\"og:image:type\" content=\"image\/webp\" \/>\n<meta name=\"author\" content=\"Lucas Silva\" \/>\n<meta name=\"twitter:card\" content=\"summary_large_image\" \/>\n<meta name=\"twitter:label1\" content=\"Escrito por\" \/>\n\t<meta name=\"twitter:data1\" content=\"Lucas Silva\" \/>\n\t<meta name=\"twitter:label2\" content=\"Est. tempo de leitura\" \/>\n\t<meta name=\"twitter:data2\" content=\"3 minutos\" \/>\n<script type=\"application\/ld+json\" class=\"yoast-schema-graph\">{\"@context\":\"https:\/\/schema.org\",\"@graph\":[{\"@type\":\"Article\",\"@id\":\"https:\/\/www.camarasmunicipal.com.br\/agenda\/concurso-previrio-e-previsto-para-2027-vagas-para-superior\/#article\",\"isPartOf\":{\"@id\":\"https:\/\/www.camarasmunicipal.com.br\/agenda\/concurso-previrio-e-previsto-para-2027-vagas-para-superior\/\"},\"author\":{\"name\":\"Lucas Silva\",\"@id\":\"https:\/\/www.camaramunicipal.com.br\/agenda\/#\/schema\/person\/b33233bc7bcf00f56cf13c5e8705b814\"},\"headline\":\"Concurso PreviRio \u00e9 previsto para 2027; vagas para superior!\",\"datePublished\":\"2026-08-28T12:46:06+00:00\",\"mainEntityOfPage\":{\"@id\":\"https:\/\/www.camarasmunicipal.com.br\/agenda\/concurso-previrio-e-previsto-para-2027-vagas-para-superior\/\"},\"wordCount\":669,\"image\":{\"@id\":\"https:\/\/www.camarasmunicipal.com.br\/agenda\/concurso-previrio-e-previsto-para-2027-vagas-para-superior\/#primaryimage\"},\"thumbnailUrl\":\"https:\/\/www.camarasmunicipal.com.br\/agenda\/content-wp\/uploads\/2026\/08\/concurso-previrio-e-previsto-para-2027-vagas-para-superior.webp\",\"articleSection\":[\"Concurso P\u00fablico\"],\"inLanguage\":\"pt-BR\"},{\"@type\":\"WebPage\",\"@id\":\"https:\/\/www.camarasmunicipal.com.br\/agenda\/concurso-previrio-e-previsto-para-2027-vagas-para-superior\/\",\"url\":\"https:\/\/www.camarasmunicipal.com.br\/agenda\/concurso-previrio-e-previsto-para-2027-vagas-para-superior\/\",\"name\":\"Concurso PreviRio \u00e9 previsto para 2027; vagas para superior! - C\u00e2maraMunicipal.com.br\",\"isPartOf\":{\"@id\":\"https:\/\/www.camaramunicipal.com.br\/agenda\/#website\"},\"primaryImageOfPage\":{\"@id\":\"https:\/\/www.camarasmunicipal.com.br\/agenda\/concurso-previrio-e-previsto-para-2027-vagas-para-superior\/#primaryimage\"},\"image\":{\"@id\":\"https:\/\/www.camarasmunicipal.com.br\/agenda\/concurso-previrio-e-previsto-para-2027-vagas-para-superior\/#primaryimage\"},\"thumbnailUrl\":\"https:\/\/www.camarasmunicipal.com.br\/agenda\/content-wp\/uploads\/2026\/08\/concurso-previrio-e-previsto-para-2027-vagas-para-superior.webp\",\"datePublished\":\"2026-08-28T12:46:06+00:00\",\"author\":{\"@id\":\"https:\/\/www.camaramunicipal.com.br\/agenda\/#\/schema\/person\/b33233bc7bcf00f56cf13c5e8705b814\"},\"breadcrumb\":{\"@id\":\"https:\/\/www.camarasmunicipal.com.br\/agenda\/concurso-previrio-e-previsto-para-2027-vagas-para-superior\/#breadcrumb\"},\"inLanguage\":\"pt-BR\",\"potentialAction\":[{\"@type\":\"ReadAction\",\"target\":[\"https:\/\/www.camarasmunicipal.com.br\/agenda\/concurso-previrio-e-previsto-para-2027-vagas-para-superior\/\"]}]},{\"@type\":\"ImageObject\",\"inLanguage\":\"pt-BR\",\"@id\":\"https:\/\/www.camarasmunicipal.com.br\/agenda\/concurso-previrio-e-previsto-para-2027-vagas-para-superior\/#primaryimage\",\"url\":\"https:\/\/www.camarasmunicipal.com.br\/agenda\/content-wp\/uploads\/2026\/08\/concurso-previrio-e-previsto-para-2027-vagas-para-superior.webp\",\"contentUrl\":\"https:\/\/www.camarasmunicipal.com.br\/agenda\/content-wp\/uploads\/2026\/08\/concurso-previrio-e-previsto-para-2027-vagas-para-superior.webp\",\"width\":280,\"height\":280,\"caption\":\"Concurso PreviRio 2027\"},{\"@type\":\"BreadcrumbList\",\"@id\":\"https:\/\/www.camarasmunicipal.com.br\/agenda\/concurso-previrio-e-previsto-para-2027-vagas-para-superior\/#breadcrumb\",\"itemListElement\":[{\"@type\":\"ListItem\",\"position\":1,\"name\":\"In\u00edcio\",\"item\":\"https:\/\/www.camaramunicipal.com.br\/agenda\/\"},{\"@type\":\"ListItem\",\"position\":2,\"name\":\"Concurso PreviRio \u00e9 previsto para 2027; vagas para superior!\"}]},{\"@type\":\"WebSite\",\"@id\":\"https:\/\/www.camaramunicipal.com.br\/agenda\/#website\",\"url\":\"https:\/\/www.camaramunicipal.com.br\/agenda\/\",\"name\":\"C\u00e2maraMunicipal.com.br\",\"description\":\"C\u00e2mara Municipal\",\"potentialAction\":[{\"@type\":\"SearchAction\",\"target\":{\"@type\":\"EntryPoint\",\"urlTemplate\":\"https:\/\/www.camaramunicipal.com.br\/agenda\/?s={search_term_string}\"},\"query-input\":{\"@type\":\"PropertyValueSpecification\",\"valueRequired\":true,\"valueName\":\"search_term_string\"}}],\"inLanguage\":\"pt-BR\"},{\"@type\":\"Person\",\"@id\":\"https:\/\/www.camaramunicipal.com.br\/agenda\/#\/schema\/person\/b33233bc7bcf00f56cf13c5e8705b814\",\"name\":\"Lucas Silva\",\"image\":{\"@type\":\"ImageObject\",\"inLanguage\":\"pt-BR\",\"@id\":\"https:\/\/www.camaramunicipal.com.br\/agenda\/#\/schema\/person\/image\/\",\"url\":\"https:\/\/secure.gravatar.com\/avatar\/ca2e4cb40c39e0d0bee2b480a0b1693f2920bad4758fd663c8d874d0051d7665?s=96&d=mm&r=g\",\"contentUrl\":\"https:\/\/secure.gravatar.com\/avatar\/ca2e4cb40c39e0d0bee2b480a0b1693f2920bad4758fd663c8d874d0051d7665?s=96&d=mm&r=g\",\"caption\":\"Lucas Silva\"},\"description\":\"\ud83d\udc49 Ol\u00e1, meu nome \u00e9 Lucas Silva, editor do portal CamarasMunicipal.com.br. Sou especializado em concursos p\u00fablicos, trazendo not\u00edcias atualizadas, editais e oportunidades em todo o Brasil.\",\"sameAs\":[\"https:\/\/www.camaramunicipal.com.br\/agenda\/\"],\"url\":\"https:\/\/www.camarasmunicipal.com.br\/agenda\/author\/encontra\/\"}]}<\/script>\n<!-- \/ Yoast SEO plugin. -->","yoast_head_json":{"title":"Concurso PreviRio \u00e9 previsto para 2027; vagas para superior! - C\u00e2maraMunicipal.com.br","robots":{"index":"index","follow":"follow","max-snippet":"max-snippet:-1","max-image-preview":"max-image-preview:large","max-video-preview":"max-video-preview:-1"},"canonical":"https:\/\/www.camarasmunicipal.com.br\/agenda\/concurso-previrio-e-previsto-para-2027-vagas-para-superior\/","og_locale":"pt_BR","og_type":"article","og_title":"Concurso PreviRio \u00e9 previsto para 2027; vagas para superior! - C\u00e2maraMunicipal.com.br","og_description":"Concurso PreviRio 2027 promete vagas imperd\u00edveis para n\u00edvel superior.","og_url":"https:\/\/www.camarasmunicipal.com.br\/agenda\/concurso-previrio-e-previsto-para-2027-vagas-para-superior\/","og_site_name":"C\u00e2maraMunicipal.com.br","article_published_time":"2026-08-28T12:46:06+00:00","og_image":[{"url":"https:\/\/www.camarasmunicipal.com.br\/agenda\/content-wp\/uploads\/2026\/08\/banner-concurso-10.webp","width":1,"height":1,"type":"image\/webp"}],"author":"Lucas Silva","twitter_card":"summary_large_image","twitter_misc":{"Escrito por":"Lucas Silva","Est. tempo de leitura":"3 minutos"},"schema":{"@context":"https:\/\/schema.org","@graph":[{"@type":"Article","@id":"https:\/\/www.camarasmunicipal.com.br\/agenda\/concurso-previrio-e-previsto-para-2027-vagas-para-superior\/#article","isPartOf":{"@id":"https:\/\/www.camarasmunicipal.com.br\/agenda\/concurso-previrio-e-previsto-para-2027-vagas-para-superior\/"},"author":{"name":"Lucas Silva","@id":"https:\/\/www.camaramunicipal.com.br\/agenda\/#\/schema\/person\/b33233bc7bcf00f56cf13c5e8705b814"},"headline":"Concurso PreviRio \u00e9 previsto para 2027; vagas para superior!","datePublished":"2026-08-28T12:46:06+00:00","mainEntityOfPage":{"@id":"https:\/\/www.camarasmunicipal.com.br\/agenda\/concurso-previrio-e-previsto-para-2027-vagas-para-superior\/"},"wordCount":669,"image":{"@id":"https:\/\/www.camarasmunicipal.com.br\/agenda\/concurso-previrio-e-previsto-para-2027-vagas-para-superior\/#primaryimage"},"thumbnailUrl":"https:\/\/www.camarasmunicipal.com.br\/agenda\/content-wp\/uploads\/2026\/08\/concurso-previrio-e-previsto-para-2027-vagas-para-superior.webp","articleSection":["Concurso P\u00fablico"],"inLanguage":"pt-BR"},{"@type":"WebPage","@id":"https:\/\/www.camarasmunicipal.com.br\/agenda\/concurso-previrio-e-previsto-para-2027-vagas-para-superior\/","url":"https:\/\/www.camarasmunicipal.com.br\/agenda\/concurso-previrio-e-previsto-para-2027-vagas-para-superior\/","name":"Concurso PreviRio \u00e9 previsto para 2027; vagas para superior! - C\u00e2maraMunicipal.com.br","isPartOf":{"@id":"https:\/\/www.camaramunicipal.com.br\/agenda\/#website"},"primaryImageOfPage":{"@id":"https:\/\/www.camarasmunicipal.com.br\/agenda\/concurso-previrio-e-previsto-para-2027-vagas-para-superior\/#primaryimage"},"image":{"@id":"https:\/\/www.camarasmunicipal.com.br\/agenda\/concurso-previrio-e-previsto-para-2027-vagas-para-superior\/#primaryimage"},"thumbnailUrl":"https:\/\/www.camarasmunicipal.com.br\/agenda\/content-wp\/uploads\/2026\/08\/concurso-previrio-e-previsto-para-2027-vagas-para-superior.webp","datePublished":"2026-08-28T12:46:06+00:00","author":{"@id":"https:\/\/www.camaramunicipal.com.br\/agenda\/#\/schema\/person\/b33233bc7bcf00f56cf13c5e8705b814"},"breadcrumb":{"@id":"https:\/\/www.camarasmunicipal.com.br\/agenda\/concurso-previrio-e-previsto-para-2027-vagas-para-superior\/#breadcrumb"},"inLanguage":"pt-BR","potentialAction":[{"@type":"ReadAction","target":["https:\/\/www.camarasmunicipal.com.br\/agenda\/concurso-previrio-e-previsto-para-2027-vagas-para-superior\/"]}]},{"@type":"ImageObject","inLanguage":"pt-BR","@id":"https:\/\/www.camarasmunicipal.com.br\/agenda\/concurso-previrio-e-previsto-para-2027-vagas-para-superior\/#primaryimage","url":"https:\/\/www.camarasmunicipal.com.br\/agenda\/content-wp\/uploads\/2026\/08\/concurso-previrio-e-previsto-para-2027-vagas-para-superior.webp","contentUrl":"https:\/\/www.camarasmunicipal.com.br\/agenda\/content-wp\/uploads\/2026\/08\/concurso-previrio-e-previsto-para-2027-vagas-para-superior.webp","width":280,"height":280,"caption":"Concurso PreviRio 2027"},{"@type":"BreadcrumbList","@id":"https:\/\/www.camarasmunicipal.com.br\/agenda\/concurso-previrio-e-previsto-para-2027-vagas-para-superior\/#breadcrumb","itemListElement":[{"@type":"ListItem","position":1,"name":"In\u00edcio","item":"https:\/\/www.camaramunicipal.com.br\/agenda\/"},{"@type":"ListItem","position":2,"name":"Concurso PreviRio \u00e9 previsto para 2027; vagas para superior!"}]},{"@type":"WebSite","@id":"https:\/\/www.camaramunicipal.com.br\/agenda\/#website","url":"https:\/\/www.camaramunicipal.com.br\/agenda\/","name":"C\u00e2maraMunicipal.com.br","description":"C\u00e2mara Municipal","potentialAction":[{"@type":"SearchAction","target":{"@type":"EntryPoint","urlTemplate":"https:\/\/www.camaramunicipal.com.br\/agenda\/?s={search_term_string}"},"query-input":{"@type":"PropertyValueSpecification","valueRequired":true,"valueName":"search_term_string"}}],"inLanguage":"pt-BR"},{"@type":"Person","@id":"https:\/\/www.camaramunicipal.com.br\/agenda\/#\/schema\/person\/b33233bc7bcf00f56cf13c5e8705b814","name":"Lucas Silva","image":{"@type":"ImageObject","inLanguage":"pt-BR","@id":"https:\/\/www.camaramunicipal.com.br\/agenda\/#\/schema\/person\/image\/","url":"https:\/\/secure.gravatar.com\/avatar\/ca2e4cb40c39e0d0bee2b480a0b1693f2920bad4758fd663c8d874d0051d7665?s=96&d=mm&r=g","contentUrl":"https:\/\/secure.gravatar.com\/avatar\/ca2e4cb40c39e0d0bee2b480a0b1693f2920bad4758fd663c8d874d0051d7665?s=96&d=mm&r=g","caption":"Lucas Silva"},"description":"\ud83d\udc49 Ol\u00e1, meu nome \u00e9 Lucas Silva, editor do portal CamarasMunicipal.com.br. Sou especializado em concursos p\u00fablicos, trazendo not\u00edcias atualizadas, editais e oportunidades em todo o Brasil.","sameAs":["https:\/\/www.camaramunicipal.com.br\/agenda\/"],"url":"https:\/\/www.camarasmunicipal.com.br\/agenda\/author\/encontra\/"}]}},"_links":{"self":[{"href":"https:\/\/www.camarasmunicipal.com.br\/agenda\/wp-json\/wp\/v2\/posts\/3879","targetHints":{"allow":["GET"]}}],"collection":[{"href":"https:\/\/www.camarasmunicipal.com.br\/agenda\/wp-json\/wp\/v2\/posts"}],"about":[{"href":"https:\/\/www.camarasmunicipal.com.br\/agenda\/wp-json\/wp\/v2\/types\/post"}],"author":[{"embeddable":true,"href":"https:\/\/www.camarasmunicipal.com.br\/agenda\/wp-json\/wp\/v2\/users\/1"}],"replies":[{"embeddable":true,"href":"https:\/\/www.camarasmunicipal.com.br\/agenda\/wp-json\/wp\/v2\/comments?post=3879"}],"version-history":[{"count":0,"href":"https:\/\/www.camarasmunicipal.com.br\/agenda\/wp-json\/wp\/v2\/posts\/3879\/revisions"}],"wp:featuredmedia":[{"embeddable":true,"href":"https:\/\/www.camarasmunicipal.com.br\/agenda\/wp-json\/wp\/v2\/media\/3878"}],"wp:attachment":[{"href":"https:\/\/www.camarasmunicipal.com.br\/agenda\/wp-json\/wp\/v2\/media?parent=3879"}],"wp:term":[{"taxonomy":"category","embeddable":true,"href":"https:\/\/www.camarasmunicipal.com.br\/agenda\/wp-json\/wp\/v2\/categories?post=3879"},{"taxonomy":"post_tag","embeddable":true,"href":"https:\/\/www.camarasmunicipal.com.br\/agenda\/wp-json\/wp\/v2\/tags?post=3879"}],"curies":[{"name":"wp","href":"https:\/\/api.w.org\/{rel}","templated":true}]}}