{"id":3495,"date":"2026-07-27T17:38:59","date_gmt":"2026-07-27T20:38:59","guid":{"rendered":"https:\/\/www.camarasmunicipal.com.br\/agenda\/concurso-iss-curitiba-2026-edital-iminente-e-banca-contratada\/"},"modified":"2026-07-27T17:38:59","modified_gmt":"2026-07-27T20:38:59","slug":"concurso-iss-curitiba-2026-edital-iminente-e-banca-contratada","status":"publish","type":"post","link":"https:\/\/www.camarasmunicipal.com.br\/agenda\/concurso-iss-curitiba-2026-edital-iminente-e-banca-contratada\/","title":{"rendered":"Concurso ISS Curitiba 2026: edital iminente e banca contratada"},"content":{"rendered":"<h2>Concurso ISS Curitiba 2026<\/h2>\n<p>A <strong>Prefeitura de Curitiba<\/strong>, localizada no estado do Paran\u00e1, est\u00e1 se preparando para realizar um novo concurso p\u00fablico voltado para a \u00e1rea fiscal, especificamente para os cargos de Auditor Fiscal de Tributos Municipais.<\/p>\n<p>Recentemente, a <strong>Funda\u00e7\u00e3o FAFIPA<\/strong> foi oficialmente contratada para coordenar este processo seletivo, que promete abrir 10 vagas imediatas para aqueles que aspiram a uma carreira na administra\u00e7\u00e3o p\u00fablica.<\/p>\n<h2>Situa\u00e7\u00e3o Atual do Concurso<\/h2>\n<p>O novo concurso da Prefeitura Municipal de Curitiba est\u00e1 aguardando a publica\u00e7\u00e3o do edital, o qual deve trazer informa\u00e7\u00f5es detalhadas sobre o processo de sele\u00e7\u00e3o. O valor previsto para a taxa de inscri\u00e7\u00e3o \u00e9 de <strong>R$ 150,00<\/strong>, e a expectativa \u00e9 que cerca de 7.300 candidatos se inscrevam.<\/p>\n<p><img decoding=\"async\" src=\"https:\/\/www.camarasmunicipal.com.br\/agenda\/content-wp\/uploads\/2026\/07\/concurso-iss-curitiba-2026-edital-iminente-e-banca-contratada.webp\" alt=\"Concurso ISS Curitiba 2026\" loading=\"lazy\" \/><\/p>\n<table>\n<tr>\n<th>Tipo de Vaga<\/th>\n<th>Quantidade<\/th>\n<\/tr>\n<tr>\n<td>Ampla concorr\u00eancia<\/td>\n<td>8<\/td>\n<\/tr>\n<tr>\n<td>Pessoas com Defici\u00eancia (PcD)<\/td>\n<td>1<\/td>\n<\/tr>\n<tr>\n<td>Pessoas em situa\u00e7\u00f5es de vulnerabilidade (PPI)<\/td>\n<td>1<\/td>\n<\/tr>\n<tr>\n<td>Total<\/td>\n<td>10<\/td>\n<\/tr>\n<\/table>\n<h2>Etapas do Processo Seletivo<\/h2>\n<p>Para o concurso de Auditor Fiscal, as etapas previstas no processo seletivo incluem:<\/p>\n<ul>\n<li><strong>1\u00aa etapa:<\/strong> Prova Objetiva de Conhecimentos, com 40 quest\u00f5es de m\u00faltipla escolha, ponderadas em 80 pontos.<\/li>\n<li><strong>2\u00aa etapa:<\/strong> Prova de T\u00edtulos, de car\u00e1ter classificat\u00f3rio, com peso 20.<\/li>\n<\/ul>\n<h2>Carreira de Auditor Fiscal<\/h2>\n<p>Os Auditores Fiscais desempenham fun\u00e7\u00f5es na Secretaria Municipal de Planejamento, Finan\u00e7as e Or\u00e7amento (SMF), lidando com a constitui\u00e7\u00e3o do cr\u00e9dito tribut\u00e1rio, auditorias fiscais, e prestando servi\u00e7os de orienta\u00e7\u00e3o ao p\u00fablico sobre tributos municipais.<\/p>\n<h2>Atribui\u00e7\u00f5es do Cargo<\/h2>\n<p>As atribui\u00e7\u00f5es espec\u00edficas do cargo de Auditor Fiscal incluem, entre outras:<\/p>\n<ul>\n<li>Constituir e administrar cr\u00e9ditos tribut\u00e1rios;<\/li>\n<li>Elaborar laudos e pareceres em processos administrativos tribut\u00e1rios;<\/li>\n<li>Participar de estudos tribut\u00e1rios e socioecon\u00f4micos;<\/li>\n<li>Atender o p\u00fablico, esclarecendo d\u00favidas sobre tributos.<\/li>\n<\/ul>\n<h2>Requisitos para Candidatura<\/h2>\n<p>Para se candidatar ao cargo de Auditor Fiscal, \u00e9 necess\u00e1rio possuir forma\u00e7\u00e3o superior em \u00e1reas como:<\/p>\n<ul>\n<li>Jur\u00eddica;<\/li>\n<li>Contabilidade;<\/li>\n<li>Administra\u00e7\u00e3o;<\/li>\n<li>Economia e Finan\u00e7as;<\/li>\n<li>Tecnologia da Informa\u00e7\u00e3o.<\/li>\n<\/ul>\n<h2>Remunera\u00e7\u00e3o e Benef\u00edcios<\/h2>\n<p>A remunera\u00e7\u00e3o inicial para o cargo \u00e9 de <strong>R$ 16.815,41<\/strong>, a qual \u00e9 composta por:<\/p>\n<ul>\n<li>Vencimento b\u00e1sico de <strong>R$ 12.934,93<\/strong>;<\/li>\n<li>Gratifica\u00e7\u00e3o de responsabilidade t\u00e9cnica de 30%, totalizando <strong>R$ 3.880,48<\/strong>.<\/li>\n<\/ul>\n<p>Al\u00e9m da remunera\u00e7\u00e3o acima, o Auditor Fiscal pode tamb\u00e9m receber benef\u00edcios como:<\/p>\n<ul>\n<li>Gratifica\u00e7\u00e3o por tempo de servi\u00e7o;<\/li>\n<li>Gratifica\u00e7\u00e3o por desempenho em servi\u00e7os extraordin\u00e1rios;<\/li>\n<li>Gratifica\u00e7\u00e3o natalina.<\/li>\n<\/ul>\n<h2>Cargos Vagantes Dispon\u00edveis<\/h2>\n<p>Atualmente, existem 170 vagas previstas para o cargo de Auditor Fiscal, mas apenas 104 servidores est\u00e3o efetivamente em exerc\u00edcio, resultando em 66 cargos vagantes.<\/p>\n<h2>\u00daltimo Concurso Realizado<\/h2>\n<p>O \u00faltimo concurso para a \u00e1rea fiscal do ISS Curitiba ocorreu em 2019 e tamb\u00e9m disponibilizou 10 vagas.<\/p>\n<h2>Provas e Avalia\u00e7\u00f5es<\/h2>\n<p>Para o concurso anterior, as provas inclu\u00edram:<\/p>\n<ul>\n<li><strong>Prova Objetiva:<\/strong> Com 40 quest\u00f5es, abrangendo conhecimentos gerais e espec\u00edficos.<\/li>\n<li><strong>Prova de T\u00edtulos:<\/strong> Avaliando a forma\u00e7\u00e3o acad\u00eamica e experi\u00eancia profissional dos candidatos.<\/li>\n<li><strong>Avalia\u00e7\u00e3o Psicol\u00f3gica:<\/strong> Necess\u00e1ria para a habilita\u00e7\u00e3o dos candidatos ao cargo.<\/li>\n<\/ul>\n<h2>Como se Preparar para o Concurso<\/h2>\n<p>Para se preparar de forma eficaz para o concurso do ISS Curitiba, recomenda-se que os candidatos:<\/p>\n<ul>\n<li>Estudem as legisla\u00e7\u00f5es pertinentes ao cargo;<\/li>\n<li>Realizem simulados e exer\u00e7am quest\u00f5es de provas anteriores;<\/li>\n<li>Mantenham-se atualizados sobre a data da publica\u00e7\u00e3o do edital;<\/li>\n<li>Estejam atentos \u00e0s orienta\u00e7\u00f5es e publica\u00e7\u00f5es oficiais.<\/li>\n<\/ul>\n<p>Em suma, o concurso ISS Curitiba de 2026 promete ser uma excelente oportunidade para quem busca ingressar na carreira p\u00fablica e contribuir com a administra\u00e7\u00e3o municipal.<\/p>\n","protected":false},"excerpt":{"rendered":"<p>Descubra tudo sobre o Concurso ISS Curitiba 2026: edital e vagas confirmados para Auditor Fiscal!<\/p>\n","protected":false},"author":1,"featured_media":3494,"comment_status":"closed","ping_status":"","sticky":false,"template":"","format":"standard","meta":{"footnotes":""},"categories":[8],"tags":[],"class_list":["post-3495","post","type-post","status-publish","format-standard","has-post-thumbnail","hentry","category-concurso-publico","has_thumb"],"yoast_head":"<!-- This site is optimized with the Yoast SEO plugin v27.0 - https:\/\/yoast.com\/product\/yoast-seo-wordpress\/ -->\n<title>Concurso ISS Curitiba 2026: edital iminente e banca contratada - C\u00e2maraMunicipal.com.br<\/title>\n<meta name=\"robots\" content=\"index, follow, max-snippet:-1, max-image-preview:large, max-video-preview:-1\" \/>\n<link rel=\"canonical\" href=\"https:\/\/www.camarasmunicipal.com.br\/agenda\/concurso-iss-curitiba-2026-edital-iminente-e-banca-contratada\/\" \/>\n<meta property=\"og:locale\" content=\"pt_BR\" \/>\n<meta property=\"og:type\" content=\"article\" \/>\n<meta property=\"og:title\" content=\"Concurso ISS Curitiba 2026: edital iminente e banca contratada - C\u00e2maraMunicipal.com.br\" \/>\n<meta property=\"og:description\" content=\"Descubra tudo sobre o Concurso ISS Curitiba 2026: edital e vagas confirmados para Auditor Fiscal!\" \/>\n<meta property=\"og:url\" content=\"https:\/\/www.camarasmunicipal.com.br\/agenda\/concurso-iss-curitiba-2026-edital-iminente-e-banca-contratada\/\" \/>\n<meta property=\"og:site_name\" content=\"C\u00e2maraMunicipal.com.br\" \/>\n<meta property=\"article:published_time\" content=\"2026-07-27T20:38:59+00:00\" \/>\n<meta property=\"og:image\" content=\"https:\/\/www.camarasmunicipal.com.br\/agenda\/content-wp\/uploads\/2026\/07\/banner-concurso-8.webp\" \/>\n\t<meta property=\"og:image:width\" content=\"1\" \/>\n\t<meta property=\"og:image:height\" content=\"1\" \/>\n\t<meta property=\"og:image:type\" content=\"image\/webp\" \/>\n<meta name=\"author\" content=\"Lucas Silva\" \/>\n<meta name=\"twitter:card\" content=\"summary_large_image\" \/>\n<meta name=\"twitter:label1\" content=\"Escrito por\" \/>\n\t<meta name=\"twitter:data1\" content=\"Lucas Silva\" \/>\n\t<meta name=\"twitter:label2\" content=\"Est. tempo de leitura\" \/>\n\t<meta name=\"twitter:data2\" content=\"3 minutos\" \/>\n<script type=\"application\/ld+json\" class=\"yoast-schema-graph\">{\"@context\":\"https:\/\/schema.org\",\"@graph\":[{\"@type\":\"Article\",\"@id\":\"https:\/\/www.camarasmunicipal.com.br\/agenda\/concurso-iss-curitiba-2026-edital-iminente-e-banca-contratada\/#article\",\"isPartOf\":{\"@id\":\"https:\/\/www.camarasmunicipal.com.br\/agenda\/concurso-iss-curitiba-2026-edital-iminente-e-banca-contratada\/\"},\"author\":{\"name\":\"Lucas Silva\",\"@id\":\"https:\/\/www.camaramunicipal.com.br\/agenda\/#\/schema\/person\/b33233bc7bcf00f56cf13c5e8705b814\"},\"headline\":\"Concurso ISS Curitiba 2026: edital iminente e banca contratada\",\"datePublished\":\"2026-07-27T20:38:59+00:00\",\"mainEntityOfPage\":{\"@id\":\"https:\/\/www.camarasmunicipal.com.br\/agenda\/concurso-iss-curitiba-2026-edital-iminente-e-banca-contratada\/\"},\"wordCount\":573,\"image\":{\"@id\":\"https:\/\/www.camarasmunicipal.com.br\/agenda\/concurso-iss-curitiba-2026-edital-iminente-e-banca-contratada\/#primaryimage\"},\"thumbnailUrl\":\"https:\/\/www.camarasmunicipal.com.br\/agenda\/content-wp\/uploads\/2026\/07\/concurso-iss-curitiba-2026-edital-iminente-e-banca-contratada.webp\",\"articleSection\":[\"Concurso P\u00fablico\"],\"inLanguage\":\"pt-BR\"},{\"@type\":\"WebPage\",\"@id\":\"https:\/\/www.camarasmunicipal.com.br\/agenda\/concurso-iss-curitiba-2026-edital-iminente-e-banca-contratada\/\",\"url\":\"https:\/\/www.camarasmunicipal.com.br\/agenda\/concurso-iss-curitiba-2026-edital-iminente-e-banca-contratada\/\",\"name\":\"Concurso ISS Curitiba 2026: edital iminente e banca contratada - C\u00e2maraMunicipal.com.br\",\"isPartOf\":{\"@id\":\"https:\/\/www.camaramunicipal.com.br\/agenda\/#website\"},\"primaryImageOfPage\":{\"@id\":\"https:\/\/www.camarasmunicipal.com.br\/agenda\/concurso-iss-curitiba-2026-edital-iminente-e-banca-contratada\/#primaryimage\"},\"image\":{\"@id\":\"https:\/\/www.camarasmunicipal.com.br\/agenda\/concurso-iss-curitiba-2026-edital-iminente-e-banca-contratada\/#primaryimage\"},\"thumbnailUrl\":\"https:\/\/www.camarasmunicipal.com.br\/agenda\/content-wp\/uploads\/2026\/07\/concurso-iss-curitiba-2026-edital-iminente-e-banca-contratada.webp\",\"datePublished\":\"2026-07-27T20:38:59+00:00\",\"author\":{\"@id\":\"https:\/\/www.camaramunicipal.com.br\/agenda\/#\/schema\/person\/b33233bc7bcf00f56cf13c5e8705b814\"},\"breadcrumb\":{\"@id\":\"https:\/\/www.camarasmunicipal.com.br\/agenda\/concurso-iss-curitiba-2026-edital-iminente-e-banca-contratada\/#breadcrumb\"},\"inLanguage\":\"pt-BR\",\"potentialAction\":[{\"@type\":\"ReadAction\",\"target\":[\"https:\/\/www.camarasmunicipal.com.br\/agenda\/concurso-iss-curitiba-2026-edital-iminente-e-banca-contratada\/\"]}]},{\"@type\":\"ImageObject\",\"inLanguage\":\"pt-BR\",\"@id\":\"https:\/\/www.camarasmunicipal.com.br\/agenda\/concurso-iss-curitiba-2026-edital-iminente-e-banca-contratada\/#primaryimage\",\"url\":\"https:\/\/www.camarasmunicipal.com.br\/agenda\/content-wp\/uploads\/2026\/07\/concurso-iss-curitiba-2026-edital-iminente-e-banca-contratada.webp\",\"contentUrl\":\"https:\/\/www.camarasmunicipal.com.br\/agenda\/content-wp\/uploads\/2026\/07\/concurso-iss-curitiba-2026-edital-iminente-e-banca-contratada.webp\",\"width\":280,\"height\":280,\"caption\":\"Concurso ISS Curitiba 2026\"},{\"@type\":\"BreadcrumbList\",\"@id\":\"https:\/\/www.camarasmunicipal.com.br\/agenda\/concurso-iss-curitiba-2026-edital-iminente-e-banca-contratada\/#breadcrumb\",\"itemListElement\":[{\"@type\":\"ListItem\",\"position\":1,\"name\":\"In\u00edcio\",\"item\":\"https:\/\/www.camaramunicipal.com.br\/agenda\/\"},{\"@type\":\"ListItem\",\"position\":2,\"name\":\"Concurso ISS Curitiba 2026: edital iminente e banca contratada\"}]},{\"@type\":\"WebSite\",\"@id\":\"https:\/\/www.camaramunicipal.com.br\/agenda\/#website\",\"url\":\"https:\/\/www.camaramunicipal.com.br\/agenda\/\",\"name\":\"C\u00e2maraMunicipal.com.br\",\"description\":\"C\u00e2mara Municipal\",\"potentialAction\":[{\"@type\":\"SearchAction\",\"target\":{\"@type\":\"EntryPoint\",\"urlTemplate\":\"https:\/\/www.camaramunicipal.com.br\/agenda\/?s={search_term_string}\"},\"query-input\":{\"@type\":\"PropertyValueSpecification\",\"valueRequired\":true,\"valueName\":\"search_term_string\"}}],\"inLanguage\":\"pt-BR\"},{\"@type\":\"Person\",\"@id\":\"https:\/\/www.camaramunicipal.com.br\/agenda\/#\/schema\/person\/b33233bc7bcf00f56cf13c5e8705b814\",\"name\":\"Lucas Silva\",\"image\":{\"@type\":\"ImageObject\",\"inLanguage\":\"pt-BR\",\"@id\":\"https:\/\/www.camaramunicipal.com.br\/agenda\/#\/schema\/person\/image\/\",\"url\":\"https:\/\/secure.gravatar.com\/avatar\/ca2e4cb40c39e0d0bee2b480a0b1693f2920bad4758fd663c8d874d0051d7665?s=96&d=mm&r=g\",\"contentUrl\":\"https:\/\/secure.gravatar.com\/avatar\/ca2e4cb40c39e0d0bee2b480a0b1693f2920bad4758fd663c8d874d0051d7665?s=96&d=mm&r=g\",\"caption\":\"Lucas Silva\"},\"description\":\"\ud83d\udc49 Ol\u00e1, meu nome \u00e9 Lucas Silva, editor do portal CamarasMunicipal.com.br. Sou especializado em concursos p\u00fablicos, trazendo not\u00edcias atualizadas, editais e oportunidades em todo o Brasil.\",\"sameAs\":[\"https:\/\/www.camaramunicipal.com.br\/agenda\/\"],\"url\":\"https:\/\/www.camarasmunicipal.com.br\/agenda\/author\/encontra\/\"}]}<\/script>\n<!-- \/ Yoast SEO plugin. -->","yoast_head_json":{"title":"Concurso ISS Curitiba 2026: edital iminente e banca contratada - C\u00e2maraMunicipal.com.br","robots":{"index":"index","follow":"follow","max-snippet":"max-snippet:-1","max-image-preview":"max-image-preview:large","max-video-preview":"max-video-preview:-1"},"canonical":"https:\/\/www.camarasmunicipal.com.br\/agenda\/concurso-iss-curitiba-2026-edital-iminente-e-banca-contratada\/","og_locale":"pt_BR","og_type":"article","og_title":"Concurso ISS Curitiba 2026: edital iminente e banca contratada - C\u00e2maraMunicipal.com.br","og_description":"Descubra tudo sobre o Concurso ISS Curitiba 2026: edital e vagas confirmados para Auditor Fiscal!","og_url":"https:\/\/www.camarasmunicipal.com.br\/agenda\/concurso-iss-curitiba-2026-edital-iminente-e-banca-contratada\/","og_site_name":"C\u00e2maraMunicipal.com.br","article_published_time":"2026-07-27T20:38:59+00:00","og_image":[{"url":"https:\/\/www.camarasmunicipal.com.br\/agenda\/content-wp\/uploads\/2026\/07\/banner-concurso-8.webp","width":1,"height":1,"type":"image\/webp"}],"author":"Lucas Silva","twitter_card":"summary_large_image","twitter_misc":{"Escrito por":"Lucas Silva","Est. tempo de leitura":"3 minutos"},"schema":{"@context":"https:\/\/schema.org","@graph":[{"@type":"Article","@id":"https:\/\/www.camarasmunicipal.com.br\/agenda\/concurso-iss-curitiba-2026-edital-iminente-e-banca-contratada\/#article","isPartOf":{"@id":"https:\/\/www.camarasmunicipal.com.br\/agenda\/concurso-iss-curitiba-2026-edital-iminente-e-banca-contratada\/"},"author":{"name":"Lucas Silva","@id":"https:\/\/www.camaramunicipal.com.br\/agenda\/#\/schema\/person\/b33233bc7bcf00f56cf13c5e8705b814"},"headline":"Concurso ISS Curitiba 2026: edital iminente e banca contratada","datePublished":"2026-07-27T20:38:59+00:00","mainEntityOfPage":{"@id":"https:\/\/www.camarasmunicipal.com.br\/agenda\/concurso-iss-curitiba-2026-edital-iminente-e-banca-contratada\/"},"wordCount":573,"image":{"@id":"https:\/\/www.camarasmunicipal.com.br\/agenda\/concurso-iss-curitiba-2026-edital-iminente-e-banca-contratada\/#primaryimage"},"thumbnailUrl":"https:\/\/www.camarasmunicipal.com.br\/agenda\/content-wp\/uploads\/2026\/07\/concurso-iss-curitiba-2026-edital-iminente-e-banca-contratada.webp","articleSection":["Concurso P\u00fablico"],"inLanguage":"pt-BR"},{"@type":"WebPage","@id":"https:\/\/www.camarasmunicipal.com.br\/agenda\/concurso-iss-curitiba-2026-edital-iminente-e-banca-contratada\/","url":"https:\/\/www.camarasmunicipal.com.br\/agenda\/concurso-iss-curitiba-2026-edital-iminente-e-banca-contratada\/","name":"Concurso ISS Curitiba 2026: edital iminente e banca contratada - C\u00e2maraMunicipal.com.br","isPartOf":{"@id":"https:\/\/www.camaramunicipal.com.br\/agenda\/#website"},"primaryImageOfPage":{"@id":"https:\/\/www.camarasmunicipal.com.br\/agenda\/concurso-iss-curitiba-2026-edital-iminente-e-banca-contratada\/#primaryimage"},"image":{"@id":"https:\/\/www.camarasmunicipal.com.br\/agenda\/concurso-iss-curitiba-2026-edital-iminente-e-banca-contratada\/#primaryimage"},"thumbnailUrl":"https:\/\/www.camarasmunicipal.com.br\/agenda\/content-wp\/uploads\/2026\/07\/concurso-iss-curitiba-2026-edital-iminente-e-banca-contratada.webp","datePublished":"2026-07-27T20:38:59+00:00","author":{"@id":"https:\/\/www.camaramunicipal.com.br\/agenda\/#\/schema\/person\/b33233bc7bcf00f56cf13c5e8705b814"},"breadcrumb":{"@id":"https:\/\/www.camarasmunicipal.com.br\/agenda\/concurso-iss-curitiba-2026-edital-iminente-e-banca-contratada\/#breadcrumb"},"inLanguage":"pt-BR","potentialAction":[{"@type":"ReadAction","target":["https:\/\/www.camarasmunicipal.com.br\/agenda\/concurso-iss-curitiba-2026-edital-iminente-e-banca-contratada\/"]}]},{"@type":"ImageObject","inLanguage":"pt-BR","@id":"https:\/\/www.camarasmunicipal.com.br\/agenda\/concurso-iss-curitiba-2026-edital-iminente-e-banca-contratada\/#primaryimage","url":"https:\/\/www.camarasmunicipal.com.br\/agenda\/content-wp\/uploads\/2026\/07\/concurso-iss-curitiba-2026-edital-iminente-e-banca-contratada.webp","contentUrl":"https:\/\/www.camarasmunicipal.com.br\/agenda\/content-wp\/uploads\/2026\/07\/concurso-iss-curitiba-2026-edital-iminente-e-banca-contratada.webp","width":280,"height":280,"caption":"Concurso ISS Curitiba 2026"},{"@type":"BreadcrumbList","@id":"https:\/\/www.camarasmunicipal.com.br\/agenda\/concurso-iss-curitiba-2026-edital-iminente-e-banca-contratada\/#breadcrumb","itemListElement":[{"@type":"ListItem","position":1,"name":"In\u00edcio","item":"https:\/\/www.camaramunicipal.com.br\/agenda\/"},{"@type":"ListItem","position":2,"name":"Concurso ISS Curitiba 2026: edital iminente e banca contratada"}]},{"@type":"WebSite","@id":"https:\/\/www.camaramunicipal.com.br\/agenda\/#website","url":"https:\/\/www.camaramunicipal.com.br\/agenda\/","name":"C\u00e2maraMunicipal.com.br","description":"C\u00e2mara Municipal","potentialAction":[{"@type":"SearchAction","target":{"@type":"EntryPoint","urlTemplate":"https:\/\/www.camaramunicipal.com.br\/agenda\/?s={search_term_string}"},"query-input":{"@type":"PropertyValueSpecification","valueRequired":true,"valueName":"search_term_string"}}],"inLanguage":"pt-BR"},{"@type":"Person","@id":"https:\/\/www.camaramunicipal.com.br\/agenda\/#\/schema\/person\/b33233bc7bcf00f56cf13c5e8705b814","name":"Lucas Silva","image":{"@type":"ImageObject","inLanguage":"pt-BR","@id":"https:\/\/www.camaramunicipal.com.br\/agenda\/#\/schema\/person\/image\/","url":"https:\/\/secure.gravatar.com\/avatar\/ca2e4cb40c39e0d0bee2b480a0b1693f2920bad4758fd663c8d874d0051d7665?s=96&d=mm&r=g","contentUrl":"https:\/\/secure.gravatar.com\/avatar\/ca2e4cb40c39e0d0bee2b480a0b1693f2920bad4758fd663c8d874d0051d7665?s=96&d=mm&r=g","caption":"Lucas Silva"},"description":"\ud83d\udc49 Ol\u00e1, meu nome \u00e9 Lucas Silva, editor do portal CamarasMunicipal.com.br. Sou especializado em concursos p\u00fablicos, trazendo not\u00edcias atualizadas, editais e oportunidades em todo o Brasil.","sameAs":["https:\/\/www.camaramunicipal.com.br\/agenda\/"],"url":"https:\/\/www.camarasmunicipal.com.br\/agenda\/author\/encontra\/"}]}},"_links":{"self":[{"href":"https:\/\/www.camarasmunicipal.com.br\/agenda\/wp-json\/wp\/v2\/posts\/3495","targetHints":{"allow":["GET"]}}],"collection":[{"href":"https:\/\/www.camarasmunicipal.com.br\/agenda\/wp-json\/wp\/v2\/posts"}],"about":[{"href":"https:\/\/www.camarasmunicipal.com.br\/agenda\/wp-json\/wp\/v2\/types\/post"}],"author":[{"embeddable":true,"href":"https:\/\/www.camarasmunicipal.com.br\/agenda\/wp-json\/wp\/v2\/users\/1"}],"replies":[{"embeddable":true,"href":"https:\/\/www.camarasmunicipal.com.br\/agenda\/wp-json\/wp\/v2\/comments?post=3495"}],"version-history":[{"count":0,"href":"https:\/\/www.camarasmunicipal.com.br\/agenda\/wp-json\/wp\/v2\/posts\/3495\/revisions"}],"wp:featuredmedia":[{"embeddable":true,"href":"https:\/\/www.camarasmunicipal.com.br\/agenda\/wp-json\/wp\/v2\/media\/3494"}],"wp:attachment":[{"href":"https:\/\/www.camarasmunicipal.com.br\/agenda\/wp-json\/wp\/v2\/media?parent=3495"}],"wp:term":[{"taxonomy":"category","embeddable":true,"href":"https:\/\/www.camarasmunicipal.com.br\/agenda\/wp-json\/wp\/v2\/categories?post=3495"},{"taxonomy":"post_tag","embeddable":true,"href":"https:\/\/www.camarasmunicipal.com.br\/agenda\/wp-json\/wp\/v2\/tags?post=3495"}],"curies":[{"name":"wp","href":"https:\/\/api.w.org\/{rel}","templated":true}]}}