{"id":2781,"date":"2026-06-20T10:10:56","date_gmt":"2026-06-20T13:10:56","guid":{"rendered":"https:\/\/www.camarasmunicipal.com.br\/agenda\/edital-sesau-al-35-mil-vagas-para-tecnico-e-superior\/"},"modified":"2026-06-20T10:10:56","modified_gmt":"2026-06-20T13:10:56","slug":"edital-sesau-al-35-mil-vagas-para-tecnico-e-superior","status":"publish","type":"post","link":"https:\/\/www.camarasmunicipal.com.br\/agenda\/edital-sesau-al-35-mil-vagas-para-tecnico-e-superior\/","title":{"rendered":"Edital SESAU AL: 3,5 mil vagas para t\u00e9cnico e superior!"},"content":{"rendered":"<h2>O que \u00e9 o Edital SESAU AL?<\/h2>\n<p>O <strong>Edital SESAU AL<\/strong> refere-se ao concurso promovido pela <strong>Secretaria de Estado da Sa\u00fade de Alagoas<\/strong>, com o objetivo de preencher vagas dispon\u00edveis nas \u00e1reas de sa\u00fade para diversos n\u00edveis de escolaridade. As oportunidades abrangem tanto fun\u00e7\u00f5es t\u00e9cnicas quanto de n\u00edvel superior, focando em profissionais que desejam ingressar no setor p\u00fablico, especialmente na sa\u00fade estadual.<\/p>\n<h2>Vagas Dispon\u00edveis e Sal\u00e1rios<\/h2>\n<p>O concurso oferece um total de <strong>3.546 vagas<\/strong>, sendo <strong>*1.750 vagas imediatas<\/strong>* e <strong>*1.796 para cadastro de reserva<\/strong>*. As remunera\u00e7\u00f5es variam com base na fun\u00e7\u00e3o e na escolaridade, alcan\u00e7ando valores que v\u00e3o de <strong>R$ 2.050,55<\/strong> para fun\u00e7\u00f5es de n\u00edvel t\u00e9cnico at\u00e9 <strong>R$ 5.757,15<\/strong> para cargos de n\u00edvel superior, com a jornada de trabalho definida em 30 horas semanais para t\u00e9cnicos e 40 horas para especialistas.<\/p>\n<h2>Inscri\u00e7\u00f5es e Taxas<\/h2>\n<p>As inscri\u00e7\u00f5es para o concurso ser\u00e3o realizadas pela banca organizadora <strong>Cebraspe<\/strong>, de <strong>*20 de julho a 26 de agosto<\/strong>*. Os candidatos interessados devem estar atentos aos valores das taxas de inscri\u00e7\u00e3o, que variam entre <strong>R$ 120,00<\/strong> para cargos de n\u00edvel t\u00e9cnico e <strong>R$ 160,00<\/strong> para os de n\u00edvel superior. A isen\u00e7\u00e3o da taxa estar\u00e1 dispon\u00edvel entre os dias <strong>*20 e 31 de julho<\/strong>*.<\/p>\n<p><img decoding=\"async\" src=\"https:\/\/www.camarasmunicipal.com.br\/agenda\/content-wp\/uploads\/2026\/06\/edital-sesau-al-3-5-mil-vagas-para-tecnico-e-superior.webp\" alt=\"edital SESAU AL\" loading=\"lazy\" \/><\/p>\n<h2>Datas Importantes do Concurso<\/h2>\n<ul>\n<li><strong>In\u00edcio das Inscri\u00e7\u00f5es:<\/strong> 20 de julho<\/li>\n<li><strong>T\u00e9rmino das Inscri\u00e7\u00f5es:<\/strong> 26 de agosto<\/li>\n<li><strong>Isen\u00e7\u00e3o da Taxa:<\/strong> 20 a 31 de julho<\/li>\n<li><strong>Pagamento da Taxa:<\/strong> at\u00e9 28 de agosto<\/li>\n<li><strong>Data da Prova Objetiva:<\/strong> 1\u00ba de novembro<\/li>\n<\/ul>\n<h2>Cargos e Especialidades Ofertados<\/h2>\n<p>As vagas dispon\u00edveis est\u00e3o distribu\u00eddas entre cargos de Assistente em Sa\u00fade e Especialista em Sa\u00fade. Confira a distribui\u00e7\u00e3o das vagas:<\/p>\n<h3>N\u00edvel T\u00e9cnico \u2013 Assistente em Sa\u00fade<\/h3>\n<table>\n<tr>\n<th>Especialidade<\/th>\n<th>Vagas Imediatas<\/th>\n<th>Vagas CR<\/th>\n<\/tr>\n<tr>\n<td>Cargo 13: Enfermagem<\/td>\n<td>828<\/td>\n<td>828<\/td>\n<\/tr>\n<tr>\n<td>Cargo 14: Laborat\u00f3rio<\/td>\n<td>52<\/td>\n<td>52<\/td>\n<\/tr>\n<tr>\n<td>Cargo 15: Radiologia<\/td>\n<td>68<\/td>\n<td>68<\/td>\n<\/tr>\n<tr>\n<td><strong>Total<\/strong><\/td>\n<td><strong>948<\/strong><\/td>\n<td><strong>948<\/strong><\/td>\n<\/tr>\n<\/table>\n<h3>N\u00edvel Superior \u2013 Especialista em Sa\u00fade<\/h3>\n<table>\n<tr>\n<th>Especialidade<\/th>\n<th>Vagas Imediatas<\/th>\n<th>Vagas CR<\/th>\n<\/tr>\n<tr>\n<td>Cargo 1: Biologia<\/td>\n<td>5<\/td>\n<td>5<\/td>\n<\/tr>\n<tr>\n<td>Cargo 2: Biomedicina<\/td>\n<td>17<\/td>\n<td>26<\/td>\n<\/tr>\n<tr>\n<td>Cargo 3: Enfermagem<\/td>\n<td>407<\/td>\n<td>407<\/td>\n<\/tr>\n<tr>\n<td>Cargo 4: Farm\u00e1cia<\/td>\n<td>104<\/td>\n<td>104<\/td>\n<\/tr>\n<tr>\n<td>Cargo 5: Fisioterapia<\/td>\n<td>59<\/td>\n<td>59<\/td>\n<\/tr>\n<tr>\n<td>Cargo 6: Fonoaudiologia<\/td>\n<td>24<\/td>\n<td>32<\/td>\n<\/tr>\n<tr>\n<td>Cargo 7: Nutri\u00e7\u00e3o<\/td>\n<td>24<\/td>\n<td>28<\/td>\n<\/tr>\n<tr>\n<td>Cargo 8: Odontologia (Bucomaxilo)<\/td>\n<td>21<\/td>\n<td>26<\/td>\n<\/tr>\n<tr>\n<td>Cargo 9: Odontologia (Hospitalar)<\/td>\n<td>29<\/td>\n<td>37<\/td>\n<\/tr>\n<tr>\n<td>Cargo 10: Psicologia<\/td>\n<td>51<\/td>\n<td>51<\/td>\n<\/tr>\n<tr>\n<td>Cargo 11: Servi\u00e7o Social<\/td>\n<td>34<\/td>\n<td>39<\/td>\n<\/tr>\n<tr>\n<td>Cargo 12: Terapia Ocupacional<\/td>\n<td>27<\/td>\n<td>34<\/td>\n<\/tr>\n<tr>\n<td><strong>Total<\/strong><\/td>\n<td><strong>802<\/strong><\/td>\n<td><strong>848<\/strong><\/td>\n<\/tr>\n<\/table>\n<h2>Etapas do Processo Seletivo<\/h2>\n<p>O processo seletivo ser\u00e1 realizado em diferentes fases, abrangendo uma s\u00e9rie de avalia\u00e7\u00f5es que incluem:<\/p>\n<ul>\n<li><strong>Provas Objetivas:<\/strong> Eliminar\u00e1 e classificar\u00e1 candidatos para todos os cargos, e ter\u00e1 quest\u00f5es do tipo Certo ou Errado.<\/li>\n<li><strong>Provas Discursivas:<\/strong> Tamb\u00e9m de car\u00e1ter eliminat\u00f3rio e classificat\u00f3rio, exigindo a elabora\u00e7\u00e3o de um texto dissertativo no mesmo dia das provas objetivas.<\/li>\n<li><strong>Avalia\u00e7\u00e3o de T\u00edtulos:<\/strong> Exclusiva para candidatos aos cargos de Especialista em Sa\u00fade, com pontua\u00e7\u00e3o por diplomas e experi\u00eancias relevantes.<\/li>\n<\/ul>\n<h2>Como se Preparar para a Prova<\/h2>\n<p>A prepara\u00e7\u00e3o para o concurso deve ser abrangente. \u00c9 recomend\u00e1vel adotar um estudo focado que inclua:<\/p>\n<ul>\n<li><strong>Material de Estudo:<\/strong> Utilize apostilas espec\u00edficas e cursos voltados para a \u00e1rea de sa\u00fade.<\/li>\n<li><strong>Simulados:<\/strong> Pratique com provas anteriores e simulados oferecidos pela banca organizadora.<\/li>\n<li><strong>Planejamento:<\/strong> Monte um cronograma de estudos adequado ao seu dia a dia.<\/li>\n<li><strong>Grupos de Estudo:<\/strong> Participar de grupos pode enriquecer seu aprendizado e permitir trocar experi\u00eancias com outros candidatos.<\/li>\n<\/ul>\n<h2>Avalia\u00e7\u00e3o de T\u00edtulos para Especialistas<\/h2>\n<p>Para os candidatos a vagas de Especialista em Sa\u00fade, a avalia\u00e7\u00e3o de t\u00edtulos \u00e9 uma etapa importante que pontua:<\/p>\n<ul>\n<li>Doutorados<\/li>\n<li>Mestrados<\/li>\n<li>Especializa\u00e7\u00f5es na \u00e1rea<\/li>\n<li>Profici\u00eancia em Libras<\/li>\n<li>Experi\u00eancia profissional comprovada<\/li>\n<\/ul>\n<h2>Dicas para a Prova Objetiva<\/h2>\n<p>Para ter sucesso na prova objetiva, considere as seguintes dicas:<\/p>\n<ul>\n<li><strong>Leia Atentamente:<\/strong> Sempre leia as quest\u00f5es com calma e cautela para n\u00e3o cometer erros por impulsividade.<\/li>\n<li><strong>Gerencie o Tempo:<\/strong> Tenha um cronograma para resolver as quest\u00f5es para que consiga completar a prova a tempo.<\/li>\n<li><strong>Estudo das Mat\u00e9rias:<\/strong> D\u00ea aten\u00e7\u00e3o especial \u00e0s mat\u00e9rias que tem mais incid\u00eancia nas provas anteriores.<\/li>\n<\/ul>\n<h2>Import\u00e2ncia da Prepara\u00e7\u00e3o para o Sucesso<\/h2>\n<p>A prepara\u00e7\u00e3o adequada \u00e9 essencial para garantir o sucesso no concurso, pois proporciona confian\u00e7a e conhecimento ao candidato, permitindo que ele se destaque nas avalia\u00e7\u00f5es e alcance seus objetivos no setor p\u00fablico.<\/p>\n","protected":false},"excerpt":{"rendered":"<p>Edital SESAU AL oferece 3,5 mil vagas para t\u00e9cnico e superior na sa\u00fade.<\/p>\n","protected":false},"author":1,"featured_media":2780,"comment_status":"closed","ping_status":"","sticky":false,"template":"","format":"standard","meta":{"footnotes":""},"categories":[8],"tags":[],"class_list":["post-2781","post","type-post","status-publish","format-standard","has-post-thumbnail","hentry","category-concurso-publico","has_thumb"],"yoast_head":"<!-- This site is optimized with the Yoast SEO plugin v27.0 - https:\/\/yoast.com\/product\/yoast-seo-wordpress\/ -->\n<title>Edital SESAU AL: 3,5 mil vagas para t\u00e9cnico e superior! - C\u00e2maraMunicipal.com.br<\/title>\n<meta name=\"robots\" content=\"index, follow, max-snippet:-1, max-image-preview:large, max-video-preview:-1\" \/>\n<link rel=\"canonical\" href=\"https:\/\/www.camarasmunicipal.com.br\/agenda\/edital-sesau-al-35-mil-vagas-para-tecnico-e-superior\/\" \/>\n<meta property=\"og:locale\" content=\"pt_BR\" \/>\n<meta property=\"og:type\" content=\"article\" \/>\n<meta property=\"og:title\" content=\"Edital SESAU AL: 3,5 mil vagas para t\u00e9cnico e superior! - C\u00e2maraMunicipal.com.br\" \/>\n<meta property=\"og:description\" content=\"Edital SESAU AL oferece 3,5 mil vagas para t\u00e9cnico e superior na sa\u00fade.\" \/>\n<meta property=\"og:url\" content=\"https:\/\/www.camarasmunicipal.com.br\/agenda\/edital-sesau-al-35-mil-vagas-para-tecnico-e-superior\/\" \/>\n<meta property=\"og:site_name\" content=\"C\u00e2maraMunicipal.com.br\" \/>\n<meta property=\"article:published_time\" content=\"2026-06-20T13:10:56+00:00\" \/>\n<meta property=\"og:image\" content=\"https:\/\/www.camarasmunicipal.com.br\/agenda\/content-wp\/uploads\/2026\/06\/banner-concurso-3.webp\" \/>\n\t<meta property=\"og:image:width\" content=\"1\" \/>\n\t<meta property=\"og:image:height\" content=\"1\" \/>\n\t<meta property=\"og:image:type\" content=\"image\/webp\" \/>\n<meta name=\"author\" content=\"Lucas Silva\" \/>\n<meta name=\"twitter:card\" content=\"summary_large_image\" \/>\n<meta name=\"twitter:label1\" content=\"Escrito por\" \/>\n\t<meta name=\"twitter:data1\" content=\"Lucas Silva\" \/>\n\t<meta name=\"twitter:label2\" content=\"Est. tempo de leitura\" \/>\n\t<meta name=\"twitter:data2\" content=\"3 minutos\" \/>\n<script type=\"application\/ld+json\" class=\"yoast-schema-graph\">{\"@context\":\"https:\/\/schema.org\",\"@graph\":[{\"@type\":\"Article\",\"@id\":\"https:\/\/www.camarasmunicipal.com.br\/agenda\/edital-sesau-al-35-mil-vagas-para-tecnico-e-superior\/#article\",\"isPartOf\":{\"@id\":\"https:\/\/www.camarasmunicipal.com.br\/agenda\/edital-sesau-al-35-mil-vagas-para-tecnico-e-superior\/\"},\"author\":{\"name\":\"Lucas Silva\",\"@id\":\"https:\/\/www.camaramunicipal.com.br\/agenda\/#\/schema\/person\/b33233bc7bcf00f56cf13c5e8705b814\"},\"headline\":\"Edital SESAU AL: 3,5 mil vagas para t\u00e9cnico e superior!\",\"datePublished\":\"2026-06-20T13:10:56+00:00\",\"mainEntityOfPage\":{\"@id\":\"https:\/\/www.camarasmunicipal.com.br\/agenda\/edital-sesau-al-35-mil-vagas-para-tecnico-e-superior\/\"},\"wordCount\":680,\"image\":{\"@id\":\"https:\/\/www.camarasmunicipal.com.br\/agenda\/edital-sesau-al-35-mil-vagas-para-tecnico-e-superior\/#primaryimage\"},\"thumbnailUrl\":\"https:\/\/www.camarasmunicipal.com.br\/agenda\/content-wp\/uploads\/2026\/06\/edital-sesau-al-3-5-mil-vagas-para-tecnico-e-superior.webp\",\"articleSection\":[\"Concurso P\u00fablico\"],\"inLanguage\":\"pt-BR\"},{\"@type\":\"WebPage\",\"@id\":\"https:\/\/www.camarasmunicipal.com.br\/agenda\/edital-sesau-al-35-mil-vagas-para-tecnico-e-superior\/\",\"url\":\"https:\/\/www.camarasmunicipal.com.br\/agenda\/edital-sesau-al-35-mil-vagas-para-tecnico-e-superior\/\",\"name\":\"Edital SESAU AL: 3,5 mil vagas para t\u00e9cnico e superior! - C\u00e2maraMunicipal.com.br\",\"isPartOf\":{\"@id\":\"https:\/\/www.camaramunicipal.com.br\/agenda\/#website\"},\"primaryImageOfPage\":{\"@id\":\"https:\/\/www.camarasmunicipal.com.br\/agenda\/edital-sesau-al-35-mil-vagas-para-tecnico-e-superior\/#primaryimage\"},\"image\":{\"@id\":\"https:\/\/www.camarasmunicipal.com.br\/agenda\/edital-sesau-al-35-mil-vagas-para-tecnico-e-superior\/#primaryimage\"},\"thumbnailUrl\":\"https:\/\/www.camarasmunicipal.com.br\/agenda\/content-wp\/uploads\/2026\/06\/edital-sesau-al-3-5-mil-vagas-para-tecnico-e-superior.webp\",\"datePublished\":\"2026-06-20T13:10:56+00:00\",\"author\":{\"@id\":\"https:\/\/www.camaramunicipal.com.br\/agenda\/#\/schema\/person\/b33233bc7bcf00f56cf13c5e8705b814\"},\"breadcrumb\":{\"@id\":\"https:\/\/www.camarasmunicipal.com.br\/agenda\/edital-sesau-al-35-mil-vagas-para-tecnico-e-superior\/#breadcrumb\"},\"inLanguage\":\"pt-BR\",\"potentialAction\":[{\"@type\":\"ReadAction\",\"target\":[\"https:\/\/www.camarasmunicipal.com.br\/agenda\/edital-sesau-al-35-mil-vagas-para-tecnico-e-superior\/\"]}]},{\"@type\":\"ImageObject\",\"inLanguage\":\"pt-BR\",\"@id\":\"https:\/\/www.camarasmunicipal.com.br\/agenda\/edital-sesau-al-35-mil-vagas-para-tecnico-e-superior\/#primaryimage\",\"url\":\"https:\/\/www.camarasmunicipal.com.br\/agenda\/content-wp\/uploads\/2026\/06\/edital-sesau-al-3-5-mil-vagas-para-tecnico-e-superior.webp\",\"contentUrl\":\"https:\/\/www.camarasmunicipal.com.br\/agenda\/content-wp\/uploads\/2026\/06\/edital-sesau-al-3-5-mil-vagas-para-tecnico-e-superior.webp\",\"width\":280,\"height\":280,\"caption\":\"edital SESAU AL\"},{\"@type\":\"BreadcrumbList\",\"@id\":\"https:\/\/www.camarasmunicipal.com.br\/agenda\/edital-sesau-al-35-mil-vagas-para-tecnico-e-superior\/#breadcrumb\",\"itemListElement\":[{\"@type\":\"ListItem\",\"position\":1,\"name\":\"In\u00edcio\",\"item\":\"https:\/\/www.camaramunicipal.com.br\/agenda\/\"},{\"@type\":\"ListItem\",\"position\":2,\"name\":\"Edital SESAU AL: 3,5 mil vagas para t\u00e9cnico e superior!\"}]},{\"@type\":\"WebSite\",\"@id\":\"https:\/\/www.camaramunicipal.com.br\/agenda\/#website\",\"url\":\"https:\/\/www.camaramunicipal.com.br\/agenda\/\",\"name\":\"C\u00e2maraMunicipal.com.br\",\"description\":\"C\u00e2mara Municipal\",\"potentialAction\":[{\"@type\":\"SearchAction\",\"target\":{\"@type\":\"EntryPoint\",\"urlTemplate\":\"https:\/\/www.camaramunicipal.com.br\/agenda\/?s={search_term_string}\"},\"query-input\":{\"@type\":\"PropertyValueSpecification\",\"valueRequired\":true,\"valueName\":\"search_term_string\"}}],\"inLanguage\":\"pt-BR\"},{\"@type\":\"Person\",\"@id\":\"https:\/\/www.camaramunicipal.com.br\/agenda\/#\/schema\/person\/b33233bc7bcf00f56cf13c5e8705b814\",\"name\":\"Lucas Silva\",\"image\":{\"@type\":\"ImageObject\",\"inLanguage\":\"pt-BR\",\"@id\":\"https:\/\/www.camaramunicipal.com.br\/agenda\/#\/schema\/person\/image\/\",\"url\":\"https:\/\/secure.gravatar.com\/avatar\/ca2e4cb40c39e0d0bee2b480a0b1693f2920bad4758fd663c8d874d0051d7665?s=96&d=mm&r=g\",\"contentUrl\":\"https:\/\/secure.gravatar.com\/avatar\/ca2e4cb40c39e0d0bee2b480a0b1693f2920bad4758fd663c8d874d0051d7665?s=96&d=mm&r=g\",\"caption\":\"Lucas Silva\"},\"description\":\"\ud83d\udc49 Ol\u00e1, meu nome \u00e9 Lucas Silva, editor do portal CamarasMunicipal.com.br. Sou especializado em concursos p\u00fablicos, trazendo not\u00edcias atualizadas, editais e oportunidades em todo o Brasil.\",\"sameAs\":[\"https:\/\/www.camaramunicipal.com.br\/agenda\/\"],\"url\":\"https:\/\/www.camarasmunicipal.com.br\/agenda\/author\/encontra\/\"}]}<\/script>\n<!-- \/ Yoast SEO plugin. -->","yoast_head_json":{"title":"Edital SESAU AL: 3,5 mil vagas para t\u00e9cnico e superior! - C\u00e2maraMunicipal.com.br","robots":{"index":"index","follow":"follow","max-snippet":"max-snippet:-1","max-image-preview":"max-image-preview:large","max-video-preview":"max-video-preview:-1"},"canonical":"https:\/\/www.camarasmunicipal.com.br\/agenda\/edital-sesau-al-35-mil-vagas-para-tecnico-e-superior\/","og_locale":"pt_BR","og_type":"article","og_title":"Edital SESAU AL: 3,5 mil vagas para t\u00e9cnico e superior! - C\u00e2maraMunicipal.com.br","og_description":"Edital SESAU AL oferece 3,5 mil vagas para t\u00e9cnico e superior na sa\u00fade.","og_url":"https:\/\/www.camarasmunicipal.com.br\/agenda\/edital-sesau-al-35-mil-vagas-para-tecnico-e-superior\/","og_site_name":"C\u00e2maraMunicipal.com.br","article_published_time":"2026-06-20T13:10:56+00:00","og_image":[{"url":"https:\/\/www.camarasmunicipal.com.br\/agenda\/content-wp\/uploads\/2026\/06\/banner-concurso-3.webp","width":1,"height":1,"type":"image\/webp"}],"author":"Lucas Silva","twitter_card":"summary_large_image","twitter_misc":{"Escrito por":"Lucas Silva","Est. tempo de leitura":"3 minutos"},"schema":{"@context":"https:\/\/schema.org","@graph":[{"@type":"Article","@id":"https:\/\/www.camarasmunicipal.com.br\/agenda\/edital-sesau-al-35-mil-vagas-para-tecnico-e-superior\/#article","isPartOf":{"@id":"https:\/\/www.camarasmunicipal.com.br\/agenda\/edital-sesau-al-35-mil-vagas-para-tecnico-e-superior\/"},"author":{"name":"Lucas Silva","@id":"https:\/\/www.camaramunicipal.com.br\/agenda\/#\/schema\/person\/b33233bc7bcf00f56cf13c5e8705b814"},"headline":"Edital SESAU AL: 3,5 mil vagas para t\u00e9cnico e superior!","datePublished":"2026-06-20T13:10:56+00:00","mainEntityOfPage":{"@id":"https:\/\/www.camarasmunicipal.com.br\/agenda\/edital-sesau-al-35-mil-vagas-para-tecnico-e-superior\/"},"wordCount":680,"image":{"@id":"https:\/\/www.camarasmunicipal.com.br\/agenda\/edital-sesau-al-35-mil-vagas-para-tecnico-e-superior\/#primaryimage"},"thumbnailUrl":"https:\/\/www.camarasmunicipal.com.br\/agenda\/content-wp\/uploads\/2026\/06\/edital-sesau-al-3-5-mil-vagas-para-tecnico-e-superior.webp","articleSection":["Concurso P\u00fablico"],"inLanguage":"pt-BR"},{"@type":"WebPage","@id":"https:\/\/www.camarasmunicipal.com.br\/agenda\/edital-sesau-al-35-mil-vagas-para-tecnico-e-superior\/","url":"https:\/\/www.camarasmunicipal.com.br\/agenda\/edital-sesau-al-35-mil-vagas-para-tecnico-e-superior\/","name":"Edital SESAU AL: 3,5 mil vagas para t\u00e9cnico e superior! - C\u00e2maraMunicipal.com.br","isPartOf":{"@id":"https:\/\/www.camaramunicipal.com.br\/agenda\/#website"},"primaryImageOfPage":{"@id":"https:\/\/www.camarasmunicipal.com.br\/agenda\/edital-sesau-al-35-mil-vagas-para-tecnico-e-superior\/#primaryimage"},"image":{"@id":"https:\/\/www.camarasmunicipal.com.br\/agenda\/edital-sesau-al-35-mil-vagas-para-tecnico-e-superior\/#primaryimage"},"thumbnailUrl":"https:\/\/www.camarasmunicipal.com.br\/agenda\/content-wp\/uploads\/2026\/06\/edital-sesau-al-3-5-mil-vagas-para-tecnico-e-superior.webp","datePublished":"2026-06-20T13:10:56+00:00","author":{"@id":"https:\/\/www.camaramunicipal.com.br\/agenda\/#\/schema\/person\/b33233bc7bcf00f56cf13c5e8705b814"},"breadcrumb":{"@id":"https:\/\/www.camarasmunicipal.com.br\/agenda\/edital-sesau-al-35-mil-vagas-para-tecnico-e-superior\/#breadcrumb"},"inLanguage":"pt-BR","potentialAction":[{"@type":"ReadAction","target":["https:\/\/www.camarasmunicipal.com.br\/agenda\/edital-sesau-al-35-mil-vagas-para-tecnico-e-superior\/"]}]},{"@type":"ImageObject","inLanguage":"pt-BR","@id":"https:\/\/www.camarasmunicipal.com.br\/agenda\/edital-sesau-al-35-mil-vagas-para-tecnico-e-superior\/#primaryimage","url":"https:\/\/www.camarasmunicipal.com.br\/agenda\/content-wp\/uploads\/2026\/06\/edital-sesau-al-3-5-mil-vagas-para-tecnico-e-superior.webp","contentUrl":"https:\/\/www.camarasmunicipal.com.br\/agenda\/content-wp\/uploads\/2026\/06\/edital-sesau-al-3-5-mil-vagas-para-tecnico-e-superior.webp","width":280,"height":280,"caption":"edital SESAU AL"},{"@type":"BreadcrumbList","@id":"https:\/\/www.camarasmunicipal.com.br\/agenda\/edital-sesau-al-35-mil-vagas-para-tecnico-e-superior\/#breadcrumb","itemListElement":[{"@type":"ListItem","position":1,"name":"In\u00edcio","item":"https:\/\/www.camaramunicipal.com.br\/agenda\/"},{"@type":"ListItem","position":2,"name":"Edital SESAU AL: 3,5 mil vagas para t\u00e9cnico e superior!"}]},{"@type":"WebSite","@id":"https:\/\/www.camaramunicipal.com.br\/agenda\/#website","url":"https:\/\/www.camaramunicipal.com.br\/agenda\/","name":"C\u00e2maraMunicipal.com.br","description":"C\u00e2mara Municipal","potentialAction":[{"@type":"SearchAction","target":{"@type":"EntryPoint","urlTemplate":"https:\/\/www.camaramunicipal.com.br\/agenda\/?s={search_term_string}"},"query-input":{"@type":"PropertyValueSpecification","valueRequired":true,"valueName":"search_term_string"}}],"inLanguage":"pt-BR"},{"@type":"Person","@id":"https:\/\/www.camaramunicipal.com.br\/agenda\/#\/schema\/person\/b33233bc7bcf00f56cf13c5e8705b814","name":"Lucas Silva","image":{"@type":"ImageObject","inLanguage":"pt-BR","@id":"https:\/\/www.camaramunicipal.com.br\/agenda\/#\/schema\/person\/image\/","url":"https:\/\/secure.gravatar.com\/avatar\/ca2e4cb40c39e0d0bee2b480a0b1693f2920bad4758fd663c8d874d0051d7665?s=96&d=mm&r=g","contentUrl":"https:\/\/secure.gravatar.com\/avatar\/ca2e4cb40c39e0d0bee2b480a0b1693f2920bad4758fd663c8d874d0051d7665?s=96&d=mm&r=g","caption":"Lucas Silva"},"description":"\ud83d\udc49 Ol\u00e1, meu nome \u00e9 Lucas Silva, editor do portal CamarasMunicipal.com.br. Sou especializado em concursos p\u00fablicos, trazendo not\u00edcias atualizadas, editais e oportunidades em todo o Brasil.","sameAs":["https:\/\/www.camaramunicipal.com.br\/agenda\/"],"url":"https:\/\/www.camarasmunicipal.com.br\/agenda\/author\/encontra\/"}]}},"_links":{"self":[{"href":"https:\/\/www.camarasmunicipal.com.br\/agenda\/wp-json\/wp\/v2\/posts\/2781","targetHints":{"allow":["GET"]}}],"collection":[{"href":"https:\/\/www.camarasmunicipal.com.br\/agenda\/wp-json\/wp\/v2\/posts"}],"about":[{"href":"https:\/\/www.camarasmunicipal.com.br\/agenda\/wp-json\/wp\/v2\/types\/post"}],"author":[{"embeddable":true,"href":"https:\/\/www.camarasmunicipal.com.br\/agenda\/wp-json\/wp\/v2\/users\/1"}],"replies":[{"embeddable":true,"href":"https:\/\/www.camarasmunicipal.com.br\/agenda\/wp-json\/wp\/v2\/comments?post=2781"}],"version-history":[{"count":0,"href":"https:\/\/www.camarasmunicipal.com.br\/agenda\/wp-json\/wp\/v2\/posts\/2781\/revisions"}],"wp:featuredmedia":[{"embeddable":true,"href":"https:\/\/www.camarasmunicipal.com.br\/agenda\/wp-json\/wp\/v2\/media\/2780"}],"wp:attachment":[{"href":"https:\/\/www.camarasmunicipal.com.br\/agenda\/wp-json\/wp\/v2\/media?parent=2781"}],"wp:term":[{"taxonomy":"category","embeddable":true,"href":"https:\/\/www.camarasmunicipal.com.br\/agenda\/wp-json\/wp\/v2\/categories?post=2781"},{"taxonomy":"post_tag","embeddable":true,"href":"https:\/\/www.camarasmunicipal.com.br\/agenda\/wp-json\/wp\/v2\/tags?post=2781"}],"curies":[{"name":"wp","href":"https:\/\/api.w.org\/{rel}","templated":true}]}}