{"id":2534,"date":"2026-05-05T14:43:16","date_gmt":"2026-05-05T17:43:16","guid":{"rendered":"https:\/\/www.camarasmunicipal.com.br\/agenda\/concursos-2026-22-editais-previstos-para-maio\/"},"modified":"2026-05-05T14:43:16","modified_gmt":"2026-05-05T17:43:16","slug":"concursos-2026-22-editais-previstos-para-maio","status":"publish","type":"post","link":"https:\/\/www.camarasmunicipal.com.br\/agenda\/concursos-2026-22-editais-previstos-para-maio\/","title":{"rendered":"Concursos 2026: 22 editais previstos para maio"},"content":{"rendered":"<h2>O que esperar dos concursos de maio de 2026<\/h2>\n<p>Maio de 2026 promete ser um m\u00eas repleto de oportunidades na \u00e1rea de concursos p\u00fablicos. Com o aumento do n\u00famero de editais previstos, candidatos de diversas \u00e1reas devem se preparar para uma variedade de vagas e a chance de conquistar uma posi\u00e7\u00e3o est\u00e1vel no servi\u00e7o p\u00fablico. Os editais j\u00e1 anunciados mostram que h\u00e1 uma inten\u00e7\u00e3o clara de refor\u00e7ar os quadros de diversas institui\u00e7\u00f5es, inclusive nas \u00e1reas de seguran\u00e7a p\u00fablica, tribunais, sa\u00fade e fiscaliza\u00e7\u00e3o.<\/p>\n<h2>Principais \u00e1reas com editais previstos<\/h2>\n<p>Os editais abertos para maio abrangem \u00e1reas essenciais do setor p\u00fablico. Algumas das principais s\u00e3o:<\/p>\n<ul>\n<li><strong>Seguran\u00e7a P\u00fablica:<\/strong> Inclui concursos para pol\u00edcias militares, civis e penitenci\u00e1rias, que t\u00eam demanda constante por novos profissionais.<\/li>\n<li><strong>Tribunais e Minist\u00e9rios P\u00fablicos:<\/strong> Editais para cargos em tribunais de justi\u00e7a e minist\u00e9rios p\u00fablicos s\u00e3o frequentemente esperados, visando manter a efic\u00e1cia dos servi\u00e7os jur\u00eddicos.<\/li>\n<li><strong>Sa\u00fade:<\/strong> Com a crescente demanda por profissionais de sa\u00fade, especialmente ap\u00f3s a pandemia, concursos nesta \u00e1rea t\u00eam sido fundamentais.<\/li>\n<li><strong>Fiscaliza\u00e7\u00e3o e Gest\u00e3o:<\/strong> Vagas para auditores fiscais e outras fun\u00e7\u00f5es administrativas s\u00e3o frequentemente abertas para garantir a boa gest\u00e3o dos recursos p\u00fablicos.<\/li>\n<\/ul>\n<h2>Como se preparar para os novos editais<\/h2>\n<p>A prepara\u00e7\u00e3o para concursos deve ser feita com anteced\u00eancia e planejamento. Aqui est\u00e3o algumas dicas para os candidatos:<\/p>\n<p><img decoding=\"async\" src=\"https:\/\/www.camarasmunicipal.com.br\/agenda\/content-wp\/uploads\/2026\/05\/concursos-2026-22-editais-previstos-para-maio.webp\" alt=\"concursos 2026\" loading=\"lazy\" \/><\/p>\n<ul>\n<li><strong>Estudo Regular:<\/strong> Crie um cronograma de estudos que permita a revis\u00e3o peri\u00f3dica dos conte\u00fados.<\/li>\n<li><strong>Material de Qualidade:<\/strong> Utilize livros, cursos online e apostilas que sejam reconhecidos por suas abordagens pr\u00e1ticas e te\u00f3ricas.<\/li>\n<li><strong>Simulados:<\/strong> Realizar simulados ajuda na familiariza\u00e7\u00e3o com o formato das provas e auxilia na identifica\u00e7\u00e3o de pontos que precisam de mais aten\u00e7\u00e3o.<\/li>\n<\/ul>\n<h2>Vantagens de participar de concursos p\u00fablicos<\/h2>\n<p>A participa\u00e7\u00e3o em concursos p\u00fablicos traz diversas vantagens, como:<\/p>\n<ul>\n<li><strong>Estabilidade:<\/strong> Um dos principais atrativos \u00e9 a estabilidade emocional e financeira, tornando-se um emprego desejado por muitos.<\/li>\n<li><strong>Benef\u00edcios:<\/strong> A maioria das vagas oferece benef\u00edcios como plano de sa\u00fade, aposentadoria e f\u00e9rias.<\/li>\n<li><strong>Oportunidade de Crescimento:<\/strong> Candidatos podem ter acesso a treinamentos e possibilidade de progress\u00e3o na carreira.<\/li>\n<\/ul>\n<h2>Dados sobre vagas e sal\u00e1rios<\/h2>\n<p>Os concursos de maio de 2026 prometem uma quantidade consider\u00e1vel de vagas oferecidas, variando por cargo e institui\u00e7\u00e3o. Por exemplo, alguns editais j\u00e1 divulgados oferecem:<\/p>\n<ul>\n<li><strong>Concurso PM ES:<\/strong> 1.008 vagas com sal\u00e1rio de R$ 5.520,63.<\/li>\n<li><strong>Concurso TJ CE:<\/strong> 130 vagas com sal\u00e1rios variando de R$ 5.125,10 a R$ 8.408,80.<\/li>\n<li><strong>Concurso Sefaz DF:<\/strong> 115 vagas com sal\u00e1rio de R$ 21.849,14.<\/li>\n<\/ul>\n<h2>Cargos mais procurados nos concursos<\/h2>\n<p>A demanda por determinados cargos tende a ser maior a cada concurso. Aqui est\u00e3o alguns dos mais procurados:<\/p>\n<ul>\n<li><strong>Policial Militar:<\/strong> Grande procura devido \u00e0 estabilidade e benef\u00edcios.<\/li>\n<li><strong>Auditor Fiscal:<\/strong> Com \u00f3timos sal\u00e1rios, \u00e9 um dos cargos mais almejados nas \u00e1reas de fiscaliza\u00e7\u00e3o e controle.<\/li>\n<li><strong>Analista em Sa\u00fade:<\/strong> A import\u00e2ncia crescente dos servi\u00e7os de sa\u00fade tamb\u00e9m reflete na busca por profissionais qualificados nesta \u00e1rea.<\/li>\n<\/ul>\n<h2>Dicas para agilizar o seu estudo<\/h2>\n<p>Para otimizar o tempo de estudo, produza um plano disciplinado e siga as dicas abaixo:<\/p>\n<ul>\n<li><strong>Defina Prioridades:<\/strong> Foque em conte\u00fados mais relevantes e mais frequentes nas provas.<\/li>\n<li><strong>Utilize Tecnologias:<\/strong> Aplicativos e plataformas de estudo online podem facilitar a aprendizagem e organiza\u00e7\u00e3o.<\/li>\n<li><strong>Estude com um Grupo:<\/strong> Trocar experi\u00eancias e materiais com colegas pode trazer novos insights e motiva\u00e7\u00e3o.<\/li>\n<\/ul>\n<h2>Import\u00e2ncia de seguir as mudan\u00e7as nas regras<\/h2>\n<p>Os concursos p\u00fablicos est\u00e3o sujeitos a mudan\u00e7as nas normas e exig\u00eancias, o que torna fundamental para os candidatos:<\/p>\n<ul>\n<li><strong>Acompanhar Editais:<\/strong> Novas informa\u00e7\u00f5es, como mudan\u00e7as em prazos e requisitos de forma\u00e7\u00e3o, podem impactar a prepara\u00e7\u00e3o.<\/li>\n<li><strong>Participar de Webinars:<\/strong> Muitas institui\u00e7\u00f5es oferecem encontros online que podem esclarecer sobre as mudan\u00e7as.<\/li>\n<\/ul>\n<h2>Plataformas e materiais de estudo recomendados<\/h2>\n<p>Existem diversas plataformas e materiais que auxiliam na prepara\u00e7\u00e3o para os concursos. Algumas recomendadas incluem:<\/p>\n<ul>\n<li><strong>Estrat\u00e9gia Concursos:<\/strong> Oferece cursos completos e atualiza\u00e7\u00f5es para candidatos.<\/li>\n<li><strong>Alura e Udemy:<\/strong> Plataformas que disponibilizam cursos de diversas \u00e1reas, incluindo legisla\u00e7\u00e3o e \u00e9tica no servi\u00e7o p\u00fablico.<\/li>\n<li><strong>Grupos de Estudo no WhatsApp:<\/strong> Ajuda a manter o foco e a troca de informa\u00e7\u00f5es entre candidatos.<\/li>\n<\/ul>\n<h2>Depoimentos de aprovados em concursos anteriores<\/h2>\n<p>Hist\u00f3rias de sucesso podem motivar candidatos. Muitos aprovados destacam a import\u00e2ncia do planejamento e da persist\u00eancia. Acompanhar as experi\u00eancias de outros pode dar for\u00e7a e estrat\u00e9gias para os novos desafios.<\/p>\n<p>Divulgar os depoimentos de quem j\u00e1 conquistou uma vaga pode inspirar confian\u00e7a e reafirmar que a dedica\u00e7\u00e3o no preparo \u00e9 recompensada. <\/p>\n","protected":false},"excerpt":{"rendered":"<p>Concursos 2026 trazem 22 editais imperd\u00edveis para maio. Saiba mais!<\/p>\n","protected":false},"author":1,"featured_media":2533,"comment_status":"closed","ping_status":"","sticky":false,"template":"","format":"standard","meta":{"footnotes":""},"categories":[8],"tags":[],"class_list":["post-2534","post","type-post","status-publish","format-standard","has-post-thumbnail","hentry","category-concurso-publico","has_thumb"],"yoast_head":"<!-- This site is optimized with the Yoast SEO plugin v27.0 - https:\/\/yoast.com\/product\/yoast-seo-wordpress\/ -->\n<title>Concursos 2026: 22 editais previstos para maio - C\u00e2maraMunicipal.com.br<\/title>\n<meta name=\"robots\" content=\"index, follow, max-snippet:-1, max-image-preview:large, max-video-preview:-1\" \/>\n<link rel=\"canonical\" href=\"https:\/\/www.camarasmunicipal.com.br\/agenda\/concursos-2026-22-editais-previstos-para-maio\/\" \/>\n<meta property=\"og:locale\" content=\"pt_BR\" \/>\n<meta property=\"og:type\" content=\"article\" \/>\n<meta property=\"og:title\" content=\"Concursos 2026: 22 editais previstos para maio - C\u00e2maraMunicipal.com.br\" \/>\n<meta property=\"og:description\" content=\"Concursos 2026 trazem 22 editais imperd\u00edveis para maio. Saiba mais!\" \/>\n<meta property=\"og:url\" content=\"https:\/\/www.camarasmunicipal.com.br\/agenda\/concursos-2026-22-editais-previstos-para-maio\/\" \/>\n<meta property=\"og:site_name\" content=\"C\u00e2maraMunicipal.com.br\" \/>\n<meta property=\"article:published_time\" content=\"2026-05-05T17:43:16+00:00\" \/>\n<meta property=\"og:image\" content=\"https:\/\/www.camarasmunicipal.com.br\/agenda\/content-wp\/uploads\/2026\/05\/banner-concurso-3.webp\" \/>\n\t<meta property=\"og:image:width\" content=\"1\" \/>\n\t<meta property=\"og:image:height\" content=\"1\" \/>\n\t<meta property=\"og:image:type\" content=\"image\/webp\" \/>\n<meta name=\"author\" content=\"Lucas Silva\" \/>\n<meta name=\"twitter:card\" content=\"summary_large_image\" \/>\n<meta name=\"twitter:label1\" content=\"Escrito por\" \/>\n\t<meta name=\"twitter:data1\" content=\"Lucas Silva\" \/>\n\t<meta name=\"twitter:label2\" content=\"Est. tempo de leitura\" \/>\n\t<meta name=\"twitter:data2\" content=\"4 minutos\" \/>\n<script type=\"application\/ld+json\" class=\"yoast-schema-graph\">{\"@context\":\"https:\/\/schema.org\",\"@graph\":[{\"@type\":\"Article\",\"@id\":\"https:\/\/www.camarasmunicipal.com.br\/agenda\/concursos-2026-22-editais-previstos-para-maio\/#article\",\"isPartOf\":{\"@id\":\"https:\/\/www.camarasmunicipal.com.br\/agenda\/concursos-2026-22-editais-previstos-para-maio\/\"},\"author\":{\"name\":\"Lucas Silva\",\"@id\":\"https:\/\/www.camaramunicipal.com.br\/agenda\/#\/schema\/person\/b33233bc7bcf00f56cf13c5e8705b814\"},\"headline\":\"Concursos 2026: 22 editais previstos para maio\",\"datePublished\":\"2026-05-05T17:43:16+00:00\",\"mainEntityOfPage\":{\"@id\":\"https:\/\/www.camarasmunicipal.com.br\/agenda\/concursos-2026-22-editais-previstos-para-maio\/\"},\"wordCount\":791,\"image\":{\"@id\":\"https:\/\/www.camarasmunicipal.com.br\/agenda\/concursos-2026-22-editais-previstos-para-maio\/#primaryimage\"},\"thumbnailUrl\":\"https:\/\/www.camarasmunicipal.com.br\/agenda\/content-wp\/uploads\/2026\/05\/concursos-2026-22-editais-previstos-para-maio.webp\",\"articleSection\":[\"Concurso P\u00fablico\"],\"inLanguage\":\"pt-BR\"},{\"@type\":\"WebPage\",\"@id\":\"https:\/\/www.camarasmunicipal.com.br\/agenda\/concursos-2026-22-editais-previstos-para-maio\/\",\"url\":\"https:\/\/www.camarasmunicipal.com.br\/agenda\/concursos-2026-22-editais-previstos-para-maio\/\",\"name\":\"Concursos 2026: 22 editais previstos para maio - C\u00e2maraMunicipal.com.br\",\"isPartOf\":{\"@id\":\"https:\/\/www.camaramunicipal.com.br\/agenda\/#website\"},\"primaryImageOfPage\":{\"@id\":\"https:\/\/www.camarasmunicipal.com.br\/agenda\/concursos-2026-22-editais-previstos-para-maio\/#primaryimage\"},\"image\":{\"@id\":\"https:\/\/www.camarasmunicipal.com.br\/agenda\/concursos-2026-22-editais-previstos-para-maio\/#primaryimage\"},\"thumbnailUrl\":\"https:\/\/www.camarasmunicipal.com.br\/agenda\/content-wp\/uploads\/2026\/05\/concursos-2026-22-editais-previstos-para-maio.webp\",\"datePublished\":\"2026-05-05T17:43:16+00:00\",\"author\":{\"@id\":\"https:\/\/www.camaramunicipal.com.br\/agenda\/#\/schema\/person\/b33233bc7bcf00f56cf13c5e8705b814\"},\"breadcrumb\":{\"@id\":\"https:\/\/www.camarasmunicipal.com.br\/agenda\/concursos-2026-22-editais-previstos-para-maio\/#breadcrumb\"},\"inLanguage\":\"pt-BR\",\"potentialAction\":[{\"@type\":\"ReadAction\",\"target\":[\"https:\/\/www.camarasmunicipal.com.br\/agenda\/concursos-2026-22-editais-previstos-para-maio\/\"]}]},{\"@type\":\"ImageObject\",\"inLanguage\":\"pt-BR\",\"@id\":\"https:\/\/www.camarasmunicipal.com.br\/agenda\/concursos-2026-22-editais-previstos-para-maio\/#primaryimage\",\"url\":\"https:\/\/www.camarasmunicipal.com.br\/agenda\/content-wp\/uploads\/2026\/05\/concursos-2026-22-editais-previstos-para-maio.webp\",\"contentUrl\":\"https:\/\/www.camarasmunicipal.com.br\/agenda\/content-wp\/uploads\/2026\/05\/concursos-2026-22-editais-previstos-para-maio.webp\",\"width\":280,\"height\":280,\"caption\":\"concursos 2026\"},{\"@type\":\"BreadcrumbList\",\"@id\":\"https:\/\/www.camarasmunicipal.com.br\/agenda\/concursos-2026-22-editais-previstos-para-maio\/#breadcrumb\",\"itemListElement\":[{\"@type\":\"ListItem\",\"position\":1,\"name\":\"In\u00edcio\",\"item\":\"https:\/\/www.camaramunicipal.com.br\/agenda\/\"},{\"@type\":\"ListItem\",\"position\":2,\"name\":\"Concursos 2026: 22 editais previstos para maio\"}]},{\"@type\":\"WebSite\",\"@id\":\"https:\/\/www.camaramunicipal.com.br\/agenda\/#website\",\"url\":\"https:\/\/www.camaramunicipal.com.br\/agenda\/\",\"name\":\"C\u00e2maraMunicipal.com.br\",\"description\":\"C\u00e2mara Municipal\",\"potentialAction\":[{\"@type\":\"SearchAction\",\"target\":{\"@type\":\"EntryPoint\",\"urlTemplate\":\"https:\/\/www.camaramunicipal.com.br\/agenda\/?s={search_term_string}\"},\"query-input\":{\"@type\":\"PropertyValueSpecification\",\"valueRequired\":true,\"valueName\":\"search_term_string\"}}],\"inLanguage\":\"pt-BR\"},{\"@type\":\"Person\",\"@id\":\"https:\/\/www.camaramunicipal.com.br\/agenda\/#\/schema\/person\/b33233bc7bcf00f56cf13c5e8705b814\",\"name\":\"Lucas Silva\",\"image\":{\"@type\":\"ImageObject\",\"inLanguage\":\"pt-BR\",\"@id\":\"https:\/\/www.camaramunicipal.com.br\/agenda\/#\/schema\/person\/image\/\",\"url\":\"https:\/\/secure.gravatar.com\/avatar\/ca2e4cb40c39e0d0bee2b480a0b1693f2920bad4758fd663c8d874d0051d7665?s=96&d=mm&r=g\",\"contentUrl\":\"https:\/\/secure.gravatar.com\/avatar\/ca2e4cb40c39e0d0bee2b480a0b1693f2920bad4758fd663c8d874d0051d7665?s=96&d=mm&r=g\",\"caption\":\"Lucas Silva\"},\"description\":\"\ud83d\udc49 Ol\u00e1, meu nome \u00e9 Lucas Silva, editor do portal CamarasMunicipal.com.br. Sou especializado em concursos p\u00fablicos, trazendo not\u00edcias atualizadas, editais e oportunidades em todo o Brasil.\",\"sameAs\":[\"https:\/\/www.camaramunicipal.com.br\/agenda\/\"],\"url\":\"https:\/\/www.camarasmunicipal.com.br\/agenda\/author\/encontra\/\"}]}<\/script>\n<!-- \/ Yoast SEO plugin. -->","yoast_head_json":{"title":"Concursos 2026: 22 editais previstos para maio - C\u00e2maraMunicipal.com.br","robots":{"index":"index","follow":"follow","max-snippet":"max-snippet:-1","max-image-preview":"max-image-preview:large","max-video-preview":"max-video-preview:-1"},"canonical":"https:\/\/www.camarasmunicipal.com.br\/agenda\/concursos-2026-22-editais-previstos-para-maio\/","og_locale":"pt_BR","og_type":"article","og_title":"Concursos 2026: 22 editais previstos para maio - C\u00e2maraMunicipal.com.br","og_description":"Concursos 2026 trazem 22 editais imperd\u00edveis para maio. Saiba mais!","og_url":"https:\/\/www.camarasmunicipal.com.br\/agenda\/concursos-2026-22-editais-previstos-para-maio\/","og_site_name":"C\u00e2maraMunicipal.com.br","article_published_time":"2026-05-05T17:43:16+00:00","og_image":[{"url":"https:\/\/www.camarasmunicipal.com.br\/agenda\/content-wp\/uploads\/2026\/05\/banner-concurso-3.webp","width":1,"height":1,"type":"image\/webp"}],"author":"Lucas Silva","twitter_card":"summary_large_image","twitter_misc":{"Escrito por":"Lucas Silva","Est. tempo de leitura":"4 minutos"},"schema":{"@context":"https:\/\/schema.org","@graph":[{"@type":"Article","@id":"https:\/\/www.camarasmunicipal.com.br\/agenda\/concursos-2026-22-editais-previstos-para-maio\/#article","isPartOf":{"@id":"https:\/\/www.camarasmunicipal.com.br\/agenda\/concursos-2026-22-editais-previstos-para-maio\/"},"author":{"name":"Lucas Silva","@id":"https:\/\/www.camaramunicipal.com.br\/agenda\/#\/schema\/person\/b33233bc7bcf00f56cf13c5e8705b814"},"headline":"Concursos 2026: 22 editais previstos para maio","datePublished":"2026-05-05T17:43:16+00:00","mainEntityOfPage":{"@id":"https:\/\/www.camarasmunicipal.com.br\/agenda\/concursos-2026-22-editais-previstos-para-maio\/"},"wordCount":791,"image":{"@id":"https:\/\/www.camarasmunicipal.com.br\/agenda\/concursos-2026-22-editais-previstos-para-maio\/#primaryimage"},"thumbnailUrl":"https:\/\/www.camarasmunicipal.com.br\/agenda\/content-wp\/uploads\/2026\/05\/concursos-2026-22-editais-previstos-para-maio.webp","articleSection":["Concurso P\u00fablico"],"inLanguage":"pt-BR"},{"@type":"WebPage","@id":"https:\/\/www.camarasmunicipal.com.br\/agenda\/concursos-2026-22-editais-previstos-para-maio\/","url":"https:\/\/www.camarasmunicipal.com.br\/agenda\/concursos-2026-22-editais-previstos-para-maio\/","name":"Concursos 2026: 22 editais previstos para maio - C\u00e2maraMunicipal.com.br","isPartOf":{"@id":"https:\/\/www.camaramunicipal.com.br\/agenda\/#website"},"primaryImageOfPage":{"@id":"https:\/\/www.camarasmunicipal.com.br\/agenda\/concursos-2026-22-editais-previstos-para-maio\/#primaryimage"},"image":{"@id":"https:\/\/www.camarasmunicipal.com.br\/agenda\/concursos-2026-22-editais-previstos-para-maio\/#primaryimage"},"thumbnailUrl":"https:\/\/www.camarasmunicipal.com.br\/agenda\/content-wp\/uploads\/2026\/05\/concursos-2026-22-editais-previstos-para-maio.webp","datePublished":"2026-05-05T17:43:16+00:00","author":{"@id":"https:\/\/www.camaramunicipal.com.br\/agenda\/#\/schema\/person\/b33233bc7bcf00f56cf13c5e8705b814"},"breadcrumb":{"@id":"https:\/\/www.camarasmunicipal.com.br\/agenda\/concursos-2026-22-editais-previstos-para-maio\/#breadcrumb"},"inLanguage":"pt-BR","potentialAction":[{"@type":"ReadAction","target":["https:\/\/www.camarasmunicipal.com.br\/agenda\/concursos-2026-22-editais-previstos-para-maio\/"]}]},{"@type":"ImageObject","inLanguage":"pt-BR","@id":"https:\/\/www.camarasmunicipal.com.br\/agenda\/concursos-2026-22-editais-previstos-para-maio\/#primaryimage","url":"https:\/\/www.camarasmunicipal.com.br\/agenda\/content-wp\/uploads\/2026\/05\/concursos-2026-22-editais-previstos-para-maio.webp","contentUrl":"https:\/\/www.camarasmunicipal.com.br\/agenda\/content-wp\/uploads\/2026\/05\/concursos-2026-22-editais-previstos-para-maio.webp","width":280,"height":280,"caption":"concursos 2026"},{"@type":"BreadcrumbList","@id":"https:\/\/www.camarasmunicipal.com.br\/agenda\/concursos-2026-22-editais-previstos-para-maio\/#breadcrumb","itemListElement":[{"@type":"ListItem","position":1,"name":"In\u00edcio","item":"https:\/\/www.camaramunicipal.com.br\/agenda\/"},{"@type":"ListItem","position":2,"name":"Concursos 2026: 22 editais previstos para maio"}]},{"@type":"WebSite","@id":"https:\/\/www.camaramunicipal.com.br\/agenda\/#website","url":"https:\/\/www.camaramunicipal.com.br\/agenda\/","name":"C\u00e2maraMunicipal.com.br","description":"C\u00e2mara Municipal","potentialAction":[{"@type":"SearchAction","target":{"@type":"EntryPoint","urlTemplate":"https:\/\/www.camaramunicipal.com.br\/agenda\/?s={search_term_string}"},"query-input":{"@type":"PropertyValueSpecification","valueRequired":true,"valueName":"search_term_string"}}],"inLanguage":"pt-BR"},{"@type":"Person","@id":"https:\/\/www.camaramunicipal.com.br\/agenda\/#\/schema\/person\/b33233bc7bcf00f56cf13c5e8705b814","name":"Lucas Silva","image":{"@type":"ImageObject","inLanguage":"pt-BR","@id":"https:\/\/www.camaramunicipal.com.br\/agenda\/#\/schema\/person\/image\/","url":"https:\/\/secure.gravatar.com\/avatar\/ca2e4cb40c39e0d0bee2b480a0b1693f2920bad4758fd663c8d874d0051d7665?s=96&d=mm&r=g","contentUrl":"https:\/\/secure.gravatar.com\/avatar\/ca2e4cb40c39e0d0bee2b480a0b1693f2920bad4758fd663c8d874d0051d7665?s=96&d=mm&r=g","caption":"Lucas Silva"},"description":"\ud83d\udc49 Ol\u00e1, meu nome \u00e9 Lucas Silva, editor do portal CamarasMunicipal.com.br. Sou especializado em concursos p\u00fablicos, trazendo not\u00edcias atualizadas, editais e oportunidades em todo o Brasil.","sameAs":["https:\/\/www.camaramunicipal.com.br\/agenda\/"],"url":"https:\/\/www.camarasmunicipal.com.br\/agenda\/author\/encontra\/"}]}},"_links":{"self":[{"href":"https:\/\/www.camarasmunicipal.com.br\/agenda\/wp-json\/wp\/v2\/posts\/2534","targetHints":{"allow":["GET"]}}],"collection":[{"href":"https:\/\/www.camarasmunicipal.com.br\/agenda\/wp-json\/wp\/v2\/posts"}],"about":[{"href":"https:\/\/www.camarasmunicipal.com.br\/agenda\/wp-json\/wp\/v2\/types\/post"}],"author":[{"embeddable":true,"href":"https:\/\/www.camarasmunicipal.com.br\/agenda\/wp-json\/wp\/v2\/users\/1"}],"replies":[{"embeddable":true,"href":"https:\/\/www.camarasmunicipal.com.br\/agenda\/wp-json\/wp\/v2\/comments?post=2534"}],"version-history":[{"count":0,"href":"https:\/\/www.camarasmunicipal.com.br\/agenda\/wp-json\/wp\/v2\/posts\/2534\/revisions"}],"wp:featuredmedia":[{"embeddable":true,"href":"https:\/\/www.camarasmunicipal.com.br\/agenda\/wp-json\/wp\/v2\/media\/2533"}],"wp:attachment":[{"href":"https:\/\/www.camarasmunicipal.com.br\/agenda\/wp-json\/wp\/v2\/media?parent=2534"}],"wp:term":[{"taxonomy":"category","embeddable":true,"href":"https:\/\/www.camarasmunicipal.com.br\/agenda\/wp-json\/wp\/v2\/categories?post=2534"},{"taxonomy":"post_tag","embeddable":true,"href":"https:\/\/www.camarasmunicipal.com.br\/agenda\/wp-json\/wp\/v2\/tags?post=2534"}],"curies":[{"name":"wp","href":"https:\/\/api.w.org\/{rel}","templated":true}]}}